{"id":53035,"date":"2025-12-02T20:30:10","date_gmt":"2025-12-02T20:30:10","guid":{"rendered":"https:\/\/www.europesays.com\/lt\/53035\/"},"modified":"2025-12-02T20:30:10","modified_gmt":"2025-12-02T20:30:10","slug":"futbolininkai-rygoje-idarbino-kumscius-vienas-nokautuotas","status":"publish","type":"post","link":"https:\/\/www.europesays.com\/lt\/53035\/","title":{"rendered":"Futbolininkai Rygoje \u012fdarbino kum\u0161\u010dius, vienas \u2013 nokautuotas"},"content":{"rendered":"<p class=\"western\">Incidentas u\u017etemd\u0117 Rygos pirmenybi\u0173 ma\u010d\u0105 tarp \u201eOB Serviss\u201c ir \u201eVanga\u017ei\/Ropa\u017ei\u201c ekip\u0173.<\/p>\n<p class=\"western\">Po grubios pra\u017eangos prie\u0161 vien\u0105 i\u0161 \u017eaid\u0117j\u0173 kilo \u017eodinis konfliktas, veikiai peraug\u0119s \u012f smurto protr\u016bk\u012f.<\/p>\n<p class=\"western\">Kum\u0161\u010diais mojavo ir futbolininkai, ir kiti asmenys \u2013 vienas \u201eVanga\u017ei\/Ropa\u017ei\u201c atstovas smog\u0117 \u201eOB Serviss\u201c \u017eaid\u0117jui \u012f galv\u0105 ir paliko j\u012f gulint\u012f ant grind\u0173.<\/p>\n<p class=\"western\">Teis\u0117jas apdalino aktyviausius mu\u0161eikas raudonomis kortel\u0117mis, ta\u010diau leido t\u0119sti rungtynes. Jas 11:4 laim\u0117jo \u201eOB Serviss\u201c.<\/p>\n<p class=\"western\">\u201eKategori\u0161kai smerkiame chuliganizm\u0105, kur\u012f pamat\u0117me. Med\u017eiaga vertinama, informuosime apie priimtus sprendimus. Taip pat j\u0105 perdav\u0117me policijai. Tokiems \u017emon\u0117ms n\u0117ra vietos futbole\u201c, \u2013 prane\u0161\u0117 Latvijos futbolo federacijos prezidentas Vadimas La\u0161enka.<\/p>\n","protected":false},"excerpt":{"rendered":"Incidentas u\u017etemd\u0117 Rygos pirmenybi\u0173 ma\u010d\u0105 tarp \u201eOB Serviss\u201c ir \u201eVanga\u017ei\/Ropa\u017ei\u201c ekip\u0173. Po grubios pra\u017eangos prie\u0161 vien\u0105 i\u0161 \u017eaid\u0117j\u0173&hellip;\n","protected":false},"author":2,"featured_media":53036,"comment_status":"","ping_status":"","sticky":false,"template":"","format":"standard","meta":{"footnotes":""},"categories":[19],"tags":[2152,2151,2157,172,2156,2155,37,39,36,38,40,2153,47,104,2154],"class_list":{"0":"post-53035","1":"post","2":"type-post","3":"status-publish","4":"format-standard","5":"has-post-thumbnail","7":"category-sportas","8":"tag-futbolas","9":"tag-ivartis","10":"tag-kamuolys","11":"tag-krepsinis","12":"tag-krepsys","13":"tag-lankas","14":"tag-lietuva","15":"tag-lietuviu","16":"tag-lithuania","17":"tag-lithuanian","18":"tag-lt","19":"tag-rankinis","20":"tag-sportas","21":"tag-sports","22":"tag-vartai"},"share_on_mastodon":{"url":"https:\/\/pubeurope.com\/@lt\/115651872256461163","error":""},"_links":{"self":[{"href":"https:\/\/www.europesays.com\/lt\/wp-json\/wp\/v2\/posts\/53035","targetHints":{"allow":["GET"]}}],"collection":[{"href":"https:\/\/www.europesays.com\/lt\/wp-json\/wp\/v2\/posts"}],"about":[{"href":"https:\/\/www.europesays.com\/lt\/wp-json\/wp\/v2\/types\/post"}],"author":[{"embeddable":true,"href":"https:\/\/www.europesays.com\/lt\/wp-json\/wp\/v2\/users\/2"}],"replies":[{"embeddable":true,"href":"https:\/\/www.europesays.com\/lt\/wp-json\/wp\/v2\/comments?post=53035"}],"version-history":[{"count":0,"href":"https:\/\/www.europesays.com\/lt\/wp-json\/wp\/v2\/posts\/53035\/revisions"}],"wp:featuredmedia":[{"embeddable":true,"href":"https:\/\/www.europesays.com\/lt\/wp-json\/wp\/v2\/media\/53036"}],"wp:attachment":[{"href":"https:\/\/www.europesays.com\/lt\/wp-json\/wp\/v2\/media?parent=53035"}],"wp:term":[{"taxonomy":"category","embeddable":true,"href":"https:\/\/www.europesays.com\/lt\/wp-json\/wp\/v2\/categories?post=53035"},{"taxonomy":"post_tag","embeddable":true,"href":"https:\/\/www.europesays.com\/lt\/wp-json\/wp\/v2\/tags?post=53035"}],"curies":[{"name":"wp","href":"https:\/\/api.w.org\/{rel}","templated":true}]}}