{"id":53046,"date":"2025-12-02T20:45:21","date_gmt":"2025-12-02T20:45:21","guid":{"rendered":"https:\/\/www.europesays.com\/lt\/53046\/"},"modified":"2025-12-02T20:45:21","modified_gmt":"2025-12-02T20:45:21","slug":"kontrabandos-dronais-byloje-kaltinami-ir-du-pasienieciai-respublika-lt","status":"publish","type":"post","link":"https:\/\/www.europesays.com\/lt\/53046\/","title":{"rendered":"Kontrabandos dronais byloje kaltinami ir du pasienie\u010diai &#8211; Respublika.lt"},"content":{"rendered":"<p style=\"text-align: justify;\" class=\"desktop_banner\">\u00a0<\/p>\n<p>Kauno apygardos prokurat\u016bra antradien\u012f informavo, kad teismui perdav\u0117 baud\u017eiam\u0105j\u0105 byl\u0105, kurioje bendrinink\u0173 grup\u0119 galimai sudar\u0119 \u0161e\u0161i asmenys kaltinami kontrabanda ir neteis\u0117tu disponavimu akcizais apmokestinamomis prek\u0117mis. Du i\u0161 kaltinam\u0173j\u0173 taip pat kaltinami ir piktnaud\u017eiavimu tarnybine pad\u0117timi.<\/p>\n<p>Ikiteisminio tyrimo duomenimis, pernai spalio 27-osios nakt\u012f kaltinamieji, pasiskirst\u0119 vaidmenimis ir veikdami kartu su bendrininkais Baltarusijoje, dronais per valstyb\u0117s sien\u0105 i\u0161 kaimynin\u0117s \u0161alies \u012f Lietuvoje sutart\u0105 viet\u0105 gabeno baltarusi\u0161komis banderol\u0117mis pa\u017eym\u0117tas cigaretes. \u012etariama, kad per kelis kartus buvo atgabenti 33 t\u016bkst. pakeli\u0173 cigare\u010di\u0173 \u201eQueen Menthol&#8221;, kuri\u0173 vert\u0117, \u012fskaitant mokes\u010dius, vir\u0161ija 148 t\u016bkst. eur\u0173.<\/p>\n<p>Anot prokurat\u016bros, duomenys leid\u017eia pagr\u012fstai manyti, kad bendrininkai pasirinko sodyb\u0105, kurioje laik\u0117 cigaretes, numat\u0117 priemones akcizini\u0173 preki\u0173 gabenimui &#8211; nepilotuojamas skraidykles, j\u0173 valdymo priemones, ry\u0161iui palaikyti skirt\u0105 \u012frang\u0105 ir kt.<\/p>\n<p>Remiantis bylos duomenimis, kaltinamieji A.N. ir R.P., \u0161iuo metu nuo tarnybos nu\u0161alinti VSAT jaunesnieji specialistai, spalio 27-osios nakt\u012f vykstant kontrabandini\u0173 cigare\u010di\u0173 gabenimui u\u017etikrino, jog pareig\u016bnai nusikaltimo vietoje nepatruliuot\u0173.<\/p>\n<p>Vienam i\u0161 kaltinam\u0173j\u0173 pateikti kaltinimai ir d\u0117l neteis\u0117to disponavimo \u0161aunamaisiais ginklais, \u0161audmenimis, sprogmenimis ar sprogstamosiomis med\u017eiagomis. Tyrimo duomenimis, kaltinamasis savo sodyboje netur\u0117damas leidimo laik\u0117 tinkam\u0105 \u0161audyti med\u017eioklin\u012f dvivamzd\u012f \u0161autuv\u0105, kur\u012f kratos metu rado ir pa\u0117m\u0117 VSAT pareig\u016bnai.<\/p>\n<p>\u0160ioje byloje Valstybin\u0117 mokes\u010di\u0173 inspekcija pateik\u0117 daugiau nei 93 t\u016bkst. eur\u0173 civilin\u012f ie\u0161kin\u012f.<\/p>\n<p>\u00a0<\/p>\n","protected":false},"excerpt":{"rendered":"\u00a0 Kauno apygardos prokurat\u016bra antradien\u012f informavo, kad teismui perdav\u0117 baud\u017eiam\u0105j\u0105 byl\u0105, kurioje bendrinink\u0173 grup\u0119 galimai sudar\u0119 \u0161e\u0161i asmenys&hellip;\n","protected":false},"author":2,"featured_media":53047,"comment_status":"","ping_status":"","sticky":false,"template":"","format":"standard","meta":{"footnotes":""},"categories":[13],"tags":[25,30,31,3158,267,34,35,24,2960,32,33,37,39,36,38,40,23,22,974,28,29,26,27,549],"class_list":{"0":"post-53046","1":"post","2":"type-post","3":"status-publish","4":"format-standard","5":"has-post-thumbnail","7":"category-lietuva","8":"tag-antrastes","9":"tag-breaking-news","10":"tag-breakingnews","11":"tag-byla","12":"tag-dronai","13":"tag-featured-news","14":"tag-featurednews","15":"tag-headlines","16":"tag-kontrabanda","17":"tag-latest-news","18":"tag-latestnews","19":"tag-lietuva","20":"tag-lietuviu","21":"tag-lithuania","22":"tag-lithuanian","23":"tag-lt","24":"tag-naujienos","25":"tag-news","26":"tag-pasienieciai","27":"tag-populiariausios-naujienos","28":"tag-populiariausiosnaujienos","29":"tag-top-stories","30":"tag-topstories","31":"tag-vsat"},"share_on_mastodon":{"url":"https:\/\/pubeurope.com\/@lt\/115651931207810445","error":""},"_links":{"self":[{"href":"https:\/\/www.europesays.com\/lt\/wp-json\/wp\/v2\/posts\/53046","targetHints":{"allow":["GET"]}}],"collection":[{"href":"https:\/\/www.europesays.com\/lt\/wp-json\/wp\/v2\/posts"}],"about":[{"href":"https:\/\/www.europesays.com\/lt\/wp-json\/wp\/v2\/types\/post"}],"author":[{"embeddable":true,"href":"https:\/\/www.europesays.com\/lt\/wp-json\/wp\/v2\/users\/2"}],"replies":[{"embeddable":true,"href":"https:\/\/www.europesays.com\/lt\/wp-json\/wp\/v2\/comments?post=53046"}],"version-history":[{"count":0,"href":"https:\/\/www.europesays.com\/lt\/wp-json\/wp\/v2\/posts\/53046\/revisions"}],"wp:featuredmedia":[{"embeddable":true,"href":"https:\/\/www.europesays.com\/lt\/wp-json\/wp\/v2\/media\/53047"}],"wp:attachment":[{"href":"https:\/\/www.europesays.com\/lt\/wp-json\/wp\/v2\/media?parent=53046"}],"wp:term":[{"taxonomy":"category","embeddable":true,"href":"https:\/\/www.europesays.com\/lt\/wp-json\/wp\/v2\/categories?post=53046"},{"taxonomy":"post_tag","embeddable":true,"href":"https:\/\/www.europesays.com\/lt\/wp-json\/wp\/v2\/tags?post=53046"}],"curies":[{"name":"wp","href":"https:\/\/api.w.org\/{rel}","templated":true}]}}