{"id":53058,"date":"2025-12-02T21:03:13","date_gmt":"2025-12-02T21:03:13","guid":{"rendered":"https:\/\/www.europesays.com\/lt\/53058\/"},"modified":"2025-12-02T21:03:13","modified_gmt":"2025-12-02T21:03:13","slug":"linava-kita-savaite-vezejai-planuoja-protestuoti-gedimino-prospekte-respublika-lt","status":"publish","type":"post","link":"https:\/\/www.europesays.com\/lt\/53058\/","title":{"rendered":"\u201eLinava\u201c: kit\u0105 savait\u0119 ve\u017e\u0117jai planuoja protestuoti Gedimino prospekte &#8211; Respublika.lt"},"content":{"rendered":"<p><img loading=\"lazy\" decoding=\"async\" src=\"https:\/\/www.respublika.lt\/lt\/naujienos\/lietuva\/kitos-lietuvos-zinios\/linavos-prezidentas-kita-savaite-vezejai-planuoja-protestuoti-gedimino-prospekte\/images\/ico_camera_white.gif\" class=\"camera\" width=\"22\" height=\"15\" alt=\"nuotr.\" style=\"position:relative; top:-2px; right:2px;\"\/> 1 nuotr.<\/p>\n<p>Ve\u017e\u0117j\u0173 protestas. Eltos nuotr.<\/p>\n<p style=\"text-align: justify;\" class=\"desktop_banner\">\u00a0<\/p>\n<p style=\"text-align: left;\">\u00a0<\/p>\n<p style=\"text-align: left;\">\u201eVe\u017e\u0117jai bruzda, pagrinde tie, kurie nepriklauso jokioms asociacijoms. Mat\u0117me, kad jie planavo blokuoti keli\u0105 M1\u00a0ties Marijampole. Tod\u0117l mes, bandydami nukreipti j\u0173 d\u0117mes\u012f, kad atsisakyt\u0173 toki\u0173 plan\u0173, rengsime taiki\u0105 akcij\u0105 Gedimino prospekte\u201c, \u2013 \u017eurnalistams sak\u0117 E. Mik\u0117nas.<\/p>\n<p style=\"text-align: left;\">\u201eEsame pateik\u0119 parai\u0161k\u0105 gruod\u017eio 10 dienai. Tre\u010diadien\u012f tarsim\u0117s Vyriausyb\u0117je, tad \u017ei\u016br\u0117sime, ar gausime t\u0105 dat\u0105\u201c, \u2013 teig\u0117 jis.<\/p>\n<p style=\"text-align: left;\">Anot \u201eLinavos\u201c prezidento, asociacijos pagrindinis tikslas yra, jog ve\u017e\u0117jai neblokuot\u0173 gatvi\u0173 ir taip netrukdyt\u0173 savo koleg\u0173 darbo, nesukelt\u0173 nepatogum\u0173 visuomenei.<\/p>\n<p style=\"text-align: left;\">\u201eI\u0161k\u0117l\u0117me klausim\u0105 nepriklausomiems ve\u017e\u0117jams \u2013 k\u0105 j\u016bs blokuosite ties Marijampole? Turb\u016bt tuos pa\u010dius savo kolegas, kurie va\u017eiuoja \u012f Vakar\u0173 Europ\u0105, arba sudarysime nepatogumus visuomenei, kurios nuomon\u0117 apie ve\u017e\u0117jus \u2013 ir taip prasta\u201c, \u2013 pripa\u017eino E. Mik\u0117nas.<\/p>\n<p style=\"text-align: left;\">Anot jo, nuo vilkik\u0173 kriz\u0117s prad\u017eios ve\u017e\u0117j\u0173 \u012fmoni\u0173 skai\u010diuojami nuostoliai jau siekia beveik 100 mln.\u00a0eur\u0173 ir auga kasdien.<\/p>\n<p style=\"text-align: left;\">\u201eProtestuoti nori tie, kurie negali susigr\u0105\u017einti savo transporto priemoni\u0173. Prad\u0117jome skai\u010diuoti nuostolius ir skai\u010diai yra siaubingi \u2013 art\u0117jame prie 100 mln.\u00a0eur\u0173 ir tas skai\u010dius kasdien did\u0117ja. Taip pat kasdien yra negaunamos pajamos \u2013 kiekvienas stovintis ir nedirbantis vilkikas \u012fprastai tur\u0117t\u0173 generuoti apie 10\u00a0t\u016bkst. eur\u0173 \u012fplauk\u0173 per dien\u0105\u201c, \u2013 tikino \u201eLinavos\u201c vadovas.<\/p>\n<p style=\"text-align: left;\">Primename, kad d\u0117l pastaruosius m\u0117nesius \u012f Lietuv\u0105 atskriejan\u010di\u0173 kontrabandini\u0173 balion\u0173 \u0161auktas ne vienas Nacionalinio saugumo komiteto (NSK) pos\u0117dis, Baltarusijos hibridin\u0117s atakos klausimas aptarin\u0117jamas \u012fvairiais formatais \u0161alies ir tarptautiniu\u00a0lygiu.<\/p>\n<p style=\"text-align: left;\">Reaguojant \u012f vis pasikartojan\u010dius incidentus, Lietuvos Vyriausyb\u0117 spalio pabaigoje nusprend\u0117 m\u0117nesiui u\u017edaryti Medinink\u0173 ir \u0160al\u010dinink\u0173 pasienio kontrol\u0117s punktus su Baltarusija.\u00a0<\/p>\n<p style=\"text-align: left;\">V\u0117liau Minsko re\u017eimas u\u017edraud\u0117 lietuvi\u0161kiems vilkikams jud\u0117ti \u0161alies viduje. Skelbta, jog d\u0117l to pasienyje \u012fstrig\u0119 ve\u017e\u0117jai transporto priemones turi laikyti specialiose aik\u0161tel\u0117se, u\u017e tai buvo apmokestinti.<\/p>\n<p style=\"text-align: left;\">Siekiant u\u017estrigusius vilkikus sugr\u0105\u017einti \u012f Lietuv\u0105, min\u0117ti du pasienio punktai buvo atidaryti anks\u010diau nei planuota, argumentuojant, kad situacija pager\u0117jo, kontrabandini\u0173 balion\u0173 srautai suma\u017e\u0117jo.\u00a0<\/p>\n<p style=\"text-align: left;\">Tiesa, u\u017estrig\u0119 vilkikai iki \u0161iol dar i\u0161vykti i\u0161 Baltarusijos teritorijos. \u201eLinavos\u201c duomenimis, Baltarusijoje u\u017estrigusi\u0173 lietuvi\u0161k\u0173 vilkik\u0173 yra apie 1,2 t\u016bkst., ta\u010diau premjer\u0117 Inga Ruginien\u0117 savo ruo\u017etu teig\u0117, jog i\u0161 tikr\u0173j\u0173 hibridin\u0119 atak\u0105 vykdan\u010dios valstyb\u0117s teritorijoje yra apie 280 vilkik\u0173.<\/p>\n","protected":false},"excerpt":{"rendered":"1 nuotr. Ve\u017e\u0117j\u0173 protestas. Eltos nuotr. \u00a0 \u00a0 \u201eVe\u017e\u0117jai bruzda, pagrinde tie, kurie nepriklauso jokioms asociacijoms. Mat\u0117me, kad&hellip;\n","protected":false},"author":2,"featured_media":53059,"comment_status":"","ping_status":"","sticky":false,"template":"","format":"standard","meta":{"footnotes":""},"categories":[13],"tags":[25,1496,30,31,34,35,24,32,33,37,39,8638,36,38,40,12154,23,22,1590,28,29,1719,26,27,2785,4472],"class_list":{"0":"post-53058","1":"post","2":"type-post","3":"status-publish","4":"format-standard","5":"has-post-thumbnail","7":"category-lietuva","8":"tag-antrastes","9":"tag-baltarusija","10":"tag-breaking-news","11":"tag-breakingnews","12":"tag-featured-news","13":"tag-featurednews","14":"tag-headlines","15":"tag-latest-news","16":"tag-latestnews","17":"tag-lietuva","18":"tag-lietuviu","19":"tag-linava","20":"tag-lithuania","21":"tag-lithuanian","22":"tag-lt","23":"tag-mikenas","24":"tag-naujienos","25":"tag-news","26":"tag-nuostoliai","27":"tag-populiariausios-naujienos","28":"tag-populiariausiosnaujienos","29":"tag-protestas","30":"tag-top-stories","31":"tag-topstories","32":"tag-vezejai","33":"tag-vilkikai"},"share_on_mastodon":{"url":"https:\/\/pubeurope.com\/@lt\/115652002041124114","error":""},"_links":{"self":[{"href":"https:\/\/www.europesays.com\/lt\/wp-json\/wp\/v2\/posts\/53058","targetHints":{"allow":["GET"]}}],"collection":[{"href":"https:\/\/www.europesays.com\/lt\/wp-json\/wp\/v2\/posts"}],"about":[{"href":"https:\/\/www.europesays.com\/lt\/wp-json\/wp\/v2\/types\/post"}],"author":[{"embeddable":true,"href":"https:\/\/www.europesays.com\/lt\/wp-json\/wp\/v2\/users\/2"}],"replies":[{"embeddable":true,"href":"https:\/\/www.europesays.com\/lt\/wp-json\/wp\/v2\/comments?post=53058"}],"version-history":[{"count":0,"href":"https:\/\/www.europesays.com\/lt\/wp-json\/wp\/v2\/posts\/53058\/revisions"}],"wp:featuredmedia":[{"embeddable":true,"href":"https:\/\/www.europesays.com\/lt\/wp-json\/wp\/v2\/media\/53059"}],"wp:attachment":[{"href":"https:\/\/www.europesays.com\/lt\/wp-json\/wp\/v2\/media?parent=53058"}],"wp:term":[{"taxonomy":"category","embeddable":true,"href":"https:\/\/www.europesays.com\/lt\/wp-json\/wp\/v2\/categories?post=53058"},{"taxonomy":"post_tag","embeddable":true,"href":"https:\/\/www.europesays.com\/lt\/wp-json\/wp\/v2\/tags?post=53058"}],"curies":[{"name":"wp","href":"https:\/\/api.w.org\/{rel}","templated":true}]}}