{"id":53060,"date":"2025-12-02T21:08:08","date_gmt":"2025-12-02T21:08:08","guid":{"rendered":"https:\/\/www.europesays.com\/lt\/53060\/"},"modified":"2025-12-02T21:08:08","modified_gmt":"2025-12-02T21:08:08","slug":"karas-ukrainoje-maskvoje-tesiantis-deryboms-del-taikos-plano-zinia-is-trumpo-delfi-3","status":"publish","type":"post","link":"https:\/\/www.europesays.com\/lt\/53060\/","title":{"rendered":"Karas Ukrainoje. Maskvoje t\u0119siantis deryboms d\u0117l taikos plano \u2013 \u017einia i\u0161 Trumpo &#8211; Delfi"},"content":{"rendered":"<ol>\n<li><a href=\"https:\/\/news.google.com\/rss\/articles\/CBMitAFBVV95cUxPcGE3SG9qRlY3Y2dzZEM5U3k0c0VWY01XUEdZNUd1R2JRY1hReDFqWHNMTXdGV190UHVfSGg5QS03NTF3dW1yVmtvTjg4QVVkRXRvYl9MTU1NNlpLNkVPT1pqZTY1QlpmN19NaE9DSFBELU9wQm5qcTJXRVhOZ003eDVwWWFvUE9zVDRVZTc0Q0Q0TzNkcXVnLVZyOW9OWDZYVEprRXpIQUl5amowNWtvdDVWVUM?oc=5\" target=\"_blank\" rel=\"nofollow noopener\">Karas Ukrainoje. Maskvoje t\u0119siantis deryboms d\u0117l taikos plano \u2013 \u017einia i\u0161 Trumpo<\/a>&nbsp;&nbsp;Delfi<\/li>\n<li><a href=\"https:\/\/news.google.com\/rss\/articles\/CBMi7gFBVV95cUxNY3hkU2RKSUZGZzBVRDJvU1lxSnFGUUlOellUUkY5UW12SnRhLWVycTFPbnhJM1VleEt0Y1RaMEg0MmRNQ2ZYYTBwUEYxaldnNDdFcjlmN0VaUEczUkJQRWJoUHpGdGgxR3o4UzMwQlB0a0lHTzNaVnJQRDJEZWFBYUFuejA0bTJJU1BmTTNWeDg0X3ZxS3NURF9jaUpaWEhwa3UwZW1fS0sxcTV5X0lLVFJFbGR4dm4zVmNhU0dVMXVYbTRwenBYUFQyT2NLcFhfNWllWlNmaEE0SkFvWS1wNFd3Qk1rNmtZVEtwa1VR?oc=5\" target=\"_blank\" rel=\"nofollow noopener\">Bruveris ir Landsbergis \u2013 apie taikos plan\u0105, nutekintus pokalbius ir spaudim\u0105 Ukrainai<\/a>&nbsp;&nbsp;Delfi<\/li>\n<li><a href=\"https:\/\/news.google.com\/rss\/articles\/CBMixwFBVV95cUxNS2U3N3hOY3ZRLWlJZWdfS3lUc2RLbW9UUjFsVWY1NFR6RVg4d0dtYWhVVzByRFloRFJ1dWFwazBkWjVjZjg0bzFvb2MxSENJUzUyNEwtenVsV1VFdFBqVmJSa29xT0JLTHB0WlE1c0hldDZZTmpuWVpMTE9vSll4MC1rUzF3UE5JZjhielZWU0lfNFZwaC1yRGlJMGpEcGVLenlxQXd6Ni1pVWV1WU9wdzdIYlRqcU9semFiemRrZVNGYWVUeWNB?oc=5\" target=\"_blank\" rel=\"nofollow noopener\">\u201eLemiamas momentas\u201c Ukrainai: Vladimiras Putinas susitiko su JAV derybininkais<\/a>&nbsp;&nbsp;15min.lt<\/li>\n<li><a href=\"https:\/\/news.google.com\/rss\/articles\/CBMi2AFBVV95cUxObko5ak5hUnZlMkhwWkRCbFVDbWpZdXc1eVM4TW5FY3pBQlhxYjJTQngweV80RWoxYy16dFZ2Y3FOVm54SmVFd0h0RGhNTGpTZzVKYWg3RnlodkpIY2FXUDJwZ3VTYlBDbVdlemkwQXdKOXVtbzBiZ2EtRFV0ZWl0RFJhSG5hdWZKRmxLNzVzSHprUkVfSjVWcEhHeUhBdGVZWmNraC1iYmJvNFNQbmZQeUI5QVdOS2UwY2YyWktGb05WSUtEVTZNTkU4TXlDOE1MREdhanRCRjY?oc=5\" target=\"_blank\" rel=\"nofollow noopener\">I\u0161 Balt\u0173j\u0173 r\u016bm\u0173 \u2013 optimisti\u0161ki l\u016bkes\u010diai d\u0117l karo u\u017ebaigimo: \u201eJau\u010diam\u0117s u\u017etikrinti\u201c<\/a>&nbsp;&nbsp;Lrytas<\/li>\n<li><a href=\"https:\/\/news.google.com\/rss\/articles\/CBMi2gFBVV95cUxOOVl1MWt6UTlTWHh4OVpHZ0x1T2JsYTdjM0FPdHFDYU5ROHA2bS1YLUt3em51cVVyZmFlZVdrbGZIV1RnUkJqVFltb2k3bnVWeDhnazF1RU1kQ1NFMVQ4Y1JoWFdOWURaU2RxOGQxSjdqUW1HV1RVekNxTGpjdm5YMlJvYVR1MFd0cTRabVlKS2VJMWFyMkhDdjJkeFJYY1JDQ3UyNEdSNTNIdjFXTnlZWU9JUXdOR2ZGa2tpdk1mZ2c2dExmR2V1b2tYZmlOOWJqYXVrQVVWUnZyUQ?oc=5\" target=\"_blank\" rel=\"nofollow noopener\">I\u0161 Putino \u2013 joki\u0173 kompromis\u0173: \u012fvardijo, kuri\u0173 3 Trumpo plano punkt\u0173 d\u0117l Ukrainos Kremlius nesvarstys<\/a>&nbsp;&nbsp;tv3.lt<\/li>\n<\/ol>\n","protected":false},"excerpt":{"rendered":"Karas Ukrainoje. Maskvoje t\u0119siantis deryboms d\u0117l taikos plano \u2013 \u017einia i\u0161 Trumpo&nbsp;&nbsp;Delfi Bruveris ir Landsbergis \u2013 apie taikos&hellip;\n","protected":false},"author":2,"featured_media":53061,"comment_status":"","ping_status":"","sticky":false,"template":"","format":"standard","meta":{"footnotes":""},"categories":[15],"tags":[25,30,31,34,35,24,121,32,33,37,39,36,38,40,23,22,44,28,29,3473,26,27,74,75,76],"class_list":{"0":"post-53060","1":"post","2":"type-post","3":"status-publish","4":"format-standard","5":"has-post-thumbnail","7":"category-pasaulis","8":"tag-antrastes","9":"tag-breaking-news","10":"tag-breakingnews","11":"tag-featured-news","12":"tag-featurednews","13":"tag-headlines","14":"tag-karas-ukrainoje","15":"tag-latest-news","16":"tag-latestnews","17":"tag-lietuva","18":"tag-lietuviu","19":"tag-lithuania","20":"tag-lithuanian","21":"tag-lt","22":"tag-naujienos","23":"tag-news","24":"tag-pasaulis","25":"tag-populiariausios-naujienos","26":"tag-populiariausiosnaujienos","27":"tag-taikos-derybos-del-ukrainos","28":"tag-top-stories","29":"tag-topstories","30":"tag-world","31":"tag-world-news","32":"tag-worldnews"},"share_on_mastodon":{"url":"https:\/\/pubeurope.com\/@lt\/115652021648645010","error":""},"_links":{"self":[{"href":"https:\/\/www.europesays.com\/lt\/wp-json\/wp\/v2\/posts\/53060","targetHints":{"allow":["GET"]}}],"collection":[{"href":"https:\/\/www.europesays.com\/lt\/wp-json\/wp\/v2\/posts"}],"about":[{"href":"https:\/\/www.europesays.com\/lt\/wp-json\/wp\/v2\/types\/post"}],"author":[{"embeddable":true,"href":"https:\/\/www.europesays.com\/lt\/wp-json\/wp\/v2\/users\/2"}],"replies":[{"embeddable":true,"href":"https:\/\/www.europesays.com\/lt\/wp-json\/wp\/v2\/comments?post=53060"}],"version-history":[{"count":0,"href":"https:\/\/www.europesays.com\/lt\/wp-json\/wp\/v2\/posts\/53060\/revisions"}],"wp:featuredmedia":[{"embeddable":true,"href":"https:\/\/www.europesays.com\/lt\/wp-json\/wp\/v2\/media\/53061"}],"wp:attachment":[{"href":"https:\/\/www.europesays.com\/lt\/wp-json\/wp\/v2\/media?parent=53060"}],"wp:term":[{"taxonomy":"category","embeddable":true,"href":"https:\/\/www.europesays.com\/lt\/wp-json\/wp\/v2\/categories?post=53060"},{"taxonomy":"post_tag","embeddable":true,"href":"https:\/\/www.europesays.com\/lt\/wp-json\/wp\/v2\/tags?post=53060"}],"curies":[{"name":"wp","href":"https:\/\/api.w.org\/{rel}","templated":true}]}}