{"id":53062,"date":"2025-12-02T21:14:08","date_gmt":"2025-12-02T21:14:08","guid":{"rendered":"https:\/\/www.europesays.com\/lt\/53062\/"},"modified":"2025-12-02T21:14:08","modified_gmt":"2025-12-02T21:14:08","slug":"is-sunkvezimio-priekabos-pavogta-apie-20-tukst-kariuomenei-skirtu-soviniu-respublika-lt","status":"publish","type":"post","link":"https:\/\/www.europesays.com\/lt\/53062\/","title":{"rendered":"I\u0161 sunkve\u017eimio priekabos pavogta apie 20 t\u016bkst. kariuomenei skirt\u0173 \u0161ovini\u0173 &#8211; Respublika.lt"},"content":{"rendered":"<p><img loading=\"lazy\" decoding=\"async\" src=\"https:\/\/www.respublika.lt\/lt\/naujienos\/pasaulis\/kitos_pasaulio_naujienos\/is-sunkvezimio-priekabos-pavogta-apie-20-tukst-kariuomenei-skirtu-soviniu\/images\/ico_camera_white.gif\" class=\"camera\" width=\"22\" height=\"15\" alt=\"nuotr.\" style=\"position:relative; top:-2px; right:2px;\"\/> 1 nuotr.<\/p>\n<p>Asociatyvi pixabay.com nuotr.<\/p>\n<p style=\"text-align: left;\">Ne\u017einomi nusikalt\u0117liai i\u0161 civilinei bendrovei priklausan\u010dios transporto priemon\u0117s pavog\u0117 didel\u012f kiek\u012f Vokietijos ginkluotosioms paj\u0117goms skirt\u0173 \u0161ovini\u0173, antradien\u012f patvirtino \u0161alies gynybos ministerija.<\/p>\n<p style=\"text-align: justify;\" class=\"desktop_banner\">\u00a0<\/p>\n<p style=\"text-align: left;\">Vokietijos naujien\u0173 \u017eurnalas \u201eDer Spiegel\u201c ir transliuotojas MDR anks\u010diau prane\u0161\u0117, kad apie 20 t\u016bkst. \u0161ovini\u0173 buvo pavogta netoli Burgo miesto, \u012f vakarus nuo Berlyno.<\/p>\n<p style=\"text-align: left;\">Karin\u0117s paramos padalinio Bonoje atstovas spaudai sak\u0117, kad \u0161audmenys buvo pavogti i\u0161 transporto \u012fmon\u0117s priekabos pra\u0117jusi\u0105 savait\u0119, v\u0117l\u0173 pirmadienio vakar\u0105 arba ankst\u0173 antradienio ryt\u0105.<\/p>\n<p style=\"text-align: left;\">Vagyst\u0117 buvo pasteb\u0117ta tik tada, kai sunkve\u017eimis atvyko \u012f Burgo kareivines, ir apie j\u0105 buvo nedelsiant prane\u0161ta, prid\u016br\u0117 jis.<\/p>\n<p style=\"text-align: left;\">Gynybos ministerija patvirtino \u017eurnalui \u201eDer Spiegel\u201c, kad vairuotojas sunkve\u017eim\u012f su kariuomenei skirta amunicija buvo pastat\u0119s nesaugomoje stov\u0117jimo aik\u0161tel\u0117je pramonin\u0117je teritorijoje netoli Burgo.<\/p>\n<p style=\"text-align: left;\">Vietos \u017einiasklaidos priemon\u0117 \u201eMeetingpoint Jerichower Land\u201c, remdamasi Bundesveru, prane\u0161\u0117, kad buvo pavogta apie 10 t\u016bkst. 9 mm kalibro kovini\u0173 \u0161ovini\u0173 ir \u0161iek tiek ma\u017eiau nei 9 900 mokom\u0173j\u0173 \u0161audmen\u0173.<\/p>\n<p>Naujausios \u017einios<\/p>\n<p><\/p>\n<p>        <a href=\"https:\/\/www.respublika.lt\/lt\/naujienos\/pasaulis\/kitos_pasaulio_naujienos\/transliuotojas-is-savo-skyriaus-vokietijoje-atleis-600-darbuotoju\/\" rel=\"nofollow noopener\" target=\"_blank\"><img decoding=\"async\" oncontextmenu=\"return false\" class=\"block_item_newest_photo\" src=\"https:\/\/www.respublika.lt\/lt\/naujienos\/pasaulis\/kitos_pasaulio_naujienos\/is-sunkvezimio-priekabos-pavogta-apie-20-tukst-kariuomenei-skirtu-soviniu\/uploads\/img\/catalog\/1\/photo_for_homepage_1_15580102.jpg\" alt=\"\" width=\"240\" height=\"154.45\"\/><\/a><\/p>\n<p>        <a href=\"https:\/\/www.respublika.lt\/lt\/naujienos\/lietuva\/kitos-lietuvos-zinios\/kam-vadovas-nauju-poligonu-klausima-tikisi-isspresti-pavasari-as-net-neabejoju-kad-pavyks\/\" rel=\"nofollow noopener\" target=\"_blank\"><img decoding=\"async\" oncontextmenu=\"return false\" class=\"block_item_newest_photo\" src=\"https:\/\/www.respublika.lt\/lt\/naujienos\/pasaulis\/kitos_pasaulio_naujienos\/is-sunkvezimio-priekabos-pavogta-apie-20-tukst-kariuomenei-skirtu-soviniu\/uploads\/img\/catalog\/1\/photo_for_homepage_1_61598023.jpg\" alt=\"\" width=\"240\" height=\"154.45\"\/><\/a><\/p>\n<p>Patiko straipsnis? Leisk mums apie tai su\u017einoti. Nepamir\u0161k pasidalinti Facebook! <\/p>\n<p><img loading=\"lazy\" decoding=\"async\" class=\"p2_social_circle_icon\" src=\"https:\/\/www.respublika.lt\/images\/thumbs_up.svg\" width=\"21\" height=\"22\" alt=\"L\"\/><\/p>\n<p><img loading=\"lazy\" decoding=\"async\" class=\"p2_social_circle_icon\" src=\"https:\/\/www.respublika.lt\/images\/facebook.svg\" alt=\"F\" width=\"22\" height=\"22\" style=\"filter: invert(37%) sepia(55%) saturate(2351%) hue-rotate(187deg) brightness(102%) contrast(106%);\"\/><\/p>\n<p>&#13;<br \/>\n\tNesutinkate &#8211; diskutuokime!<br \/>&#13;<br \/>\n\tNepykite komentatoriai, bet komentarai su keiksma\u017eod\u017eiais bus \u0161alinami automati\u0161kai, be atsipra\u0161ymo.\n    <\/p>\n<p>&#13;<br \/>\n              Respublika.lt pasilieka teis\u0119 pa\u0161alinti nekult\u016bringus, keiksma\u017eod\u017eiais pagardintus, su tema nesusijusius, kito asmens vardu pasira\u0161ytus, \u012fstatymus pa\u017eeid\u017eian\u010dius, \u0161lam\u0161t\u0105 reklamuojan\u010dius ar nusikalsti kurstan\u010dius komentarus. Jei kurstysite smurt\u0105, rasin\u0119, tautin\u0119, religin\u0119 ar kitokio pob\u016bd\u017eio neapykant\u0105, \u017evirbliu i\u0161skrid\u0119 j\u016bs\u0173 \u017eod\u017eiai gr\u012f\u017edami gali virsti ton\u0105 sverian\u010diu jau\u010diu &#8211; specialiosioms Lietuvos tarnyboms pareikalavus suteiksime j\u016bs\u0173 duomenis.\n            <\/p>\n","protected":false},"excerpt":{"rendered":"1 nuotr. Asociatyvi pixabay.com nuotr. Ne\u017einomi nusikalt\u0117liai i\u0161 civilinei bendrovei priklausan\u010dios transporto priemon\u0117s pavog\u0117 didel\u012f kiek\u012f Vokietijos ginkluotosioms&hellip;\n","protected":false},"author":2,"featured_media":53063,"comment_status":"","ping_status":"","sticky":false,"template":"","format":"standard","meta":{"footnotes":""},"categories":[15],"tags":[25,30,31,34,35,24,361,32,33,37,39,36,38,40,23,22,2716,44,28,29,12998,9200,26,27,2341,320,74,75,76],"class_list":{"0":"post-53062","1":"post","2":"type-post","3":"status-publish","4":"format-standard","5":"has-post-thumbnail","7":"category-pasaulis","8":"tag-antrastes","9":"tag-breaking-news","10":"tag-breakingnews","11":"tag-featured-news","12":"tag-featurednews","13":"tag-headlines","14":"tag-kariuomene","15":"tag-latest-news","16":"tag-latestnews","17":"tag-lietuva","18":"tag-lietuviu","19":"tag-lithuania","20":"tag-lithuanian","21":"tag-lt","22":"tag-naujienos","23":"tag-news","24":"tag-nusikaltimai","25":"tag-pasaulis","26":"tag-populiariausios-naujienos","27":"tag-populiariausiosnaujienos","28":"tag-priekaba","29":"tag-soviniai","30":"tag-top-stories","31":"tag-topstories","32":"tag-vagyste","33":"tag-vokietija","34":"tag-world","35":"tag-world-news","36":"tag-worldnews"},"share_on_mastodon":{"url":"https:\/\/pubeurope.com\/@lt\/115652045463240807","error":""},"_links":{"self":[{"href":"https:\/\/www.europesays.com\/lt\/wp-json\/wp\/v2\/posts\/53062","targetHints":{"allow":["GET"]}}],"collection":[{"href":"https:\/\/www.europesays.com\/lt\/wp-json\/wp\/v2\/posts"}],"about":[{"href":"https:\/\/www.europesays.com\/lt\/wp-json\/wp\/v2\/types\/post"}],"author":[{"embeddable":true,"href":"https:\/\/www.europesays.com\/lt\/wp-json\/wp\/v2\/users\/2"}],"replies":[{"embeddable":true,"href":"https:\/\/www.europesays.com\/lt\/wp-json\/wp\/v2\/comments?post=53062"}],"version-history":[{"count":0,"href":"https:\/\/www.europesays.com\/lt\/wp-json\/wp\/v2\/posts\/53062\/revisions"}],"wp:featuredmedia":[{"embeddable":true,"href":"https:\/\/www.europesays.com\/lt\/wp-json\/wp\/v2\/media\/53063"}],"wp:attachment":[{"href":"https:\/\/www.europesays.com\/lt\/wp-json\/wp\/v2\/media?parent=53062"}],"wp:term":[{"taxonomy":"category","embeddable":true,"href":"https:\/\/www.europesays.com\/lt\/wp-json\/wp\/v2\/categories?post=53062"},{"taxonomy":"post_tag","embeddable":true,"href":"https:\/\/www.europesays.com\/lt\/wp-json\/wp\/v2\/tags?post=53062"}],"curies":[{"name":"wp","href":"https:\/\/api.w.org\/{rel}","templated":true}]}}