{"id":53077,"date":"2025-12-02T22:03:18","date_gmt":"2025-12-02T22:03:18","guid":{"rendered":"https:\/\/www.europesays.com\/lt\/53077\/"},"modified":"2025-12-02T22:03:18","modified_gmt":"2025-12-02T22:03:18","slug":"vilnius-kviecia-architektus-is-viso-pasaulio-100-tukst-euru-fondas-ir-naujas-miesto-simbolis","status":"publish","type":"post","link":"https:\/\/www.europesays.com\/lt\/53077\/","title":{"rendered":"Vilnius kvie\u010dia architektus i\u0161 viso pasaulio: 100 t\u016bkst. eur\u0173 fondas ir naujas miesto simbolis"},"content":{"rendered":"<p>Vilnius skelbia atvir\u0105 tarptautin\u012f architekt\u016brin\u012f konkurs\u0105 Vilniaus kongres\u0173 centro id\u0117jai atrinkti. Konkursini\u0173 darb\u0173 laukiama iki 2026 met\u0173 kovo 16 dienos. Numatytas prizinis fondas \u2013 100 000 eur\u0173. Vilniaus kongres\u0173 centr\u0105 A. Go\u0161tauto gatv\u0117je \u0161alia LR Seimo r\u016bm\u0173 planuojama pastatyti iki 2031 met\u0173 pabaigos.<\/p>\n<p>\u201e\u0160io kongres\u0173 centro lauk\u0117me labai ilgai. M\u016bs\u0173 ambicija \u2013 tapti Centrin\u0117s ir Ryt\u0173 Europos regiono lydere tarptautini\u0173 konferencij\u0173 ir rengini\u0173 srityje, kuriant ilgalaik\u0119 socioekonomin\u0119 vert\u0119 Lietuvai ir jos sostinei. Vilnius \u0161iandien aktyviai konkuruoja d\u0117l talent\u0173, investicij\u0173 ir tarptautini\u0173 rengini\u0173 \u2013 ir b\u016btent naujasis kongres\u0173 centras taps \u0161ios strategijos kertiniu elementu\u201c, \u2013 sako Vilniaus miesto meras <a style=\"font-weight:bold;\" href=\"https:\/\/madeinvilnius.lt\/tema\/valdas-benkunskas\/\" target=\"_blank\" rel=\"nofollow noopener\">Valdas Benkunskas<\/a>.<\/p>\n<p>Vilniaus kongres\u0173 centras i\u0161kils Vilniaus miesto savivaldybei priklausan\u010diame sklype A. Tum\u0117no ir A. Go\u0161tauto gatvi\u0173 sankry\u017eoje, kuriame \u0161iuo metu yra \u017ealioji zona bei dalis miesto ir LR Seimo parkavimo aik\u0161tel\u0117s. Tai bus strategin\u0117s svarbos projektas, sukursiantis moderni\u0105 infrastrukt\u016br\u0105 tarptautiniams kongresams, konferencijoms ir renginiams. \u0160iuo metu Lietuva neturi specializuoto centro, galin\u010dio priimti daugiau nei 2 000 rengini\u0173 dalyvi\u0173\u00a0 vienoje vietoje, tod\u0117l praranda galimybes pritraukti didelio masto tarptautinius renginius, auginti atvykstamojo konferencinio turizmo srautus, kurie generuoja did\u017eiausias pajamas.<\/p>\n<p>\u201eVilnius kuria ateities kongres\u0173 centr\u0105 \u2013 erdv\u0119, kuri keis miesto ir \u0161alies pozicij\u0105 tarptautini\u0173 rengini\u0173 \u017eem\u0117lapyje. Tai i\u0161skirtin\u0117 proga architektams prisid\u0117ti prie naujo miesto simbolio atsiradimo. Laukiame id\u0117j\u0173, kurios derins dr\u0105s\u0105, tvarum\u0105 ir pagarb\u0105 m\u016bs\u0173 miesto urbanistinei atmin\u010diai\u201c, \u2013 teigia Vilniaus miesto vyriausioji architekt\u0117 Laura Kairien\u0117.<\/p>\n<p>U\u017e Vilniaus kongres\u0173 centro konkurso organizavim\u0105 bei projekto vystym\u0105 atsakinga Vilniaus vystymo kompanija. Konkursas skelbiamas Lietuvos Vie\u0161\u0173j\u0173 pirkim\u0173 sistemoje CVP IS (adresas:\u00a0https:\/\/pirkimai.eviesiejipirkimai.lt). Konkurso tiksluose nurodyta sukurti auk\u0161\u010diausios klas\u0117s pastat\u0105, skirt\u0105 tarptautin\u0117ms konferencijoms, kongresams ir auk\u0161to lygio politiniams renginiams; suformuoti patogias, patrauklias ir ai\u0161kias prieigas, u\u017etikrinant reprezentatyvum\u0105, atpa\u017e\u012fstamum\u0105, orientacij\u0105 ir skland\u0173 sraut\u0173 valdym\u0105; sukurti pagarbi\u0105 urbanistin\u0119 ir erdvin\u0119 s\u0105saj\u0105 su atminties vieta \u2013 paminklu \u017euvusiam kariui A. Sakalauskui; sukurti patraukli\u0105, \u012ftrauki\u0105 ir vie\u0161ai prieinam\u0105 vie\u0161\u0105j\u0105 pakrant\u0117s erdv\u0119 jau statomo (neoficialiai vadinamu Alberto) tilto prieigose, kuri funkci\u0161kai ir vizualiai der\u0117t\u0173 su bendra Neries pakran\u010di\u0173 vystymo\u00a0 vizija ir Kongres\u0173 centro teritorija.<\/p>\n<p>\u201e\u0160is projektas \u2013 ypatinga ambicija statiniui su ~31 500 kv. m plotu, kuriame bus net ~17 sali\u0173 renginiams, galin\u010di\u0173 priimti apie 4500 asmen\u0173. Taip pat bus projektuojami susitikim\u0173 kambariai, parod\u0173 ir maitinimo erdv\u0117s, po\u017eeminis parkingas. Kadangi regiono mastu tai bus unikalus objektas, tikim\u0117s, jog konkursas pritrauks stipriausias tarptautines architekt\u0173 komandas. S\u0117kming\u0173 tokio bendradarbiavimo pavyzd\u017ei\u0173 turime ir \u0161iandien: \u201eZaha Hadid Architects\u201c projektuoja Vilniaus gele\u017einkelio ir autobus\u0173 <a style=\"font-weight:bold;\" href=\"https:\/\/madeinvilnius.lt\/tema\/stotis\/\" target=\"_blank\" rel=\"nofollow noopener\">stoties<\/a> prieigas ir <a style=\"font-weight:bold;\" href=\"https:\/\/madeinvilnius.lt\/tema\/vilniaus-viesasis-transportas\/\" target=\"_blank\" rel=\"nofollow noopener\">vie\u0161ojo transporto<\/a> terminal\u0105, Nacionalin\u0119 koncert\u0173 sal\u0119 ant Tauro kalno projektavo \u201eArquivio Architects Slp.\u201c, \u2013 sako Vilniaus vystymo kompanijos generalin\u0117 direktor\u0117 Laura Joff\u0117.<\/p>\n<p>Pateiktus darbus pagal kokybinius ir vie\u0161\u0173j\u0173 pirkim\u0173 vertinimo kriterijus vertins kompetentinga vertinimo komisija. Tarp komisijos nari\u0173 bus: Laura Kairien\u0117 (Vilniaus miesto vyriausioji architekt\u0117), Helle Juul (architekt\u0117, Danijos \u012fmon\u0117s \u201eArchitect MAA\/MNAL\u201c \u012fk\u016br\u0117ja, partner\u0117), Mads Birgens (architektas, \u201eCOBE architects\u201c), Lukas Rekevi\u010dius (architektas, UAB \u201eAketuri Architektai\u201c studijos vadovas), Gintautas Natkevi\u010dius (architektas, UAB \u201eArchitekt\u0173 biuras G. Natkevi\u010dius ir partneriai\u201c vadovas), Vita \u017dilinskait\u0117 (\u201eGoVilnius\u201c Konferencij\u0173 biuro vadov\u0117). I\u0161or\u0117s ekspert\u0117 \u2013 Vie\u0161bu\u010di\u0173 ir restoran\u0173 asociacijos vadov\u0117 Evalda \u0160i\u0161kauskien\u0117 taip pat steb\u0117s konkurso vertinim\u0105, dalyvaus ir ekspertai i\u0161 Barselonos konferencij\u0173 centro bei konkurso u\u017eduoties reng\u0117jai \u2013 urbanistikos-architekt\u016bros biuras MB \u201eMASH Studio\u201c atstovai. Jie konkurso u\u017eduot\u012f reng\u0117 kartu su Vilniaus vyr. architekt\u0117s biuru vykdant konsultacijas su geriausiais u\u017esienio operatoriais.<\/p>\n<p>\u201eKonferencij\u0173 turizmas itin naudingas Vilniui ir visai Lietuvai tiek ekonomine, tiek \u0161alies \u017einomumo prasme. Tarptautin\u0117s konferencijos pritraukia \u012f Vilni\u0173 daugiau verslo \u017emoni\u0173, id\u0117j\u0173 ir investicij\u0173, o ekonominis poveikis tiesiogiai priklauso nuo konferencij\u0173 dyd\u017eio. Vilnius \u0161iuo metu nei\u0161sivaduoja i\u0161 \u201ema\u017e\u0173 konferencij\u0173 miesto\u201c. Taigi svetingumo verslas jau daug met\u0173 laukia \u0161ios dienos ir sveikina \u0161i\u0105 Vilniaus mero iniciatyv\u0105\u201c, \u2013 sako Lietuvos vie\u0161bu\u010di\u0173 ir restoran\u0173 asociacijos prezident\u0117 Evalda \u0160i\u0161kauskien\u0117.<\/p>\n<p>Pirmasis pos\u0117dis, kai bus renkama id\u0117ja, numatytas baland\u017eio m\u0117nes\u012f. Planuojama, kad laim\u0117tojas bus paskelbtas 2026 met\u0173 gegu\u017e\u0119, o sutartis pasira\u0161yta bir\u017eelio m\u0117nes\u012f. Numatoma, kad naujasis centras veikl\u0105 gal\u0117t\u0173 prad\u0117ti 2032 met\u0173 prad\u017eioje.<\/p>\n","protected":false},"excerpt":{"rendered":"Vilnius skelbia atvir\u0105 tarptautin\u012f architekt\u016brin\u012f konkurs\u0105 Vilniaus kongres\u0173 centro id\u0117jai atrinkti. Konkursini\u0173 darb\u0173 laukiama iki 2026 met\u0173 kovo&hellip;\n","protected":false},"author":2,"featured_media":53078,"comment_status":"","ping_status":"","sticky":false,"template":"","format":"standard","meta":{"footnotes":""},"categories":[13],"tags":[25,30,31,34,35,24,5823,32,33,37,39,36,38,40,65,23,22,28,29,26,27,13002],"class_list":{"0":"post-53077","1":"post","2":"type-post","3":"status-publish","4":"format-standard","5":"has-post-thumbnail","7":"category-lietuva","8":"tag-antrastes","9":"tag-breaking-news","10":"tag-breakingnews","11":"tag-featured-news","12":"tag-featurednews","13":"tag-headlines","14":"tag-konferencijos","15":"tag-latest-news","16":"tag-latestnews","17":"tag-lietuva","18":"tag-lietuviu","19":"tag-lithuania","20":"tag-lithuanian","21":"tag-lt","22":"tag-naujiena","23":"tag-naujienos","24":"tag-news","25":"tag-populiariausios-naujienos","26":"tag-populiariausiosnaujienos","27":"tag-top-stories","28":"tag-topstories","29":"tag-vilniaus-kongresu-centras"},"share_on_mastodon":{"url":"https:\/\/pubeurope.com\/@lt\/115652238061300154","error":""},"_links":{"self":[{"href":"https:\/\/www.europesays.com\/lt\/wp-json\/wp\/v2\/posts\/53077","targetHints":{"allow":["GET"]}}],"collection":[{"href":"https:\/\/www.europesays.com\/lt\/wp-json\/wp\/v2\/posts"}],"about":[{"href":"https:\/\/www.europesays.com\/lt\/wp-json\/wp\/v2\/types\/post"}],"author":[{"embeddable":true,"href":"https:\/\/www.europesays.com\/lt\/wp-json\/wp\/v2\/users\/2"}],"replies":[{"embeddable":true,"href":"https:\/\/www.europesays.com\/lt\/wp-json\/wp\/v2\/comments?post=53077"}],"version-history":[{"count":0,"href":"https:\/\/www.europesays.com\/lt\/wp-json\/wp\/v2\/posts\/53077\/revisions"}],"wp:featuredmedia":[{"embeddable":true,"href":"https:\/\/www.europesays.com\/lt\/wp-json\/wp\/v2\/media\/53078"}],"wp:attachment":[{"href":"https:\/\/www.europesays.com\/lt\/wp-json\/wp\/v2\/media?parent=53077"}],"wp:term":[{"taxonomy":"category","embeddable":true,"href":"https:\/\/www.europesays.com\/lt\/wp-json\/wp\/v2\/categories?post=53077"},{"taxonomy":"post_tag","embeddable":true,"href":"https:\/\/www.europesays.com\/lt\/wp-json\/wp\/v2\/tags?post=53077"}],"curies":[{"name":"wp","href":"https:\/\/api.w.org\/{rel}","templated":true}]}}