{"id":53090,"date":"2025-12-02T22:30:18","date_gmt":"2025-12-02T22:30:18","guid":{"rendered":"https:\/\/www.europesays.com\/lt\/53090\/"},"modified":"2025-12-02T22:30:18","modified_gmt":"2025-12-02T22:30:18","slug":"rusai-laimejo-antra-byla-del-ziemos-olimpiniu-zaidyniu","status":"publish","type":"post","link":"https:\/\/www.europesays.com\/lt\/53090\/","title":{"rendered":"Rusai laim\u0117jo antr\u0105 byl\u0105 d\u0117l \u017eiemos olimpini\u0173 \u017eaidyni\u0173"},"content":{"rendered":"\n<p class=\"western\">FIS sportininkus i\u0161 agresori\u0173 valstybi\u0173 buvo pa\u0161alinusi i\u0161 tarptautin\u0117s arenos nuo pat invazijos \u012f Ukrain\u0105 prad\u017eios 2022-aisiais, o pra\u0117jus\u012f spal\u012f eilin\u012f kart\u0105 prat\u0119s\u0117 sankcij\u0173 taikym\u0105.<\/p>\n<p class=\"western\">CAS sprendimas atveria keli\u0105 \u012f olimpiad\u0105, ta\u010diau jis lieka status ir sunkiai \u012fveikiamas.<\/p>\n<p class=\"western\">Mat neutralaus statuso sieksiantiems Rusijos ir Baltarusijos slidininkams, kaln\u0173 slidininkams, snieglentininkams, \u0161uolininkams su slid\u0117mis, \u0161iaur\u0117s dvikov\u0117s atstovams beveik nebeliks laiko pasi\u017eym\u0117ti olimpin\u0117s atrankos var\u017eybose. Be to, ne viena valstyb\u0117, priimanti pastar\u0105sias, nesutinka i\u0161duoti viz\u0173 rusams ir baltarusiams.<\/p>\n<p class=\"western\">Galutinis kelialapi\u0173 dalyb\u0173 terminas yra sausio 18 d. Milano-Kortinos \u017eaidyn\u0117s prasid\u0117s vasario 6 d.<\/p>\n<p class=\"western\">FIS atsakinga u\u017e did\u017ei\u0105j\u0105 dal\u012f olimpin\u0117s programos \u2013 i\u0161 116 medali\u0173 komplekt\u0173 57 bus i\u0161dalinti \u0161ios federacijos globojamose rungtyse.<\/p>\n<p class=\"western\">Primename, kad pra\u0117jus\u012f spal\u012f CAS pana\u0161\u0173 verdikt\u0105 paskelb\u0117 ir d\u0117l sankcij\u0173 agresori\u0173 \u0161ali\u0173 rogutininkams.<\/p>\n<p class=\"western\">Rusijos sporto ministras ir olimpinio komiteto prezidentas Michailas Degtjarevas prognozuoja, kad Italijoje d\u0117l olimpini\u0173 apdovanojim\u0173 kovos apie 15 rus\u0173.<\/p>\n<p class=\"western\">2022-\u0173j\u0173 Pekino \u017eaidyn\u0117se, kurioms pasibaigus u\u017epulta Ukraina, dalyvavo 212 Rusijos olimpinio komiteto atstov\u0173 \u2013 oficialiai Rusijos rinktin\u0117 tuomet taip pat buvo suspenduota d\u0117l dopingo skandal\u0173. Kinijos sostin\u0117je taip pat var\u017e\u0117si 26 baltarusiai.<\/p>\n","protected":false},"excerpt":{"rendered":"FIS sportininkus i\u0161 agresori\u0173 valstybi\u0173 buvo pa\u0161alinusi i\u0161 tarptautin\u0117s arenos nuo pat invazijos \u012f Ukrain\u0105 prad\u017eios 2022-aisiais, o&hellip;\n","protected":false},"author":2,"featured_media":53091,"comment_status":"","ping_status":"","sticky":false,"template":"","format":"standard","meta":{"footnotes":""},"categories":[19],"tags":[37,39,36,38,40,13004,6591,47,104],"class_list":{"0":"post-53090","1":"post","2":"type-post","3":"status-publish","4":"format-standard","5":"has-post-thumbnail","7":"category-sportas","8":"tag-lietuva","9":"tag-lietuviu","10":"tag-lithuania","11":"tag-lithuanian","12":"tag-lt","13":"tag-milano-kortinos-ziemos-olimpines-zaidynes","14":"tag-slidinejimas","15":"tag-sportas","16":"tag-sports"},"share_on_mastodon":{"url":"https:\/\/pubeurope.com\/@lt\/115652344105082345","error":""},"_links":{"self":[{"href":"https:\/\/www.europesays.com\/lt\/wp-json\/wp\/v2\/posts\/53090","targetHints":{"allow":["GET"]}}],"collection":[{"href":"https:\/\/www.europesays.com\/lt\/wp-json\/wp\/v2\/posts"}],"about":[{"href":"https:\/\/www.europesays.com\/lt\/wp-json\/wp\/v2\/types\/post"}],"author":[{"embeddable":true,"href":"https:\/\/www.europesays.com\/lt\/wp-json\/wp\/v2\/users\/2"}],"replies":[{"embeddable":true,"href":"https:\/\/www.europesays.com\/lt\/wp-json\/wp\/v2\/comments?post=53090"}],"version-history":[{"count":0,"href":"https:\/\/www.europesays.com\/lt\/wp-json\/wp\/v2\/posts\/53090\/revisions"}],"wp:featuredmedia":[{"embeddable":true,"href":"https:\/\/www.europesays.com\/lt\/wp-json\/wp\/v2\/media\/53091"}],"wp:attachment":[{"href":"https:\/\/www.europesays.com\/lt\/wp-json\/wp\/v2\/media?parent=53090"}],"wp:term":[{"taxonomy":"category","embeddable":true,"href":"https:\/\/www.europesays.com\/lt\/wp-json\/wp\/v2\/categories?post=53090"},{"taxonomy":"post_tag","embeddable":true,"href":"https:\/\/www.europesays.com\/lt\/wp-json\/wp\/v2\/tags?post=53090"}],"curies":[{"name":"wp","href":"https:\/\/api.w.org\/{rel}","templated":true}]}}