{"id":53378,"date":"2025-12-03T09:27:16","date_gmt":"2025-12-03T09:27:16","guid":{"rendered":"https:\/\/www.europesays.com\/lt\/53378\/"},"modified":"2025-12-03T09:27:16","modified_gmt":"2025-12-03T09:27:16","slug":"raphaelis-veraneas-apie-zaidima-real-klube-sirgau-depresija","status":"publish","type":"post","link":"https:\/\/www.europesays.com\/lt\/53378\/","title":{"rendered":"Raphaelis Verane`as apie \u017eaidim\u0105 \u201eReal\u201c klube: \u201eSirgau depresija\u201c"},"content":{"rendered":"<p>Raphaelis Varane\u2019as atvirai prabilo apie tamsi\u0105j\u0105 savo karjeros pus\u0119 \u2013 pirmuosius metus Madride, kai b\u016bdamas vos 18-os atsid\u016br\u0117 mil\u017eini\u0161ko spaudimo ir vienatv\u0117s gniau\u017etuose. Pranc\u016bzas pripa\u017eino, kad tuo laikotarpiu j\u012f sl\u0117g\u0117 depresija, nors i\u0161 \u0161alies atrod\u0117, jog gyvena svajon\u0119 Madrido \u201eReal\u201c ekipoje.<\/p>\n<p>Interviu \u201eLe Monde\u201c R. Varane`as pasakojo, kad Madrido laikotarpio prad\u017eia buvo toli gra\u017eu ne tokia, koki\u0105 \u012fsivaizdavo.<\/p>\n<p>\u201eBuvau vienas, nuolat treniravausi ir beveik ne\u017eaid\u017eiau. Jau\u010diausi taip, lyg mano svajon\u0117 slyst\u0173 i\u0161 rank\u0173. Aik\u0161t\u0117je buvau visi\u0161kai susitelk\u0119s, bet po to nebenor\u0117jau gr\u012f\u017eti namo. Tai buvo depresija \u2013 niekas man\u0119s nebed\u017eiugino\u201c, \u2013 atskleid\u0117 buv\u0119s \u201eReal\u201c gyn\u0117jas.<\/p>\n<p>Pasak pranc\u016bzo, tuo metu jis net nekalb\u0117jo apie savo b\u016bsen\u0105 \u2013 man\u0117, jog tai yra kaina, kuri\u0105 turi sumok\u0117ti, kad i\u0161liktum elitiniame klube. Jis nuolat sav\u0119s klaus\u0117, ar pri\u0117m\u0117 teising\u0105 sprendim\u0105 atvykdamas \u012f Madrid\u0105, ar reik\u0117jo likti \u201eLens\u201c ekipoje.<\/p>\n<p>\u201eBuvau \u012fstrig\u0119s vienatv\u0117je, jausmas buvo toks, lyg viskas gri\u016bt\u0173\u201c, \u2013 prisimin\u0117 R. Varane`as.<\/p>\n<p>Buv\u0119s gyn\u0117jas pripa\u017eino, jog pana\u0161i\u0173 b\u016bsen\u0173 i\u0161gyveno ir po 2018 m. pasaulio \u010dempionato, kai po auk\u0161\u010diausio pakilimo sek\u0117 emocinis nuosmukis.<\/p>\n<p>\u00a0<\/p>\n","protected":false},"excerpt":{"rendered":"Raphaelis Varane\u2019as atvirai prabilo apie tamsi\u0105j\u0105 savo karjeros pus\u0119 \u2013 pirmuosius metus Madride, kai b\u016bdamas vos 18-os atsid\u016br\u0117&hellip;\n","protected":false},"author":2,"featured_media":53379,"comment_status":"","ping_status":"","sticky":false,"template":"","format":"standard","meta":{"footnotes":""},"categories":[19],"tags":[57,43,55,48,54,51,49,50,37,39,36,38,40,45,23,44,53,42,56,47,112,104,46,58,52],"class_list":{"0":"post-53378","1":"post","2":"type-post","3":"status-publish","4":"format-standard","5":"has-post-thumbnail","7":"category-sportas","8":"tag-daiktai","9":"tag-dienos-kronika","10":"tag-gatves-tekstai","11":"tag-gyvenimas","12":"tag-interneto-pievos","13":"tag-keliones","14":"tag-kultura","15":"tag-laisvalaikis","16":"tag-lietuva","17":"tag-lietuviu","18":"tag-lithuania","19":"tag-lithuanian","20":"tag-lt","21":"tag-mokslas-ir-it","22":"tag-naujienos","23":"tag-pasaulis","24":"tag-projektai","25":"tag-rinktiniai-tekstai","26":"tag-simtmecio-portalas","27":"tag-sportas","28":"tag-sportas-lt","29":"tag-sports","30":"tag-verslas","31":"tag-video","32":"tag-zaidimai"},"share_on_mastodon":{"url":"https:\/\/pubeurope.com\/@lt\/115654927672160512","error":""},"_links":{"self":[{"href":"https:\/\/www.europesays.com\/lt\/wp-json\/wp\/v2\/posts\/53378","targetHints":{"allow":["GET"]}}],"collection":[{"href":"https:\/\/www.europesays.com\/lt\/wp-json\/wp\/v2\/posts"}],"about":[{"href":"https:\/\/www.europesays.com\/lt\/wp-json\/wp\/v2\/types\/post"}],"author":[{"embeddable":true,"href":"https:\/\/www.europesays.com\/lt\/wp-json\/wp\/v2\/users\/2"}],"replies":[{"embeddable":true,"href":"https:\/\/www.europesays.com\/lt\/wp-json\/wp\/v2\/comments?post=53378"}],"version-history":[{"count":0,"href":"https:\/\/www.europesays.com\/lt\/wp-json\/wp\/v2\/posts\/53378\/revisions"}],"wp:featuredmedia":[{"embeddable":true,"href":"https:\/\/www.europesays.com\/lt\/wp-json\/wp\/v2\/media\/53379"}],"wp:attachment":[{"href":"https:\/\/www.europesays.com\/lt\/wp-json\/wp\/v2\/media?parent=53378"}],"wp:term":[{"taxonomy":"category","embeddable":true,"href":"https:\/\/www.europesays.com\/lt\/wp-json\/wp\/v2\/categories?post=53378"},{"taxonomy":"post_tag","embeddable":true,"href":"https:\/\/www.europesays.com\/lt\/wp-json\/wp\/v2\/tags?post=53378"}],"curies":[{"name":"wp","href":"https:\/\/api.w.org\/{rel}","templated":true}]}}