{"id":53792,"date":"2025-12-03T18:28:10","date_gmt":"2025-12-03T18:28:10","guid":{"rendered":"https:\/\/www.europesays.com\/lt\/53792\/"},"modified":"2025-12-03T18:28:10","modified_gmt":"2025-12-03T18:28:10","slug":"fenerbahce-lyderi-nustebino-jasikeviciaus-profesionalumas","status":"publish","type":"post","link":"https:\/\/www.europesays.com\/lt\/53792\/","title":{"rendered":"\u201eFenerbah\u010de\u201c lyder\u012f nustebino Jasikevi\u010diaus profesionalumas"},"content":{"rendered":"<p>29-eri\u0173 amerikietis pasakojo, kad trenerio profesionalumas ir darbo etika j\u012f stebina kiekvien\u0105 dien\u0105.<\/p>\n<p>\u201eJis turi \u010dempiono mentalitet\u0105 \u2013 t\u0105 matai kiekviename jo \u017eingsnyje. Nesu mat\u0119s nei vieno trenerio, kuris \u012f treniruotes ateina taip anksti. \u012e sporto sal\u0119 jis ateina prie\u0161 mus, b\u0117ga ant takelio ir kilnoja svorius. Jis nori b\u016bti pavyzdys savo \u017eaid\u0117jams\u201c, \u2013 \u201eGazzetta\u201c portalui sak\u0117 gyn\u0117jas. <\/p>\n<p>W. Baldwino teigimu, \u0160aro treniruot\u0117se netr\u016bksta intensyvumo.<\/p>\n<p>\u201eJis absoliu\u010diai yra profesionalus ir nuolat mums formuoja \u010dempion\u0173 mentalitet\u0105. Jei treniruot\u0117je ka\u017ekam nesiseka, jis gali tiesiog pasakyti: stok \u012f \u0161on\u0105, a\u0161 parodysiu. Ir parodyti tikrai jis gali. Nors jo keliai ir n\u0117ra geriausios b\u016bkl\u0117s, bet pirmas \u017eingsnis vis dar labai greitas. Jis tiesiog \u017eengia ant parketo ir parodo mums k\u0105 ir kaip daryti \u201c, \u2013 d\u0117st\u0117 amerikietis.<\/p>\n<p>\u0160iuo metu \u201eFenerbah\u010de\u201c <a rel=\"noopener follow nofollow\" target=\"_blank\" href=\"https:\/\/www.delfi.lt\/krepsinis\/eurolyga\/\" data-rel-date-range=\"[]\">Eurolygoje <\/a>turi sukaupusi 8 pergales ir 5 nes\u0117kmes, o turnyro lentel\u0117je rikiuojasi a\u0161tuntoje vietoje.<\/p>\n<p>\u0160\u012f sezon\u0105 Senojo \u017eemyno pirmenyb\u0117se W. Baldwinas vidutini\u0161kai renka po 14,3 ta\u0161ko, 3,1 atk. kam., 5,5 rez. perd. ir 16,4 naud. bal. <\/p>\n<p>    <img decoding=\"async\" src=\"https:\/\/www.europesays.com\/lt\/wp-content\/uploads\/2025\/12\/a0f0f0b2-d826-4f14-9bc3-806ac86f6110.jpg\" loading=\"lazy\" alt=\"Wade Baldwin ir \u0160ar\u016bnas Jasikevi\u010dius | \u201eFenerbah\u010de\u201c nuotr.\"\/>      <\/p>\n<p>Gyn\u0117jas taip pat atskleid\u0117, jog vasar\u0105 buvo apsisprendim\u0173 kry\u017ekel\u0117je ir tur\u0117jo rinktis tarp \u201eFenerbah\u010de\u201c ir  NBA Los And\u017eelo \u201eClippers\u201c ekipos. Ta\u010diau rungtyniauti u\u017e Atlanto tokioje komandoje, kurios branduolys Kawhi Leonardas, Paulas George&#8217;as, Jamesas Hardenas bei Russellas Westbrookas nenor\u0117jo, nes negaut\u0173 \u017eaidimo vaidmens. <\/p>\n<p>Tod\u0117l amerikietis pri\u0117m\u0117 sprendim\u0105 likti Europoje.  29-eri\u0173 W. Baldwinui tai jau 7-asis sezonas Eurolygoje. <\/p>\n<p>Prie\u0161 tai 2022-2024 m. sezonuose jis gyn\u0117 Tel Avivo \u201eMaccabi\u201c ekipos garb\u0119. <\/p>\n","protected":false},"excerpt":{"rendered":"29-eri\u0173 amerikietis pasakojo, kad trenerio profesionalumas ir darbo etika j\u012f stebina kiekvien\u0105 dien\u0105. \u201eJis turi \u010dempiono mentalitet\u0105 \u2013&hellip;\n","protected":false},"author":2,"featured_media":53793,"comment_status":"","ping_status":"","sticky":false,"template":"","format":"standard","meta":{"footnotes":""},"categories":[19],"tags":[37,39,36,38,40,311,47,104,313,3785],"class_list":{"0":"post-53792","1":"post","2":"type-post","3":"status-publish","4":"format-standard","5":"has-post-thumbnail","7":"category-sportas","8":"tag-lietuva","9":"tag-lietuviu","10":"tag-lithuania","11":"tag-lithuanian","12":"tag-lt","13":"tag-sarunas-jasikevicius","14":"tag-sportas","15":"tag-sports","16":"tag-stambulo-fenerbahce","17":"tag-wadeas-baldwinas"},"share_on_mastodon":{"url":"https:\/\/pubeurope.com\/@lt\/115657054935610308","error":""},"_links":{"self":[{"href":"https:\/\/www.europesays.com\/lt\/wp-json\/wp\/v2\/posts\/53792","targetHints":{"allow":["GET"]}}],"collection":[{"href":"https:\/\/www.europesays.com\/lt\/wp-json\/wp\/v2\/posts"}],"about":[{"href":"https:\/\/www.europesays.com\/lt\/wp-json\/wp\/v2\/types\/post"}],"author":[{"embeddable":true,"href":"https:\/\/www.europesays.com\/lt\/wp-json\/wp\/v2\/users\/2"}],"replies":[{"embeddable":true,"href":"https:\/\/www.europesays.com\/lt\/wp-json\/wp\/v2\/comments?post=53792"}],"version-history":[{"count":0,"href":"https:\/\/www.europesays.com\/lt\/wp-json\/wp\/v2\/posts\/53792\/revisions"}],"wp:featuredmedia":[{"embeddable":true,"href":"https:\/\/www.europesays.com\/lt\/wp-json\/wp\/v2\/media\/53793"}],"wp:attachment":[{"href":"https:\/\/www.europesays.com\/lt\/wp-json\/wp\/v2\/media?parent=53792"}],"wp:term":[{"taxonomy":"category","embeddable":true,"href":"https:\/\/www.europesays.com\/lt\/wp-json\/wp\/v2\/categories?post=53792"},{"taxonomy":"post_tag","embeddable":true,"href":"https:\/\/www.europesays.com\/lt\/wp-json\/wp\/v2\/tags?post=53792"}],"curies":[{"name":"wp","href":"https:\/\/api.w.org\/{rel}","templated":true}]}}