{"id":53921,"date":"2025-12-03T21:33:09","date_gmt":"2025-12-03T21:33:09","guid":{"rendered":"https:\/\/www.europesays.com\/lt\/53921\/"},"modified":"2025-12-03T21:33:09","modified_gmt":"2025-12-03T21:33:09","slug":"manto-stonkaus-kalba-pakele-arena-ant-koju-salin-rankas","status":"publish","type":"post","link":"https:\/\/www.europesays.com\/lt\/53921\/","title":{"rendered":"Manto Stonkaus kalba pak\u0117l\u0117 aren\u0105 ant koj\u0173: \u0161alin rankas!"},"content":{"rendered":"<p>Renginio metu M. Stonkus kreip\u0117si \u012f renginio \u017ei\u016brovus ir prakalbo apie protest\u0105 bei pakviet\u0117 jame sudalyvauti visus \u017emones.<\/p>\n<p>\u201eMes tiesioginiame eteryje? Geras, kaip a\u0161 m\u0117gstu, i\u0161 tikr\u0173j\u0173. A\u0161 labai nor\u0117\u010diau pasveikinti \u201eM1\u201c su gimtadieniu. \u0160iandien nuskamb\u0117jo labai daug gra\u017ei\u0173 \u017eod\u017ei\u0173 apie laisv\u0119 ir apie tai, kad laisv\u0117 ir \u201eM1\u201c yra lyg ir sinonimas. <\/p>\n<p>Noriu visiems priminti, kad kol mes \u0161ven\u010diame laisv\u0119, laisvei gresia pavojus. Tod\u0117l visus visus \u2013 ir \u017emones, ir k\u016br\u0117jus nor\u0117\u010diau pakviesti gruod\u017eio 9 dien\u0105 \u012f protest\u0105 u\u017e laisv\u0105 \u017eod\u012f. \u0160alin rankas nuo laisvo \u017eod\u017eio, m\u016bs\u0173 yra daugiau!\u201c \u2013 sak\u0117 M. Stonkus, o \u0161i jo kalba sulauk\u0117 garsi\u0173 plojim\u0173 ir palaikymo \u0161\u016bksni\u0173.<\/p>\n<p>\u201eDelfi\u201c primena, kad tre\u010diadienio vakaro muzikos apdovanojimuose skelbiami laim\u0117tojai 13-oje kategorij\u0173. Anks\u010diau organizatoriai nurod\u0117, kad 3 i\u0161 j\u0173 (\u201eU\u017e gars\u0105 pasaulyje\u201c, \u201eVisos Lietuvos muzika\u201c ir \u201eMet\u0173 muzikos prodiuseris\u201c) yra specialios, jose balsavimas nevyko. <\/p>\n<p>Kiek kitokiu principu buvo renkama ir \u201eMet\u0173 pra\u0161au nebegrokit\u201c daina. \u010cia vietoje pateikto s\u0105ra\u0161o savo norim\u0105 variant\u0105 \u012f tu\u0161\u010di\u0105 langel\u012f gal\u0117jo \u012fra\u0161yti kiekvienas pilietis, dalyvav\u0119s balsavime.<\/p>\n<p>\u012e likusi\u0173 9 nominacij\u0173 s\u0105ra\u0161\u0105 atlik\u0117jai pateko tik pagal asociacijos AGATA surinkt\u0105 radijo sto\u010di\u0173 bei muzikos klausymo platform\u0173 statistik\u0105, biliet\u0173 platintoj\u0173 pateiktus duomenis bei kitus muzikos industrijos rodiklius. Tarp nominacijose daugiausiai kart\u0173 atsid\u016brusi\u0173 atlik\u0117j\u0173 bei grupi\u0173 \u2013 \u201eKatarsis\u201c, Jessica Shy, Rokas Yan, \u201e\u017demaitukai\u201c, Lilas ir Innomine, \u201eSolo ansamblis\u201c ir kiti. <\/p>\n<p>Atsakomyb\u0117 i\u0161rinkti laim\u0117tojus buvo atiduodama \u012f publikos rankas.<\/p>\n<p>M1 muzikos apdovanojim\u0173 ceremonijos akimirkos:<\/p>\n<p>M1 muzikos apdovanojim\u0173 m\u0117lynasis kilimas:<\/p>\n","protected":false},"excerpt":{"rendered":"Renginio metu M. Stonkus kreip\u0117si \u012f renginio \u017ei\u016brovus ir prakalbo apie protest\u0105 bei pakviet\u0117 jame sudalyvauti visus \u017emones.&hellip;\n","protected":false},"author":2,"featured_media":53922,"comment_status":"","ping_status":"","sticky":false,"template":"","format":"standard","meta":{"footnotes":""},"categories":[21],"tags":[1968,113,334,37,39,36,38,40,9679,1537,5117,114],"class_list":{"0":"post-53921","1":"post","2":"type-post","3":"status-publish","4":"format-standard","5":"has-post-thumbnail","7":"category-pramogos","8":"tag-apdovanojimai","9":"tag-entertainment","10":"tag-gelmine-glemzaite","11":"tag-lietuva","12":"tag-lietuviu","13":"tag-lithuania","14":"tag-lithuanian","15":"tag-lt","16":"tag-m-1","17":"tag-mantas-stonkus","18":"tag-muzikos-apdovanojimai","19":"tag-pramogos"},"share_on_mastodon":{"url":"https:\/\/pubeurope.com\/@lt\/115657782428658230","error":""},"_links":{"self":[{"href":"https:\/\/www.europesays.com\/lt\/wp-json\/wp\/v2\/posts\/53921","targetHints":{"allow":["GET"]}}],"collection":[{"href":"https:\/\/www.europesays.com\/lt\/wp-json\/wp\/v2\/posts"}],"about":[{"href":"https:\/\/www.europesays.com\/lt\/wp-json\/wp\/v2\/types\/post"}],"author":[{"embeddable":true,"href":"https:\/\/www.europesays.com\/lt\/wp-json\/wp\/v2\/users\/2"}],"replies":[{"embeddable":true,"href":"https:\/\/www.europesays.com\/lt\/wp-json\/wp\/v2\/comments?post=53921"}],"version-history":[{"count":0,"href":"https:\/\/www.europesays.com\/lt\/wp-json\/wp\/v2\/posts\/53921\/revisions"}],"wp:featuredmedia":[{"embeddable":true,"href":"https:\/\/www.europesays.com\/lt\/wp-json\/wp\/v2\/media\/53922"}],"wp:attachment":[{"href":"https:\/\/www.europesays.com\/lt\/wp-json\/wp\/v2\/media?parent=53921"}],"wp:term":[{"taxonomy":"category","embeddable":true,"href":"https:\/\/www.europesays.com\/lt\/wp-json\/wp\/v2\/categories?post=53921"},{"taxonomy":"post_tag","embeddable":true,"href":"https:\/\/www.europesays.com\/lt\/wp-json\/wp\/v2\/tags?post=53921"}],"curies":[{"name":"wp","href":"https:\/\/api.w.org\/{rel}","templated":true}]}}