{"id":54143,"date":"2025-12-04T07:40:09","date_gmt":"2025-12-04T07:40:09","guid":{"rendered":"https:\/\/www.europesays.com\/lt\/54143\/"},"modified":"2025-12-04T07:40:09","modified_gmt":"2025-12-04T07:40:09","slug":"skaiva-jaseviciute-perdave-dviprasmiskus-linkejimus-egideliui-dalis-svarste-selui","status":"publish","type":"post","link":"https:\/\/www.europesays.com\/lt\/54143\/","title":{"rendered":"Skaiva Jasevi\u010di\u016bt\u0117 perdav\u0117 dviprasmi\u0161kus link\u0117jimus Egid\u0117liui: dalis svarst\u0117 \u2013 Selui?"},"content":{"rendered":"<p>\u012esib\u0117g\u0117jus renginiui scenoje pasirod\u0117 S. Jasevi\u010di\u016bt\u0117 su kolega Ri\u010dardu Mikavi\u010diumi ir kartu paskelb\u0117 \u201ePra\u0161u daugiau nebegrokit\u201c nominantus.<\/p>\n<p>Tiesa, prie\u0161 garsi\u0173 veid\u0173 pasirodym\u0105 ekranuose S. Jasevi\u010di\u016bt\u0117 u\u017esimin\u0117, kad vienas atlik\u0117jas pats pasisi\u016bl\u0117 save \u012f \u0161i\u0105 nominacij\u0105.<\/p>\n<p class=\"MsoNormal\">\u201eBet gal nemin\u0117kim jo vardo?\u201c \u2013 klaus\u0117 kolega R. Mikavi\u010dius.<\/p>\n<p class=\"MsoNormal\">\u201eGal nemin\u0117kim\u201c, \u2013 pritar\u0117 ir S. Jasevi\u010di\u016bt\u0117.<\/p>\n<p class=\"MsoNormal\">\u201eNe, ne, Skaiva, nemin\u0117kim, nesakykim jo vardo, negalima\u201c, \u2013 toliau jai sak\u0117 kolega R. Mikavi\u010dius.<\/p>\n<p class=\"MsoNormal\">\u201eLink\u0117jimai Egid\u0117liui\u201c, \u2013 mojuodama i\u0161tar\u0117 S. Jasevi\u010di\u016bt\u0117. <\/p>\n<p class=\"MsoNormal\">\u201eEi, Skaiva, k\u0105 tu darai, taigi tar\u0117m\u0117s, kad mes ne\u2026\u201c \u2013 skub\u0117jo savo koleg\u0119 stabdyti R. Mikavi\u010dius.<\/p>\n<p class=\"MsoNormal\"> \u201eNe, ne, palauk, a\u0161 tiesiog perduodu link\u0117jimus savo taksui, kuris \u017ei\u016bri LNK televizij\u0105. Nori, parodysiu nuotrauk\u0105? A\u0161 tau parodysiu jo nuotrauk\u0105\u201c, \u2013 sak\u0117 S. Jasevi\u010di\u016bt\u0117 ir ne tik kolegai, bet ir visiems \u017ei\u016brovams parod\u0117 savo augintinio nuotrauk\u0105.<\/p>\n<p>       <img decoding=\"async\" src=\"https:\/\/www.europesays.com\/lt\/wp-content\/uploads\/2025\/12\/9c0decaf-d462-440f-8b07-7299648feae2.jpg\" loading=\"lazy\" alt=\"Skaivos Jasevi\u010di\u016bt\u0117s augintinis\"\/>    <\/p>\n<p class=\"MsoNormal\">\u201eO kas \u010dia, sniegas jam ant nosies?\u201c \u2013 klaus\u0117 R. Mikavi\u010dius.<\/p>\n<p class=\"MsoNormal\">\u201eJo, \u010dia sniegas ant nosies, nes \u017eiema gi\u201c, \u2013 \u0161ypsojosi S. Jasevi\u010di\u016bt\u0117. <\/p>\n<p class=\"MsoNormal\">\u201eNu, fainai, link\u0117jimai, Egid\u0117ji, tau\u201c, \u2013 t\u0119s\u0117 R. Mikavi\u010dius. <\/p>\n<p class=\"MsoNormal\">Pana\u0161u, kad kalb\u0117dami apie S. Jasevi\u010di\u016bt\u0117s augintin\u012f renginio ved\u0117jai i\u0161 ties\u0173 mintyse tur\u0117jo E. Drag\u016bn\u0105 ir prie\u0161 rengin\u012f kilus\u012f skandal\u0105, kai garsus atlik\u0117jas atsisak\u0117 b\u016bti nominuotas vienoje i\u0161 kategorij\u0173.<\/p>\n<p class=\"MsoNormal\">\u201eDelfi\u201c primena, kad tre\u010diadienio vakaro muzikos apdovanojimuose paskelbti laim\u0117tojai 13-oje kategorij\u0173. Anks\u010diau organizatoriai nurod\u0117, kad 3 i\u0161 j\u0173 (\u201eU\u017e gars\u0105 pasaulyje\u201c, \u201eVisos Lietuvos muzika\u201c ir \u201eMet\u0173 muzikos prodiuseris\u201c) yra specialios, jose balsavimas nevyko. Kiek kitokiu principu buvo renkama ir \u201eMet\u0173 pra\u0161au nebegrokit\u201c daina. <\/p>\n<p class=\"MsoNormal\">\u010cia vietoje pateikto s\u0105ra\u0161o savo norim\u0105 variant\u0105 \u012f tu\u0161\u010di\u0105 langel\u012f gal\u0117jo \u012fra\u0161yti kiekvienas pilietis, dalyvav\u0119s balsavime. \u012e likusi\u0173 9 nominacij\u0173 s\u0105ra\u0161\u0105 atlik\u0117jai pateko tik pagal asociacijos AGATA surinkt\u0105 radijo sto\u010di\u0173 bei muzikos klausymo platform\u0173 statistik\u0105, biliet\u0173 platintoj\u0173 pateiktus duomenis bei kitus muzikos industrijos rodiklius. <\/p>\n<p class=\"MsoNormal\">Tarp nominacijose daugiausiai kart\u0173 atsid\u016brusi\u0173 atlik\u0117j\u0173 bei grupi\u0173 \u2013 \u201eKatarsis\u201c, Jessica Shy, Rokas Yan, \u201e\u017demaitukai\u201c, Lilas ir Innomine, \u201eSolo ansamblis\u201c ir kiti.<\/p>\n<p>M1 muzikos apdovanojim\u0173 ceremonijos akimirkos:<\/p>\n<p>M1 muzikos apdovanojim\u0173 m\u0117lynasis kilimas:<\/p>\n","protected":false},"excerpt":{"rendered":"\u012esib\u0117g\u0117jus renginiui scenoje pasirod\u0117 S. Jasevi\u010di\u016bt\u0117 su kolega Ri\u010dardu Mikavi\u010diumi ir kartu paskelb\u0117 \u201ePra\u0161u daugiau nebegrokit\u201c nominantus. Tiesa,&hellip;\n","protected":false},"author":2,"featured_media":54144,"comment_status":"","ping_status":"","sticky":false,"template":"","format":"standard","meta":{"footnotes":""},"categories":[21],"tags":[1881,113,37,39,36,38,40,114,13158],"class_list":{"0":"post-54143","1":"post","2":"type-post","3":"status-publish","4":"format-standard","5":"has-post-thumbnail","7":"category-pramogos","8":"tag-egidijus-dragunas","9":"tag-entertainment","10":"tag-lietuva","11":"tag-lietuviu","12":"tag-lithuania","13":"tag-lithuanian","14":"tag-lt","15":"tag-pramogos","16":"tag-skaiva-jaseviciute"},"share_on_mastodon":{"url":"https:\/\/pubeurope.com\/@lt\/115660169321575167","error":""},"_links":{"self":[{"href":"https:\/\/www.europesays.com\/lt\/wp-json\/wp\/v2\/posts\/54143","targetHints":{"allow":["GET"]}}],"collection":[{"href":"https:\/\/www.europesays.com\/lt\/wp-json\/wp\/v2\/posts"}],"about":[{"href":"https:\/\/www.europesays.com\/lt\/wp-json\/wp\/v2\/types\/post"}],"author":[{"embeddable":true,"href":"https:\/\/www.europesays.com\/lt\/wp-json\/wp\/v2\/users\/2"}],"replies":[{"embeddable":true,"href":"https:\/\/www.europesays.com\/lt\/wp-json\/wp\/v2\/comments?post=54143"}],"version-history":[{"count":0,"href":"https:\/\/www.europesays.com\/lt\/wp-json\/wp\/v2\/posts\/54143\/revisions"}],"wp:featuredmedia":[{"embeddable":true,"href":"https:\/\/www.europesays.com\/lt\/wp-json\/wp\/v2\/media\/54144"}],"wp:attachment":[{"href":"https:\/\/www.europesays.com\/lt\/wp-json\/wp\/v2\/media?parent=54143"}],"wp:term":[{"taxonomy":"category","embeddable":true,"href":"https:\/\/www.europesays.com\/lt\/wp-json\/wp\/v2\/categories?post=54143"},{"taxonomy":"post_tag","embeddable":true,"href":"https:\/\/www.europesays.com\/lt\/wp-json\/wp\/v2\/tags?post=54143"}],"curies":[{"name":"wp","href":"https:\/\/api.w.org\/{rel}","templated":true}]}}