{"id":54177,"date":"2025-12-04T08:09:14","date_gmt":"2025-12-04T08:09:14","guid":{"rendered":"https:\/\/www.europesays.com\/lt\/54177\/"},"modified":"2025-12-04T08:09:14","modified_gmt":"2025-12-04T08:09:14","slug":"bartkus-pasiunte-ispejima-ketiname-persekioti-kiekviena-kurio-veiksmai-trikdo-musu-oro-uostu-darba-verslas","status":"publish","type":"post","link":"https:\/\/www.europesays.com\/lt\/54177\/","title":{"rendered":"Bartkus pasiunt\u0117 \u012fsp\u0117jim\u0105: \u201eKetiname persekioti kiekvien\u0105, kurio veiksmai trikdo m\u016bs\u0173 oro uost\u0173 darb\u0105\u201c | Verslas"},"content":{"rendered":"<p>\n                Lietuvos oro uost\u0173 vadovas Simonas Bartkus pasidalijo jautriu lai\u0161ku Vilniaus oro uosto, per spal\u012f ir lapkrit\u012f 13 kart\u0173 u\u017edaryto d\u0117l kontrabandini\u0173 balion\u0173 i\u0161 Baltarusijos, darbuotojams. S.Bartkus teig\u0117, kad oro uostas ir oro linijos patyr\u0117 daugiau nei 750 t\u016bkst. eur\u0173 nuostol\u012f vien spal\u012f, tad artimiausiu metu \u012fmon\u0117 pateiks civilinius ie\u0161kinius prie\u0161 jau nustatytus asmenis, dalyvaujan\u010dius kontrabandos schemoje. \u201eKiekvienam, prisidedan\u010diam prie \u0161ios hibridin\u0117s atakos, ketinama padaryti gyvenim\u0105 kuo sud\u0117tingesn\u012f\u201c, \u2013 \u012fsp\u0117jo Lietuvos oro uost\u0173 vadovas.            <\/p>\n<p>\u0160io straipsnio \u012fgarsinimo gali klausyti tik 15min prenumeratoriai<\/p>\n<p>        <a onclick=\"$('html,body').animate({scrollTop: ($('.paid-content-text').offset().top - 150)}, 'slow'); gaTagEvent('navigation', 'nav_article', 'audio_prenumeruoti');\">Prenumeruoti<\/a><\/p>\n<p>\t\t\t\t<a href=\"https:\/\/s1.15min.lt\/images\/photos\/2025\/11\/21\/original\/simonas-bartkus-69205cc75a22b.jpg\" title=\"Teodoro Bili\u016bno \/ BNS nuotr. \/  Simonas Bartkus\" class=\"image-link\" rel=\"nofollow noopener\" target=\"_blank\"><br \/>\n\t\t\t<img decoding=\"async\" alt=\"Simonas Bartkus\" src=\"https:\/\/www.europesays.com\/lt\/wp-content\/uploads\/2025\/12\/simonas-bartkus-69205cc75a22b.jpg\" itemprop=\"image\" width=\"970\" height=\"580\" fetchpriority=\"high\"\/>\t\t\t\t\t<\/a><\/p>\n<p>\n        Simonas Bartkus  \/ Teodoro Bili\u016bno \/ BNS nuotr.\t<\/p>\n","protected":false},"excerpt":{"rendered":"Lietuvos oro uost\u0173 vadovas Simonas Bartkus pasidalijo jautriu lai\u0161ku Vilniaus oro uosto, per spal\u012f ir lapkrit\u012f 13 kart\u0173&hellip;\n","protected":false},"author":2,"featured_media":54178,"comment_status":"","ping_status":"","sticky":false,"template":"","format":"standard","meta":{"footnotes":""},"categories":[6],"tags":[25,30,31,34,35,24,32,33,37,39,36,38,40,23,22,28,29,26,27],"class_list":{"0":"post-54177","1":"post","2":"type-post","3":"status-publish","4":"format-standard","5":"has-post-thumbnail","7":"category-antrastes","8":"tag-antrastes","9":"tag-breaking-news","10":"tag-breakingnews","11":"tag-featured-news","12":"tag-featurednews","13":"tag-headlines","14":"tag-latest-news","15":"tag-latestnews","16":"tag-lietuva","17":"tag-lietuviu","18":"tag-lithuania","19":"tag-lithuanian","20":"tag-lt","21":"tag-naujienos","22":"tag-news","23":"tag-populiariausios-naujienos","24":"tag-populiariausiosnaujienos","25":"tag-top-stories","26":"tag-topstories"},"share_on_mastodon":{"url":"https:\/\/pubeurope.com\/@lt\/115660283228852567","error":""},"_links":{"self":[{"href":"https:\/\/www.europesays.com\/lt\/wp-json\/wp\/v2\/posts\/54177","targetHints":{"allow":["GET"]}}],"collection":[{"href":"https:\/\/www.europesays.com\/lt\/wp-json\/wp\/v2\/posts"}],"about":[{"href":"https:\/\/www.europesays.com\/lt\/wp-json\/wp\/v2\/types\/post"}],"author":[{"embeddable":true,"href":"https:\/\/www.europesays.com\/lt\/wp-json\/wp\/v2\/users\/2"}],"replies":[{"embeddable":true,"href":"https:\/\/www.europesays.com\/lt\/wp-json\/wp\/v2\/comments?post=54177"}],"version-history":[{"count":0,"href":"https:\/\/www.europesays.com\/lt\/wp-json\/wp\/v2\/posts\/54177\/revisions"}],"wp:featuredmedia":[{"embeddable":true,"href":"https:\/\/www.europesays.com\/lt\/wp-json\/wp\/v2\/media\/54178"}],"wp:attachment":[{"href":"https:\/\/www.europesays.com\/lt\/wp-json\/wp\/v2\/media?parent=54177"}],"wp:term":[{"taxonomy":"category","embeddable":true,"href":"https:\/\/www.europesays.com\/lt\/wp-json\/wp\/v2\/categories?post=54177"},{"taxonomy":"post_tag","embeddable":true,"href":"https:\/\/www.europesays.com\/lt\/wp-json\/wp\/v2\/tags?post=54177"}],"curies":[{"name":"wp","href":"https:\/\/api.w.org\/{rel}","templated":true}]}}