{"id":54217,"date":"2025-12-04T08:43:05","date_gmt":"2025-12-04T08:43:05","guid":{"rendered":"https:\/\/www.europesays.com\/lt\/54217\/"},"modified":"2025-12-04T08:43:05","modified_gmt":"2025-12-04T08:43:05","slug":"ukrainos-zurnalistai-tikina-pakalbine-putino-dukra","status":"publish","type":"post","link":"https:\/\/www.europesays.com\/lt\/54217\/","title":{"rendered":"Ukrainos \u017eurnalistai tikina pakalbin\u0119 Putino dukr\u0105"},"content":{"rendered":"<p>\u017durnalistai atkreip\u0117 d\u0117mes\u012f, kad meno galerija \u201eL gallery\u201c yra 20-ajame Pary\u017eiaus rajone, kur prakti\u0161kai neu\u017esuka turistai. Joje vos dvi nedidel\u0117s patalpos, kur telpa tik 20 paveiksl\u0173.<\/p>\n<p>Kaip nurodyta publikacijoje, kaip tik tre\u010diadien\u012f galerijoje atidaryta paroda, kurioje dalyvavo ir Liza, kuri\u0105 pranc\u016bzai vadina Luisa.<\/p>\n<p>\u201ePro aprasojus\u012f galerijos lang\u0105 i\u0161 prad\u017ei\u0173 buvo sunku j\u0105 \u012f\u017ei\u016br\u0117ti. Patalpoje buvo keliolika \u017emoni\u0173, gurk\u0161nojusi\u0173 alkoholinius g\u0117rimus ir ap\u017ei\u016brin\u0117jusi\u0173 paveikslus. Vien\u0105 akimirk\u0105 lange pasirod\u0117 stulbinamai \u012f Rusijos prezident\u0105 Vladimir\u0105 Putin\u0105 pana\u0161us veidas. Parodos lankytojai \u0117m\u0117 skirstytis po 21 valandos, ta\u010diau patalpoje vis dar buvo penki \u017emon\u0117s \u2013 du kuratoriai, du vadybininkai ir dar vienas asmuo, kuris tikriausiai buvo Lisos apsaugininkas\u201c, \u2013 ra\u0161oma straipsnyje.<\/p>\n<p>TSN teigia, kad apie 23.00 val. visi penki i\u0161 galerijos i\u0161\u0117jo \u012f lauk\u0105. Lisa i\u0161\u0117jo viena i\u0161 paskutini\u0173j\u0173.<\/p>\n<p>Publikacijoje ra\u0161oma, kad, pasirod\u017eius TSN \u017eurnalistui, jos aplinka, pana\u0161u, i\u0161sigando, o vyrukai tarsi suakmen\u0117jo. \u017durnalistas pasisveikino, prisistat\u0117 es\u0105s \u017eurnalistas i\u0161 Ukrainos ir paai\u0161kino nor\u012fs Lisai u\u017eduoti kelet\u0105 klausim\u0173.<\/p>\n<p>Lauke vykusio pokalbio metu V. Putino dukra vadinama mergina i\u0161 karto parei\u0161k\u0117 neleid\u017eianti jos filmuoti.<\/p>\n<p>\u201e\u017dinote, dabar Kyjivas s\u0117di be elektros. Ir kaip tik dabar v\u0117l skelbiamas oro pavojus. Mes to irgi neleid\u017eiame\u201c, \u2013 atsak\u0117 \u017eurnalistas.<\/p>\n<p>Toliau, kaip skelbia TSN, pokalbis klost\u0117si taip:<\/p>\n<p>\u2013 Kaip vertinate t\u0117vo politik\u0105? Palaikote?<\/p>\n<p>\u2013 Ar j\u012f palaikote?<\/p>\n<p>\u2013 K\u0105 tai turi bendro su manimi?<\/p>\n<p>\u2013 Na, jis j\u016bs\u0173 t\u0117vas. Bent jau galite jam paskambinti ir papra\u0161yti: \u201eT\u0117ti, liaukis ap\u0161aud\u0119s Kyjiv\u0105\u201c.<\/p>\n<p>\u2013 Na, pabandykite.<\/p>\n<p>\u2013 Galite nuvykti \u012f Kyjiv\u0105 ir suveikti kaip puikiausia prie\u0161l\u0117ktuvin\u0117 gynyba, geriau nei kokie \u201ePatriot\u201c. Arba galite dabar va\u017eiuoti \u012f Pokrovsk\u0105 ir visk\u0105 u\u017ebaigti.<\/p>\n<p>\u2013 Ar \u012fsivaizduojate, kaip a\u0161 dabar tai darysiu?<\/p>\n<p>\u017durnalistas parei\u0161k\u0117, kad mielai nupirkt\u0173 jai l\u0117ktuvo biliet\u0105 \u012f Kyjiv\u0105, bet, deja, d\u0117l jos t\u0117vo politikos l\u0117ktuvai \u012f Ukrain\u0105 neskraido.<\/p>\n<p>\u201eA\u0161, deja, niekuo negaliu pad\u0117ti. Man labai gaila. Manau, jums skyriau pakankamai laiko. Labai gaila, kad viskas vyksta b\u016btent taip. Deja, nesu u\u017e tai atsakinga. D\u017eiaugiuosi, kad tur\u0117jote dr\u0105sos su manimi pasikalb\u0117ti, bet, deja, negaliu jums pad\u0117ti. Linkiu gero vakaro. Iki pasimatymo\u201c, \u2013 pokalb\u012f nutrauk\u0117, kaip \u012ftariama, Rusijos prezidento dukra.<\/p>\n<p>V. Putino santykiai su S. Krivonogich, kaip sp\u0117jama, prasid\u0117jo paskutin\u012f XX am\u017eiaus de\u0161imtmet\u012f prie\u0161 jam tampant prezidentu, \u201eProjekt\u201c prie\u0161 penkerius metus citavo du moter\u012f pa\u017e\u012fstan\u010dius \u0161altinius. Ji dirbo valytoja ir gyveno komunaliniame bute, ta\u010diau netrukus po pa\u017einties \u201epersik\u0117l\u0117 \u012f presti\u017ei\u0161kiausi\u0105 Sankt Peterburgo b\u016bst\u0105\u201c. Poros santykiai truko iki XX am\u017eiaus pabaigos, tvirtino \u0161altiniai.<\/p>\n","protected":false},"excerpt":{"rendered":"\u017durnalistai atkreip\u0117 d\u0117mes\u012f, kad meno galerija \u201eL gallery\u201c yra 20-ajame Pary\u017eiaus rajone, kur prakti\u0161kai neu\u017esuka turistai. Joje vos&hellip;\n","protected":false},"author":2,"featured_media":54218,"comment_status":"","ping_status":"","sticky":false,"template":"","format":"standard","meta":{"footnotes":""},"categories":[15],"tags":[25,30,31,34,35,24,32,33,37,39,36,38,40,23,22,44,28,29,13173,26,27,120,74,75,76],"class_list":{"0":"post-54217","1":"post","2":"type-post","3":"status-publish","4":"format-standard","5":"has-post-thumbnail","7":"category-pasaulis","8":"tag-antrastes","9":"tag-breaking-news","10":"tag-breakingnews","11":"tag-featured-news","12":"tag-featurednews","13":"tag-headlines","14":"tag-latest-news","15":"tag-latestnews","16":"tag-lietuva","17":"tag-lietuviu","18":"tag-lithuania","19":"tag-lithuanian","20":"tag-lt","21":"tag-naujienos","22":"tag-news","23":"tag-pasaulis","24":"tag-populiariausios-naujienos","25":"tag-populiariausiosnaujienos","26":"tag-putino-dukros","27":"tag-top-stories","28":"tag-topstories","29":"tag-vladimiras-putinas","30":"tag-world","31":"tag-world-news","32":"tag-worldnews"},"share_on_mastodon":{"url":"https:\/\/pubeurope.com\/@lt\/115660416880426092","error":""},"_links":{"self":[{"href":"https:\/\/www.europesays.com\/lt\/wp-json\/wp\/v2\/posts\/54217","targetHints":{"allow":["GET"]}}],"collection":[{"href":"https:\/\/www.europesays.com\/lt\/wp-json\/wp\/v2\/posts"}],"about":[{"href":"https:\/\/www.europesays.com\/lt\/wp-json\/wp\/v2\/types\/post"}],"author":[{"embeddable":true,"href":"https:\/\/www.europesays.com\/lt\/wp-json\/wp\/v2\/users\/2"}],"replies":[{"embeddable":true,"href":"https:\/\/www.europesays.com\/lt\/wp-json\/wp\/v2\/comments?post=54217"}],"version-history":[{"count":0,"href":"https:\/\/www.europesays.com\/lt\/wp-json\/wp\/v2\/posts\/54217\/revisions"}],"wp:featuredmedia":[{"embeddable":true,"href":"https:\/\/www.europesays.com\/lt\/wp-json\/wp\/v2\/media\/54218"}],"wp:attachment":[{"href":"https:\/\/www.europesays.com\/lt\/wp-json\/wp\/v2\/media?parent=54217"}],"wp:term":[{"taxonomy":"category","embeddable":true,"href":"https:\/\/www.europesays.com\/lt\/wp-json\/wp\/v2\/categories?post=54217"},{"taxonomy":"post_tag","embeddable":true,"href":"https:\/\/www.europesays.com\/lt\/wp-json\/wp\/v2\/tags?post=54217"}],"curies":[{"name":"wp","href":"https:\/\/api.w.org\/{rel}","templated":true}]}}