{"id":54427,"date":"2025-12-04T12:27:09","date_gmt":"2025-12-04T12:27:09","guid":{"rendered":"https:\/\/www.europesays.com\/lt\/54427\/"},"modified":"2025-12-04T12:27:09","modified_gmt":"2025-12-04T12:27:09","slug":"zalgirio-sirgaliai-kvietimo-boikotuoti-krepsini-nepaise-delfi","status":"publish","type":"post","link":"https:\/\/www.europesays.com\/lt\/54427\/","title":{"rendered":"\u201e\u017dalgirio\u201c sirgaliai kvietimo \u201eboikotuoti krep\u0161in\u012f\u201c nepais\u0117 &#8211; Delfi"},"content":{"rendered":"<ol>\n<li><a href=\"https:\/\/news.google.com\/rss\/articles\/CBMiqAFBVV95cUxQTUxKa25Ja2EzRllCbEV6SUxRM3dVcDNIMkpKT2l5SjYyMVpsUkZkN2Y1WHJDc292ZkIxeXpwd1EtSUJSMEtEcVlheWJ2RzQ0R0d1MExPNk9DeVNTblkwbGFuVXdyYnJqUmRnbUhYVjVDeTFDTFU4ZnpmVFJkNk5LNFZQYXhVeW5PM0dubGNPaFBDMVRoOGNFS3REQkhHTEk5a2ZjTkI4eGo?oc=5\" target=\"_blank\" rel=\"nofollow noopener\">\u201e\u017dalgirio\u201c sirgaliai kvietimo \u201eboikotuoti krep\u0161in\u012f\u201c nepais\u0117<\/a>&nbsp;&nbsp;Delfi<\/li>\n<li><a href=\"https:\/\/news.google.com\/rss\/articles\/CBMirgFBVV95cUxPdDFqb2pxaVZfRVFtVzBHd051WVRsaVhuRUFjSVVETzFjd0dGMHNvcm9iMF9pekhCbkpTTXBkdzNDNjViLV8xTk4xNlVOR3F0VWIwUFFkTDVEZWZvTFgxaWM4d19XWDN5NUFObVlXYXVMUVdDYWROWVotdEthdjVVTU84enVJOTFDWEdvQlNiNUdRWTc5OWd0Tzc4SUhWdVFUNkpjTWI5UEs5bGVROWc?oc=5\" target=\"_blank\" rel=\"nofollow noopener\">\u201eMaccabi\u201c ekipoje \u2013 traum\u0105 i\u0161sigyd\u0119s \u017eaid\u0117jas ir neai\u0161kumas d\u0117l vedlio \/ Naujienos<\/a>&nbsp;&nbsp;BasketNews.lt<\/li>\n<li><a href=\"https:\/\/news.google.com\/rss\/articles\/CBMi1gFBVV95cUxQMU8xQnMzaTV2a0QxZ0E0d1pwLXhEWFVRUzl5T1ZacWtJVEQwOUZMaklCYkNSc1ZlQnNDbVl2akVXR1d6allidUt4b0xUTnQzWnM3WWNKYWg2cWxES001VUV6OXVrOS1kUFJOWXZiZi1SM1ZXcEc2SGxTZEhxb0Z6ekg5dnFKaEV4dTJXeFpQRmM4eklGdkFRaDE4LXZfUU50TVJXSUZhV19mSWhMbk8tazZ6NGY1ZF9uQzNrT1lwMkxwVEF0dVZIdGdSLV90Q3RINUwzWmZB?oc=5\" target=\"_blank\" rel=\"nofollow noopener\">Cisco \u0161ansus tapti Eurolygos MVP \u012fvertin\u0119 ekspertai: \u201e\u017dalgiris\u201c privalo \u012fveikti \u201eMaccabi\u201c<\/a>&nbsp;&nbsp;15min.lt<\/li>\n<li><a href=\"https:\/\/news.google.com\/rss\/articles\/CBMitAFBVV95cUxOejJ3Sy0tUEpKTk55M1JkZFRmazNJRngyd0hfbjRRWkJYWmRFS2JlLWJ3dVRIQ0JVMWpFMlNKLWtNMzRGMjdJSExSM3pGN1ZOdUdoWFF5Um1kc0xibmlBS0FDc0h5a0F5Q1IybzVMSVdaSnpZWnplU2YwRDRXNjdBWG1xX1JERVFnTEJDbmh3amVaWTRDYmJVQ0UydWlhdXF0Q2ZtMzl1cHduUzRtUmdTVkllLTA?oc=5\" target=\"_blank\" rel=\"nofollow noopener\">Prie\u0161 Eurolygos rungtynes Kaune \u2013 protestas prie\u0161 \u201e\u017dalgir\u012f\u201c ir \u201eMaccabi\u201c<\/a>&nbsp;&nbsp;Kas vyksta Kaune<\/li>\n<li><a href=\"https:\/\/news.google.com\/rss\/articles\/CBMi7AFBVV95cUxObEJ0bjVmUmJzV1FDd2lJUmI5V29HaFlvc3JTeUo4Sk05TlBZMGRjQmt0OUpzQ1JFY3E0ZjRMbFNXUmtDTG5CclFhc2pBR3diMzMteVE1Znl2M1gwUG5NamYtb0VxamhBMzhlQXpYc2hLX2djQWlSbGYwSXZnMlV1MmRLRGt5Q1MzaHFfdEdWNEQzcWdaVXY0cVF1bTYtTnBNUjE2c0lwZzM1azNZWEdRREFVSUtTUVc3bHRyd2FwbDFHTzNuUlpQSUNSRzc1NDBpSU1qWlBTNXEzUDF5X29ESlFmUTlzXzVzZGg0Vg?oc=5\" target=\"_blank\" rel=\"nofollow noopener\">\u201e\u010cia jis atvyks pasiruo\u0161\u0119s\u201c: prie\u0161 ma\u010d\u0105 su \u201eMaccabi\u201c \u2013 I. Brazdeikio mintys apie buvus\u012f \u017ealgiriet\u012f<\/a>&nbsp;&nbsp;Lrytas<\/li>\n<\/ol>\n","protected":false},"excerpt":{"rendered":"\u201e\u017dalgirio\u201c sirgaliai kvietimo \u201eboikotuoti krep\u0161in\u012f\u201c nepais\u0117&nbsp;&nbsp;Delfi \u201eMaccabi\u201c ekipoje \u2013 traum\u0105 i\u0161sigyd\u0119s \u017eaid\u0117jas ir neai\u0161kumas d\u0117l vedlio \/ Naujienos&nbsp;&nbsp;BasketNews.lt&hellip;\n","protected":false},"author":2,"featured_media":49460,"comment_status":"","ping_status":"","sticky":false,"template":"","format":"standard","meta":{"footnotes":""},"categories":[6],"tags":[25,30,31,34,35,24,328,32,33,37,39,36,38,40,23,22,28,29,2197,26,27],"class_list":{"0":"post-54427","1":"post","2":"type-post","3":"status-publish","4":"format-standard","5":"has-post-thumbnail","7":"category-antrastes","8":"tag-antrastes","9":"tag-breaking-news","10":"tag-breakingnews","11":"tag-featured-news","12":"tag-featurednews","13":"tag-headlines","14":"tag-kauno-zalgiris","15":"tag-latest-news","16":"tag-latestnews","17":"tag-lietuva","18":"tag-lietuviu","19":"tag-lithuania","20":"tag-lithuanian","21":"tag-lt","22":"tag-naujienos","23":"tag-news","24":"tag-populiariausios-naujienos","25":"tag-populiariausiosnaujienos","26":"tag-tel-avivo-maccabi","27":"tag-top-stories","28":"tag-topstories"},"share_on_mastodon":{"url":"https:\/\/pubeurope.com\/@lt\/115661297611964256","error":""},"_links":{"self":[{"href":"https:\/\/www.europesays.com\/lt\/wp-json\/wp\/v2\/posts\/54427","targetHints":{"allow":["GET"]}}],"collection":[{"href":"https:\/\/www.europesays.com\/lt\/wp-json\/wp\/v2\/posts"}],"about":[{"href":"https:\/\/www.europesays.com\/lt\/wp-json\/wp\/v2\/types\/post"}],"author":[{"embeddable":true,"href":"https:\/\/www.europesays.com\/lt\/wp-json\/wp\/v2\/users\/2"}],"replies":[{"embeddable":true,"href":"https:\/\/www.europesays.com\/lt\/wp-json\/wp\/v2\/comments?post=54427"}],"version-history":[{"count":0,"href":"https:\/\/www.europesays.com\/lt\/wp-json\/wp\/v2\/posts\/54427\/revisions"}],"wp:featuredmedia":[{"embeddable":true,"href":"https:\/\/www.europesays.com\/lt\/wp-json\/wp\/v2\/media\/49460"}],"wp:attachment":[{"href":"https:\/\/www.europesays.com\/lt\/wp-json\/wp\/v2\/media?parent=54427"}],"wp:term":[{"taxonomy":"category","embeddable":true,"href":"https:\/\/www.europesays.com\/lt\/wp-json\/wp\/v2\/categories?post=54427"},{"taxonomy":"post_tag","embeddable":true,"href":"https:\/\/www.europesays.com\/lt\/wp-json\/wp\/v2\/tags?post=54427"}],"curies":[{"name":"wp","href":"https:\/\/api.w.org\/{rel}","templated":true}]}}