{"id":54442,"date":"2025-12-04T12:44:16","date_gmt":"2025-12-04T12:44:16","guid":{"rendered":"https:\/\/www.europesays.com\/lt\/54442\/"},"modified":"2025-12-04T12:44:16","modified_gmt":"2025-12-04T12:44:16","slug":"cia-gyvena-geda-vilnieciai-protestuoja-jau-ir-per-googlemaps","status":"publish","type":"post","link":"https:\/\/www.europesays.com\/lt\/54442\/","title":{"rendered":"\u201e\u010cia gyvena G\u0117da\u201d &#8211; vilnie\u010diai protestuoja jau ir per \u201eGoogleMaps\u201c"},"content":{"rendered":"<p>Tai, kad lietuviams k\u016brybi\u0161kumo netr\u016bksta, buvo ai\u0161ku jau seniai. T\u0105 rodo ir dabartiniai kult\u016bros protestai ir daugyb\u0117 kit\u0173 situacij\u0173, kuomet lietuviai rod\u0117 savo pozicij\u0105. Dabartin\u0117 situacija \u0161alyje dar kart\u0105 i\u0161band\u0117 vilnie\u010di\u0173 k\u016brybi\u0161kum\u0105.<\/p>\n<p>Tokiu b\u016bdu, vertinant dabartin\u0119 situacij\u0105 \u0161alyje \u2013 prezident\u016bros neveiklum\u0105 atsi\u017evelgiant \u012f \u0161alyje vykstan\u010dius procesus ir gyventoj\u0173 protestus, gyventojai sugalvojo pa\u0161maik\u0161tauti ir tokiu b\u016bdu \u201eGoogle Maps\u201c \u017eem\u0117lapiuose prezidento namas dabar yra pa\u017eym\u0117tas pavadinimu \u201e\u010cia gyvena G\u0117da\u201d.<\/p>\n<p>Tai savoti\u0161kas protesto b\u016bdas. Gyventojai yra pavarg\u0119, kad procesai \u0161alyje nevyksta skland\u017eiai, j\u0173 balsas n\u0117ra girdimas, o prezidentas \u2013 arba atid\u0117lioja sprendim\u0173 pri\u0117mim\u0105, arba atrodo, kad j\u0173 tiesiog negirdi.<\/p>\n<p>Primename, kad neseniai apdovanojimo nepri\u0117m\u0117 iniciatyvos \u201e\u0160ilaini\u0173 sodai\u201c bendra\u012fk\u016br\u0117ja ir edukacin\u0117s programos VIII forte vadov\u0117 Evelina \u0160imkut\u0117. At\u0117jus jos nominacijos eilei, ji atsisak\u0117 atsiimti apdovanojim\u0105 i\u0161 \u0161alies prezidento Gitano Naus\u0117dos.<\/p>\n<p><a href=\"https:\/\/madeinvilnius.lt\/wp-content\/uploads\/2025\/12\/screenshot-2025-12-03-at-22-35-04-scaled.jpg\" rel=\"nofollow noopener\" target=\"_blank\"><img loading=\"lazy\" decoding=\"async\" width=\"1024\" height=\"559\" data-id=\"322440\" src=\"https:\/\/www.europesays.com\/lt\/wp-content\/uploads\/2025\/12\/screenshot-2025-12-03-at-22-35-04-1024x559.jpg\" alt=\"\" class=\"wp-image-322440\"\/><\/a>MadeinVilnius.lt informacij\u0105 skelbti, cituoti ar kitaip atgaminti visuomen\u0117s informavimo priemon\u0117se bei interneto tinklalapiuose be ra\u0161ti\u0161ko UAB \u201eNaujosios medijos grup\u0117s\u201c sutikimo neleid\u017eiama.<img decoding=\"async\" class=\"wp-image-10416 alignright\" src=\"https:\/\/www.europesays.com\/lt\/wp-content\/uploads\/2025\/11\/Made-In-Vilnius-main-RGB-e1665487819114.png\" alt=\"MadeinVilnius.lt\" width=\"100\" style=\"margin-right: 20px\"\/><\/p>\n","protected":false},"excerpt":{"rendered":"Tai, kad lietuviams k\u016brybi\u0161kumo netr\u016bksta, buvo ai\u0161ku jau seniai. T\u0105 rodo ir dabartiniai kult\u016bros protestai ir daugyb\u0117 kit\u0173&hellip;\n","protected":false},"author":2,"featured_media":54443,"comment_status":"","ping_status":"","sticky":false,"template":"","format":"standard","meta":{"footnotes":""},"categories":[13],"tags":[4406,25,30,31,34,35,24,32,33,37,39,36,38,40,1774,65,23,22,28,29,26,27],"class_list":{"0":"post-54442","1":"post","2":"type-post","3":"status-publish","4":"format-standard","5":"has-post-thumbnail","7":"category-lietuva","8":"tag-google","9":"tag-antrastes","10":"tag-breaking-news","11":"tag-breakingnews","12":"tag-featured-news","13":"tag-featurednews","14":"tag-headlines","15":"tag-latest-news","16":"tag-latestnews","17":"tag-lietuva","18":"tag-lietuviu","19":"tag-lithuania","20":"tag-lithuanian","21":"tag-lt","22":"tag-madeinvilnius","23":"tag-naujiena","24":"tag-naujienos","25":"tag-news","26":"tag-populiariausios-naujienos","27":"tag-populiariausiosnaujienos","28":"tag-top-stories","29":"tag-topstories"},"share_on_mastodon":{"url":"https:\/\/pubeurope.com\/@lt\/115661364515363802","error":""},"_links":{"self":[{"href":"https:\/\/www.europesays.com\/lt\/wp-json\/wp\/v2\/posts\/54442","targetHints":{"allow":["GET"]}}],"collection":[{"href":"https:\/\/www.europesays.com\/lt\/wp-json\/wp\/v2\/posts"}],"about":[{"href":"https:\/\/www.europesays.com\/lt\/wp-json\/wp\/v2\/types\/post"}],"author":[{"embeddable":true,"href":"https:\/\/www.europesays.com\/lt\/wp-json\/wp\/v2\/users\/2"}],"replies":[{"embeddable":true,"href":"https:\/\/www.europesays.com\/lt\/wp-json\/wp\/v2\/comments?post=54442"}],"version-history":[{"count":0,"href":"https:\/\/www.europesays.com\/lt\/wp-json\/wp\/v2\/posts\/54442\/revisions"}],"wp:featuredmedia":[{"embeddable":true,"href":"https:\/\/www.europesays.com\/lt\/wp-json\/wp\/v2\/media\/54443"}],"wp:attachment":[{"href":"https:\/\/www.europesays.com\/lt\/wp-json\/wp\/v2\/media?parent=54442"}],"wp:term":[{"taxonomy":"category","embeddable":true,"href":"https:\/\/www.europesays.com\/lt\/wp-json\/wp\/v2\/categories?post=54442"},{"taxonomy":"post_tag","embeddable":true,"href":"https:\/\/www.europesays.com\/lt\/wp-json\/wp\/v2\/tags?post=54442"}],"curies":[{"name":"wp","href":"https:\/\/api.w.org\/{rel}","templated":true}]}}