{"id":54605,"date":"2025-12-04T16:20:12","date_gmt":"2025-12-04T16:20:12","guid":{"rendered":"https:\/\/www.europesays.com\/lt\/54605\/"},"modified":"2025-12-04T16:20:12","modified_gmt":"2025-12-04T16:20:12","slug":"nauseda-lrt-pakeitimai-turi-atitikti-neutralumo-atsakomybes-ir-skaidrumo-principus","status":"publish","type":"post","link":"https:\/\/www.europesays.com\/lt\/54605\/","title":{"rendered":"Naus\u0117da: LRT pakeitimai turi atitikti neutralumo, atsakomyb\u0117s ir skaidrumo principus"},"content":{"rendered":"<p>\u201eLietuva u\u017eima 14 viet\u0105 Globaliame \u017einiasklaidos laisv\u0117s indekse. Mes esame suinteresuoti i\u0161saugoti \u0161i\u0105 puiki\u0105 viet\u0105 ateityje. Visi \u012fstatym\u0173 pakeitimai turi atitikti politinio neutralumo, atsakomyb\u0117s, skaidrumo principus. Tai ypa\u010d taikoma nacionaliniam transliuotojui. Manau, turime laikytis \u0161i\u0173 taisykli\u0173 ir princip\u0173 atlikdami bet kokius \u012fstatym\u0173 pakeitimus\u201c, \u2013 po susitikimo su Latvijos ir Estijos prezidentais surengtoje spaudos konferencijoje sak\u0117 G. Naus\u0117da, kur\u012f cituoja portalas LRT.lt.<\/p>\n<p>Tiesa, prezidentas tre\u010diadien\u012f pasira\u0161\u0117 parlamento sprendim\u0105 trejiems metams \u012f\u0161aldyti visuomeninio transliuotojo biud\u017eet\u0105.<\/p>\n<p>\u201eEsame situacijoje, kai Lietuva siekia gynybai kit\u0105met skirti 5,38 proc. m\u016bs\u0173 BVP. \u017dinoma, tai rei\u0161kia, kad ver\u017etis dir\u017eus yra daugelio institucij\u0173 prioritetas. Mes stengiam\u0117s kuo geriau i\u0161saugoti taupyti l\u0117\u0161as ir jas leisti svarbiausiems prioritetams \u0161iandien Lietuvoje ir, \u017einoma, ne tik Lietuvoje, bet ir regione ir Ryt\u0173 flange\u201c, \u2013 komentuodamas tok\u012f sprendim\u0105 akcentavo \u0161alies vadovas.<\/p>\n<p>Kaip skelbta, vie\u0161ojoje erdv\u0117je verda diskusijos d\u0117l Seime keli\u0105 besiskinan\u010di\u0173 iniciatyv\u0173, susijusi\u0173 su LRT. Pra\u0117jusi\u0105 savait\u0119 Seimas po pateikimo pritar\u0117 si\u016blymui supaprastinti LRT generalinio direktoriaus atleidimo tvark\u0105.<\/p>\n<p>Parlamentarai pasi\u016bl\u0117 numatyti, kad visuomeninio transliuotojo taryba LRT generalin\u012f direktori\u0173 gal\u0117t\u0173 atleisti slaptu balsavimu, ne ma\u017eiau kaip 1\/2 vis\u0173 tarybos nari\u0173 balsais.<\/p>\n<p>\u0160iuo metu \u012fstatymas numato galimyb\u0119 atleisti LRT generalin\u012f direktori\u0173 tik tuo atveju, jeigu u\u017e tok\u012f nepasitik\u0117jim\u0105 balsuoja ne ma\u017eiau kaip 2\/3 vis\u0173 tarybos nari\u0173. Beje, \u0161is balsavimas yra atviras. Taip pat LRT taryba pareik\u0161t\u0105 nepasitik\u0117jim\u0105 generaliniu direktoriumi turi pagr\u012fsti vie\u0161uoju interesu.<\/p>\n<p>Seimo veiksmams prie\u0161 LRT prie\u0161taraujanti \u017einiasklaidos bendruomen\u0117 pirmadien\u012f prane\u0161\u0117 pradedanti savait\u0119 truksian\u010dias protesto akcijas, kurias vainikuos kit\u0105 savait\u0119 prie Seimo vyksiantis mitingas. Bendruomen\u0117 reikalauja parlamentar\u0173 atmesti su LRT vadovo atleidimo tvarkos pakeitimais susijusias \u012fstatymo pataisas ir \u012fsp\u0117ja, kad jos kelia gr\u0117sm\u0119 visuomeninio transliuotojo nepriklausomumui, pana\u0161\u0117ja \u012f bandym\u0105 u\u017evaldyti LRT.<\/p>\n","protected":false},"excerpt":{"rendered":"\u201eLietuva u\u017eima 14 viet\u0105 Globaliame \u017einiasklaidos laisv\u0117s indekse. Mes esame suinteresuoti i\u0161saugoti \u0161i\u0105 puiki\u0105 viet\u0105 ateityje. Visi \u012fstatym\u0173&hellip;\n","protected":false},"author":2,"featured_media":54606,"comment_status":"","ping_status":"","sticky":false,"template":"","format":"standard","meta":{"footnotes":""},"categories":[13],"tags":[25,30,31,34,35,24,32,33,37,39,36,38,519,40,23,22,28,29,26,27],"class_list":{"0":"post-54605","1":"post","2":"type-post","3":"status-publish","4":"format-standard","5":"has-post-thumbnail","7":"category-lietuva","8":"tag-antrastes","9":"tag-breaking-news","10":"tag-breakingnews","11":"tag-featured-news","12":"tag-featurednews","13":"tag-headlines","14":"tag-latest-news","15":"tag-latestnews","16":"tag-lietuva","17":"tag-lietuviu","18":"tag-lithuania","19":"tag-lithuanian","20":"tag-lrt","21":"tag-lt","22":"tag-naujienos","23":"tag-news","24":"tag-populiariausios-naujienos","25":"tag-populiariausiosnaujienos","26":"tag-top-stories","27":"tag-topstories"},"share_on_mastodon":{"url":"https:\/\/pubeurope.com\/@lt\/115662213822376884","error":""},"_links":{"self":[{"href":"https:\/\/www.europesays.com\/lt\/wp-json\/wp\/v2\/posts\/54605","targetHints":{"allow":["GET"]}}],"collection":[{"href":"https:\/\/www.europesays.com\/lt\/wp-json\/wp\/v2\/posts"}],"about":[{"href":"https:\/\/www.europesays.com\/lt\/wp-json\/wp\/v2\/types\/post"}],"author":[{"embeddable":true,"href":"https:\/\/www.europesays.com\/lt\/wp-json\/wp\/v2\/users\/2"}],"replies":[{"embeddable":true,"href":"https:\/\/www.europesays.com\/lt\/wp-json\/wp\/v2\/comments?post=54605"}],"version-history":[{"count":0,"href":"https:\/\/www.europesays.com\/lt\/wp-json\/wp\/v2\/posts\/54605\/revisions"}],"wp:featuredmedia":[{"embeddable":true,"href":"https:\/\/www.europesays.com\/lt\/wp-json\/wp\/v2\/media\/54606"}],"wp:attachment":[{"href":"https:\/\/www.europesays.com\/lt\/wp-json\/wp\/v2\/media?parent=54605"}],"wp:term":[{"taxonomy":"category","embeddable":true,"href":"https:\/\/www.europesays.com\/lt\/wp-json\/wp\/v2\/categories?post=54605"},{"taxonomy":"post_tag","embeddable":true,"href":"https:\/\/www.europesays.com\/lt\/wp-json\/wp\/v2\/tags?post=54605"}],"curies":[{"name":"wp","href":"https:\/\/api.w.org\/{rel}","templated":true}]}}