{"id":54621,"date":"2025-12-04T16:47:12","date_gmt":"2025-12-04T16:47:12","guid":{"rendered":"https:\/\/www.europesays.com\/lt\/54621\/"},"modified":"2025-12-04T16:47:12","modified_gmt":"2025-12-04T16:47:12","slug":"buves-siauliu-treneris-vadovaus-pasaulio-cempionato-atrankoje-driokstelejusiai-azijos-rinktinei","status":"publish","type":"post","link":"https:\/\/www.europesays.com\/lt\/54621\/","title":{"rendered":"Buv\u0119s \u201e\u0160iauli\u0173\u201c treneris vadovaus pasaulio \u010dempionato atrankoje driokstel\u0117jusiai Azijos rinktinei"},"content":{"rendered":"\n<p class=\"western\">45-eri\u0173 specialist\u0105 pasikviet\u0117 Piet\u0173 Kor\u0117jos krep\u0161inio rinktin\u0117. Jis tapo pirmuoju u\u017esienie\u010diu prie pastarosios vairo.<\/p>\n<p class=\"western\">Kor\u0117jie\u010diai pirmajame pasaulio \u010dempionato atrankos var\u017eyb\u0173 \u201elange\u201c pra\u0117jusi\u0105 savait\u0119 du kartus nugal\u0117jo Kinijos nacionalin\u0119 komand\u0105.<\/p>\n<p class=\"western\">N. Mazuras 2023-iaisiais buvo pasira\u0161\u0119s trej\u0173 met\u0173 sutart\u012f su <a rel=\"noopener nofollow\" target=\"_blank\" href=\"https:\/\/www.delfi.lt\/temos\/siauliai\" tag-id=\"82305935\">\u201e\u0160iauliais\u201c<\/a>, ta\u010diau dirbo tik kelis m\u0117nesius ir buvo atleistas d\u0117l prast\u0173 rezultat\u0173.<\/p>\n<p class=\"western\">Jis taip pat yra trenirav\u0119s \u012fvairi\u0173 am\u017eiaus grupi\u0173 Latvijos jaunimo rinktines, klubus t\u0117vyn\u0117je, Estijoje, Gruzijoje ir Rusijoje.<\/p>\n","protected":false},"excerpt":{"rendered":"45-eri\u0173 specialist\u0105 pasikviet\u0117 Piet\u0173 Kor\u0117jos krep\u0161inio rinktin\u0117. Jis tapo pirmuoju u\u017esienie\u010diu prie pastarosios vairo. Kor\u0117jie\u010diai pirmajame pasaulio \u010dempionato&hellip;\n","protected":false},"author":2,"featured_media":54622,"comment_status":"","ping_status":"","sticky":false,"template":"","format":"standard","meta":{"footnotes":""},"categories":[19],"tags":[2450,37,39,36,38,40,47,104],"class_list":{"0":"post-54621","1":"post","2":"type-post","3":"status-publish","4":"format-standard","5":"has-post-thumbnail","7":"category-sportas","8":"tag-siauliai","9":"tag-lietuva","10":"tag-lietuviu","11":"tag-lithuania","12":"tag-lithuanian","13":"tag-lt","14":"tag-sportas","15":"tag-sports"},"share_on_mastodon":{"url":"https:\/\/pubeurope.com\/@lt\/115662320025262131","error":""},"_links":{"self":[{"href":"https:\/\/www.europesays.com\/lt\/wp-json\/wp\/v2\/posts\/54621","targetHints":{"allow":["GET"]}}],"collection":[{"href":"https:\/\/www.europesays.com\/lt\/wp-json\/wp\/v2\/posts"}],"about":[{"href":"https:\/\/www.europesays.com\/lt\/wp-json\/wp\/v2\/types\/post"}],"author":[{"embeddable":true,"href":"https:\/\/www.europesays.com\/lt\/wp-json\/wp\/v2\/users\/2"}],"replies":[{"embeddable":true,"href":"https:\/\/www.europesays.com\/lt\/wp-json\/wp\/v2\/comments?post=54621"}],"version-history":[{"count":0,"href":"https:\/\/www.europesays.com\/lt\/wp-json\/wp\/v2\/posts\/54621\/revisions"}],"wp:featuredmedia":[{"embeddable":true,"href":"https:\/\/www.europesays.com\/lt\/wp-json\/wp\/v2\/media\/54622"}],"wp:attachment":[{"href":"https:\/\/www.europesays.com\/lt\/wp-json\/wp\/v2\/media?parent=54621"}],"wp:term":[{"taxonomy":"category","embeddable":true,"href":"https:\/\/www.europesays.com\/lt\/wp-json\/wp\/v2\/categories?post=54621"},{"taxonomy":"post_tag","embeddable":true,"href":"https:\/\/www.europesays.com\/lt\/wp-json\/wp\/v2\/tags?post=54621"}],"curies":[{"name":"wp","href":"https:\/\/api.w.org\/{rel}","templated":true}]}}