{"id":54640,"date":"2025-12-04T17:08:19","date_gmt":"2025-12-04T17:08:19","guid":{"rendered":"https:\/\/www.europesays.com\/lt\/54640\/"},"modified":"2025-12-04T17:08:19","modified_gmt":"2025-12-04T17:08:19","slug":"vilniuje-lidl-atidare-naujo-tipo-parduotuve","status":"publish","type":"post","link":"https:\/\/www.europesays.com\/lt\/54640\/","title":{"rendered":"Vilniuje \u201eLidl\u201c atidar\u0117 naujo\u00a0tipo parduotuv\u0119"},"content":{"rendered":"<p>\u017dem\u0173 kain\u0173 prekybos tinklas \u201e<a style=\"font-weight:bold;\" href=\"https:\/\/madeinvilnius.lt\/tema\/lidl\/\" target=\"_blank\" rel=\"nofollow noopener\">Lidl<\/a>\u201c atidar\u0117 nauj\u0105\u00a0Metropol\u00a0tipo parduotuv\u0119 \u0161iaurin\u0117je Vilniaus dalyje, Visoriuose, adresu Bajor\u0173 kelias 6. Parduotuv\u0117 kasdien dirbs nuo 8 iki 22 valandos. Dvi pirm\u0105sias parduotuv\u0117s darbo dienas klient\u0173 lauks ne tik i\u0161skirtiniai \u017eem\u0173 kain\u0173 pasi\u016blymai, bet ir Kal\u0117d\u0173 senelis bei \u201eLidl Plus\u201c ekspert\u0173 komanda, kuri pad\u0117s \u012fsidiegti program\u0117l\u0119 telefone bei patars, kaip ja naudotis ir sutaupyti apsiperkant.\u00a0<\/p>\n<p>Parduotuv\u0117s atidarymas sulauk\u0117 didelio Visori\u0173 bendruomen\u0117s d\u0117mesio ir klient\u0173 susidom\u0117jimo. Dar prie\u0161 atveriant duris b\u016briavosi gyventojai, laukiantys naujosios parduotuv\u0117s atidarymo ir galimyb\u0117s pasinaudoti i\u0161skirtiniais \u017eem\u0173 kain\u0173 pasi\u016blymais \u2013 \u0161ia proga klient\u0173 lauk\u0117 \u012fvairios pramogos, vai\u0161\u0117s, special\u016bs pasi\u016blymai tiek maisto, tiek ir ne maisto prek\u0117ms, kurie leid\u017eia apsipirkti u\u017e jau \u012fprast\u0105 \u017eem\u0105 \u201eLidl\u201c kain\u0105.<\/p>\n<p>\u201eParduotuv\u0117s atidarymo metu siekiame sukurti \u0161vent\u0119 vietos bendruomenei, kurios dalimi nuo \u0161iol tampame. Pirm\u0105sias dvi atidarymo dienas art\u0117jan\u010di\u0173 \u0161ven\u010di\u0173 pad\u0117s laukti Kal\u0117d\u0173 Senelis, su kuriuo galima nusifotografuoti specialiai \u012fkurtoje kal\u0117din\u0117je erdv\u0117je, o \u201eLidl Plus\u201c komanda visiems norintiems pad\u0117s \u012fdiegti program\u0117l\u0119, kuri leis dar labiau sutaupyti apsiperkant\u201c, \u2013 kalb\u0117jo \u201eLidl Lietuva\u201c korporatyvini\u0173 reikal\u0173 ir komunikacijos vadovas Antanas Bubnelis.<\/p>\n<p>Naujos parduotuv\u0117s atidarymo proga gruod\u017eio 4\u20135 dienomis, nuo 16 iki 20 val. parduotuv\u0117je lankysis Kal\u0117d\u0173 Senelis. Jis kvies pabendrauti, pasivai\u0161inti saldumynais bei nusifotografuoti specialiai \u012frengtoje kal\u0117din\u0117je erdv\u0117je, o nuotrauk\u0105 bus galima i\u0161kart atsiimti dovan\u0173.<\/p>\n<p>Dvi pirm\u0105sias naujosios parduotuv\u0117s darbo dienas,\u00a0nuo 8 iki 16 val. klient\u0173 laukia \u201eLidl Plus\u201c ekspert\u0173 komanda, kuri pad\u0117s \u012fdiegti program\u0117l\u0119 bei pristatys, kaip ja naudotis. Program\u0117l\u0117je \u201eLidl Plus\u201c klientai randa tik jiems skirtus prekybos tinklo nuolaid\u0173 kuponus, kitus specialius pasi\u016blymus, skaitmeninius apsipirkimo kvitus ir apsipirkimo istorij\u0105, taip pat gali dalyvauti specialiuose \u017eaidimuose bei naudotis partneri\u0173 pasi\u016blymais ir sutaupyti.<\/p>\n<p>Atidarymo proga, nuo ketvirtadienio iki sekmadienio, kiekvienam naujojoje parduotuv\u0117je apsipirkusiam bent u\u017e 40 eur\u0173 ir pasinaudojus \u201eLidl Plus\u201c, bus suteikiamas 4 eur\u0173 nuolaidos kuponas kitam apsipirkimui.<\/p>\n<p>I\u0161skirtin\u0117 Metropol tipo parduotuv\u0117<\/p>\n<p>Parduotuv\u0117 \u012fsik\u016brusi tarp dviej\u0173 svarbi\u0173 gatvi\u0173 Visoriuose \u2013Mokslinink\u0173 gatv\u0117s ir Bajor\u0173 kelio.Parduotuv\u0117s vieta yra gamtos apsuptyje, ta\u010diau kartu arti miesto susisiekimo arterij\u0173, tod\u0117l patogiai pasiekiama tiek p\u0117s\u010diomis, tiek transportu.<\/p>\n<p>Atsi\u017evelgus \u012f vietos bendruomen\u0119, buvo pritaikyti nestandartiniai sprendimai, kurie u\u017etikrina patogias prieigas aplinkini\u0173 nam\u0173 gyventojams ir saug\u0173 p\u0117s\u010di\u0173j\u0173 jud\u0117jim\u0105.\u00a0Parduotuv\u0117 yra Metropol tipo, jos <a style=\"font-weight:bold;\" href=\"https:\/\/madeinvilnius.lt\/tema\/stovejimo-aiksteles\/\" target=\"_blank\" rel=\"nofollow noopener\">automobili\u0173 stov\u0117jimo aik\u0161tel\u0117<\/a> yra pirmame auk\u0161te, o prekybinis plotas \u2013 antrame, \u012f kur\u012f pirk\u0117jai gali u\u017ekilti eskalatoriumi. \u0160is parduotuvi\u0173 pastat\u0173 tipas yra pritaikytas didiesiems miestams ar j\u0173 centrams, tokiu b\u016bdu taupiai i\u0161naudojant miesto plot\u0105. Patogioje ir erdvioje stov\u0117jimo aik\u0161tel\u0117je klientai visuomet ras vietos savo automobiliui, joje taip pat \u012frengta greitojo \u012fkrovimo elektromobilio stotel\u0117.<\/p>\n<p>Tai ketvirta Metropol tipo \u201eLidl\u201c parduotuv\u0117 Lietuvoje. Iki \u0161iol dvi tokio tipo parduotuv\u0117s veikia Vilniuje, Sausio 13-osios bei Liepkalnio gatv\u0117se, bei viena <a style=\"font-weight:bold;\" href=\"https:\/\/madeinvilnius.lt\/tema\/kaunas\/\" target=\"_blank\" rel=\"nofollow noopener\">Kaune<\/a> \u2013 Savanori\u0173 prospekte.<\/p>\n<p>Naujojoje parduotuv\u0117je veikia 5 \u012fprastos ir 8 savitarnos\u00a0XXL dyd\u017eio kasos, kurios puikiai pritaikytos esant didesniems pirkiniams bei greitiems apsipirkimams. Skai\u010diuojama, kad savitarnos kasose atsiskaityti u\u017e prekes galima per vidutini\u0161kai 2 minutes.<\/p>\n<p>Parduotuv\u0117s komand\u0105 sudaro ma\u017edaug 30 darbuotoj\u0173.\u00a0Konkurencingiausi\u0105 i\u0161 did\u017ei\u0173j\u0173 \u0161alies prekybos tinkl\u0173 atlyginimus mokan\u010dio \u201eLidl\u201c vidutinis atlyginimas, \u201eRekvizitai.lt\u201c 2025 met\u0173 spalio m\u0117nesio duomenimis, siek\u0117 2383,90 eur\u0173prie\u0161 mokes\u010dius.<\/p>\n<p><a href=\"https:\/\/madeinvilnius.lt\/wp-content\/uploads\/2025\/12\/original-akimirkosilidlparduotuvsatidarymovisoriuosevilniuje1.jpg\" rel=\"nofollow noopener\" target=\"_blank\"><img loading=\"lazy\" decoding=\"async\" width=\"1024\" height=\"683\" data-id=\"322507\" src=\"https:\/\/www.europesays.com\/lt\/wp-content\/uploads\/2025\/12\/original-akimirkosilidlparduotuvsatidarymovisoriuosevilniuje1-1024x683.jpg\" alt=\"\" class=\"wp-image-322507\"\/><\/a><a href=\"https:\/\/madeinvilnius.lt\/wp-content\/uploads\/2025\/12\/original-akimirkosilidlparduotuvsatidarymovisoriuosevilniuje3.jpg\" rel=\"nofollow noopener\" target=\"_blank\"><img loading=\"lazy\" decoding=\"async\" width=\"1024\" height=\"683\" data-id=\"322504\" src=\"https:\/\/www.europesays.com\/lt\/wp-content\/uploads\/2025\/12\/original-akimirkosilidlparduotuvsatidarymovisoriuosevilniuje3-1024x683.jpg\" alt=\"\" class=\"wp-image-322504\"\/><\/a><a href=\"https:\/\/madeinvilnius.lt\/wp-content\/uploads\/2025\/12\/original-akimirkosilidlparduotuvsatidarymovisoriuosevilniuje4.jpg\" rel=\"nofollow noopener\" target=\"_blank\"><img loading=\"lazy\" decoding=\"async\" width=\"1024\" height=\"683\" data-id=\"322501\" src=\"https:\/\/www.europesays.com\/lt\/wp-content\/uploads\/2025\/12\/original-akimirkosilidlparduotuvsatidarymovisoriuosevilniuje4-1024x683.jpg\" alt=\"\" class=\"wp-image-322501\"\/><\/a><a href=\"https:\/\/madeinvilnius.lt\/wp-content\/uploads\/2025\/12\/original-akimirkosilidlparduotuvsatidarymovisoriuosevilniuje5.jpg\" rel=\"nofollow noopener\" target=\"_blank\"><img loading=\"lazy\" decoding=\"async\" width=\"1024\" height=\"683\" data-id=\"322502\" src=\"https:\/\/www.europesays.com\/lt\/wp-content\/uploads\/2025\/12\/original-akimirkosilidlparduotuvsatidarymovisoriuosevilniuje5-1024x683.jpg\" alt=\"\" class=\"wp-image-322502\"\/><\/a><a href=\"https:\/\/madeinvilnius.lt\/wp-content\/uploads\/2025\/12\/original-akimirkosilidlparduotuvsatidarymovisoriuosevilniuje6.jpg\" rel=\"nofollow noopener\" target=\"_blank\"><img loading=\"lazy\" decoding=\"async\" width=\"1024\" height=\"683\" data-id=\"322503\" src=\"https:\/\/www.europesays.com\/lt\/wp-content\/uploads\/2025\/12\/original-akimirkosilidlparduotuvsatidarymovisoriuosevilniuje6-1024x683.jpg\" alt=\"\" class=\"wp-image-322503\"\/><\/a><a href=\"https:\/\/madeinvilnius.lt\/wp-content\/uploads\/2025\/12\/original-akimirkosilidlparduotuvsatidarymovisoriuosevilniuje7.jpg\" rel=\"nofollow noopener\" target=\"_blank\"><img loading=\"lazy\" decoding=\"async\" width=\"1024\" height=\"683\" data-id=\"322505\" src=\"https:\/\/www.europesays.com\/lt\/wp-content\/uploads\/2025\/12\/original-akimirkosilidlparduotuvsatidarymovisoriuosevilniuje7-1024x683.jpg\" alt=\"\" class=\"wp-image-322505\"\/><\/a><a href=\"https:\/\/madeinvilnius.lt\/wp-content\/uploads\/2025\/12\/original-akimirkosilidlparduotuvsatidarymovisoriuosevilniuje8.jpg\" rel=\"nofollow noopener\" target=\"_blank\"><img loading=\"lazy\" decoding=\"async\" width=\"1024\" height=\"767\" data-id=\"322506\" src=\"https:\/\/www.europesays.com\/lt\/wp-content\/uploads\/2025\/12\/original-akimirkosilidlparduotuvsatidarymovisoriuosevilniuje8-1024x767.jpg\" alt=\"\" class=\"wp-image-322506\"\/><\/a><a href=\"https:\/\/madeinvilnius.lt\/wp-content\/uploads\/2025\/12\/original-akimirkosilidlparduotuvsatidarymovisoriuosevilniuje9.jpg\" rel=\"nofollow noopener\" target=\"_blank\"><img loading=\"lazy\" decoding=\"async\" width=\"1024\" height=\"767\" data-id=\"322508\" src=\"https:\/\/www.europesays.com\/lt\/wp-content\/uploads\/2025\/12\/original-akimirkosilidlparduotuvsatidarymovisoriuosevilniuje9-1024x767.jpg\" alt=\"\" class=\"wp-image-322508\"\/><\/a><\/p>\n","protected":false},"excerpt":{"rendered":"\u017dem\u0173 kain\u0173 prekybos tinklas \u201eLidl\u201c atidar\u0117 nauj\u0105\u00a0Metropol\u00a0tipo parduotuv\u0119 \u0161iaurin\u0117je Vilniaus dalyje, Visoriuose, adresu Bajor\u0173 kelias 6. Parduotuv\u0117 kasdien&hellip;\n","protected":false},"author":2,"featured_media":54641,"comment_status":"","ping_status":"","sticky":false,"template":"","format":"standard","meta":{"footnotes":""},"categories":[13],"tags":[25,30,31,34,35,24,32,33,7365,37,39,36,38,40,65,23,22,28,29,26,27],"class_list":{"0":"post-54640","1":"post","2":"type-post","3":"status-publish","4":"format-standard","5":"has-post-thumbnail","7":"category-lietuva","8":"tag-antrastes","9":"tag-breaking-news","10":"tag-breakingnews","11":"tag-featured-news","12":"tag-featurednews","13":"tag-headlines","14":"tag-latest-news","15":"tag-latestnews","16":"tag-lidl","17":"tag-lietuva","18":"tag-lietuviu","19":"tag-lithuania","20":"tag-lithuanian","21":"tag-lt","22":"tag-naujiena","23":"tag-naujienos","24":"tag-news","25":"tag-populiariausios-naujienos","26":"tag-populiariausiosnaujienos","27":"tag-top-stories","28":"tag-topstories"},"share_on_mastodon":{"url":"https:\/\/pubeurope.com\/@lt\/115662402714565892","error":""},"_links":{"self":[{"href":"https:\/\/www.europesays.com\/lt\/wp-json\/wp\/v2\/posts\/54640","targetHints":{"allow":["GET"]}}],"collection":[{"href":"https:\/\/www.europesays.com\/lt\/wp-json\/wp\/v2\/posts"}],"about":[{"href":"https:\/\/www.europesays.com\/lt\/wp-json\/wp\/v2\/types\/post"}],"author":[{"embeddable":true,"href":"https:\/\/www.europesays.com\/lt\/wp-json\/wp\/v2\/users\/2"}],"replies":[{"embeddable":true,"href":"https:\/\/www.europesays.com\/lt\/wp-json\/wp\/v2\/comments?post=54640"}],"version-history":[{"count":0,"href":"https:\/\/www.europesays.com\/lt\/wp-json\/wp\/v2\/posts\/54640\/revisions"}],"wp:featuredmedia":[{"embeddable":true,"href":"https:\/\/www.europesays.com\/lt\/wp-json\/wp\/v2\/media\/54641"}],"wp:attachment":[{"href":"https:\/\/www.europesays.com\/lt\/wp-json\/wp\/v2\/media?parent=54640"}],"wp:term":[{"taxonomy":"category","embeddable":true,"href":"https:\/\/www.europesays.com\/lt\/wp-json\/wp\/v2\/categories?post=54640"},{"taxonomy":"post_tag","embeddable":true,"href":"https:\/\/www.europesays.com\/lt\/wp-json\/wp\/v2\/tags?post=54640"}],"curies":[{"name":"wp","href":"https:\/\/api.w.org\/{rel}","templated":true}]}}