{"id":55864,"date":"2025-12-06T16:23:25","date_gmt":"2025-12-06T16:23:25","guid":{"rendered":"https:\/\/www.europesays.com\/lt\/55864\/"},"modified":"2025-12-06T16:23:25","modified_gmt":"2025-12-06T16:23:25","slug":"atvira-klaipeda-atostogu-parkas-seimo-pirmininko-padeka-dziaugesi-trumpai","status":"publish","type":"post","link":"https:\/\/www.europesays.com\/lt\/55864\/","title":{"rendered":"Atvira Klaip\u0117da | \u201eAtostog\u0173 parkas\u201c Seimo pirmininko pad\u0117ka d\u017eiaug\u0117si trumpai"},"content":{"rendered":"<tr>\n<td><img loading=\"lazy\" alt=\"Avatar photo\" src=\"https:\/\/www.europesays.com\/lt\/wp-content\/uploads\/2025\/09\/cropped-Messenger_creation_C14576F4-C2B7-4B65-8C99-3E1E2E56B251-100x100.jpeg\"  class=\"avatar avatar-100 photo\" height=\"100\" width=\"100\" decoding=\"async\"\/><\/td>\n<td><a href=\"https:\/\/www.atviraklaipeda.lt\/author\/user5\/\" rel=\"nofollow noopener\" target=\"_blank\">Martynas Vainorius<br \/>2025-12-05<\/td>\n<\/tr>\n<p>Po \u201eAtviros Klaip\u0117dos\u201c kreipimosi Seimo pirmininko Juozo Oleko sekretoriatas operatyviai at\u0161auk\u0117 jo pad\u0117k\u0105 bendrovei \u201eAtostog\u0173 parkas\u201c, kurios vadovas ir dar trys darbuotojos \u0161iuo metu yra teisiami u\u017e tai, kad veikdami bendrinink\u0173 grup\u0117je galimai apgaulingai tvark\u0117 \u012fmon\u0117s finansin\u0119 apskait\u0105.<\/p>\n<p>Penktadien\u012f po vidurdienio \u201eAtostog\u0173 parkas\u201c i\u0161platino prane\u0161im\u0105 spaudai, kad j\u012f aplank\u0117 Seimo pirmininkas ir \u012fmon\u0117s vadovui Ri\u010dardui Jovai\u0161ai \u012fteik\u0117 oficiali\u0105 pad\u0117k\u0105 \u201eu\u017e reik\u0161ming\u0105 ind\u0117l\u012f \u012f regiono pl\u0117tr\u0105 ir atsakingo verslo puosel\u0117jim\u0105\u201c. <\/p>\n<p><img fetchpriority=\"high\" decoding=\"async\" width=\"1024\" height=\"683\" src=\"https:\/\/www.europesays.com\/lt\/wp-content\/uploads\/2025\/12\/olekas_1-1024x683.jpg\" alt=\"Juozas Olekas \u201eAtostog\u0173 parke\u201c\" class=\"wp-image-440902\"  \/>\u201eAtostog\u0173 parko\u201c nuotr.<\/p>\n<p>\u201eTurime remti tuos, kurie kuria vert\u0119 Lietuvos regionuose. J\u016bs\u0173 pavyzdys rodo, kad atkaklumas ir pagarba \u017emogui duoda rezultat\u0173 \u2013 tai ind\u0117lis ne tik \u012f paj\u016brio kra\u0161to augim\u0105, bet ir \u012f visos \u0161alies konkurencingum\u0105\u201c, \u2013 cituotas parlamento vadovas.<\/p>\n<p>Portalas 15min.lt bir\u017eelio pabaigoje <a href=\"https:\/\/www.15min.lt\/verslas\/naujiena\/bendroves\/virs-atostogu-parko-juodi-debesys-kaltinimai-apgaulinga-buhalterija-663-2461784\" target=\"_blank\" rel=\"noreferrer noopener nofollow\">skelb\u0117<\/a>, kad Ri\u010dardas Jovai\u0161a kartu su trimis darbuotojomis kaltinami veik\u0119 bendrinink\u0173 grup\u0117je ir apgaulingai tvark\u0119 \u012fmon\u0117s finansin\u0119 apskait\u0105.<\/p>\n<p>Bylos duomenimis, dvi \u012fmon\u0117s administrator\u0117s ir SPA zonos vadov\u0117, vykdydamos direktoriaus nurodymus, i\u0161 klient\u0173 pa\u0117m\u0117 pinigus u\u017e baseino, pir\u010di\u0173 paslaugas bei parduotas prekes, ta\u010diau dalies sumos \u2013 daugiau nei 150 500 eur\u0173 \u2013 neapskait\u0117 elektroniniu kasos aparatu, nei\u0161ra\u0161\u0117 kvit\u0173 ir nepateik\u0117 apskaitos dokument\u0173.<\/p>\n<p>Ikiteisminio tyrimo duomenimis, laikotarpiu nuo 2020 m. sausio iki 2021 m. lapkri\u010dio, direktorius kartu su SPA zonos vadove, manoma, i\u0161mok\u0117jo neapskaityt\u0105 darbo u\u017emokest\u012f darbuotojams \u2013 i\u0161 viso daugiau nei 50 t\u016bkst. eur\u0173 grynaisiais, kurie nebuvo registruoti apskaitoje. D\u0117l \u0161i\u0173 veiksm\u0173 \u012fmon\u0117s apskaitoje nebuvo priskai\u010diuota daugiau nei 90 t\u016bkst. eur\u0173 darbo u\u017emokes\u010dio, nesumok\u0117ta beveik 21 t\u016bkst. eur\u0173 gyventoj\u0173 pajam\u0173 mokes\u010dio ir daugiau nei 21 t\u016bkst. eur\u0173 socialinio draudimo \u012fmok\u0173.<\/p>\n<p>\u012etariama, kad siekdamas i\u0161vengti mok\u0117tin\u0173 mokes\u010di\u0173, \u012fskaitant daugiau nei 24 t\u016bkst. eur\u0173 prid\u0117tin\u0117s vert\u0117s mokes\u010dio, direktorius nurod\u0117 finansininkei \u012fra\u0161yti \u017einomai neteisingus duomenis apie \u012fmon\u0117s pajamas, peln\u0105 ir turt\u0105 \u012f 2020 ir 2021 met\u0173 deklaracijas, o d\u0117l to valstyb\u0117s institucijoms buvo pateikta klaidinga informacija.<\/p>\n<p>Kitas baud\u017eiamosios bylos pos\u0117dis, kuriame kaltinimai be R. Jovai\u0161os dar yra pareik\u0161ti Gretai Jovai\u0161ienei, Gintarei Jovai\u0161aitei ir Laimai Lelienei, yra numatytas sausio m\u0117nes\u012f. <\/p>\n<p>15min.lt ra\u0161\u0117, kad \u201eAtostog\u0173 parkas\u201c \u012f teis\u0117sauginink\u0173 akirat\u012f buvo patek\u0119s ir beveik prie\u0161 de\u0161imtmet\u012f. Paai\u0161k\u0117jo, kad darbuotojai \u0117jo \u012f darb\u0105 n\u0117 ne\u017einodami, kad yra atleisti ir neturi socialinio draudimo. A\u0161tuoni gro\u017eio ir sveikatinimo paslaugas teikusio SPA darbuotojai visi\u0161kai atsitiktinai su\u017einojo, kad dirba nelegaliai. \u017dmon\u0117s n\u0117 ne\u012ftar\u0117, kad yra atleisti, o darbdavys u\u017e juos nemoka socialinio draudimo.<\/p>\n<p>Juos \u012fdarbinusiai ir netrukus nelegaliai atleidusiai Laimai Lelienei Kretingos rajono apylink\u0117s teismas skyr\u0117 23,2 t\u016bkst. eur\u0173 baud\u0105.<\/p>\n<p>Tada Klaip\u0117dos apskrities valstybin\u0117s mokes\u010di\u0173 inspekcijos Kontrol\u0117s departamento direktoriaus pavaduotoja Vida Okuli\u010dien\u0117 teig\u0117: \u201ePirm\u0105 kart\u0105 susid\u016br\u0117me su tokiu atveju, kai nema\u017ea dalis darbuotoj\u0173 atleid\u017eiami jiems ne\u017einant, o \u012fmon\u0117s darbas organizuojamas taip, lyg jie dirbt\u0173 ir atlyginim\u0105 gaut\u0173 legaliai.\u201c<\/p>\n<p>\u201eAtvira Klaip\u0117da\u201c pasiteiravo Seimo pirmininko sekretoriato, ar organizuojant vizit\u0105 \u012f \u201eAtostog\u0173 park\u0105\u201c ir teikiant \u0161i\u0105 pad\u0117k\u0105, buvo \u017einomos tokios aplinkyb\u0117s.<\/p>\n<p>\u201eTurime pripa\u017einti, kad vizit\u0105 \u012f Klaip\u0117dos region\u0105 planavusi komanda netur\u0117jo j\u016bs\u0173 minimos informacijos apie baud\u017eiam\u0105j\u0105 byl\u0105 \u201eAtostog\u0173 parkui\u201c. \u0160i \u012fmon\u0117 vizitui buvo pasirinkta kaip viena i\u0161 didesni\u0173 rekreacini\u0173 paj\u016brio viet\u0173. Netinkama finansin\u0117 apskaita ir mokes\u010di\u0173 sl\u0117pimas negali b\u016bti toleruojami Lietuvoje. Seimo pirmininkas vienareik\u0161mi\u0161kai pasisako u\u017e grie\u017et\u0105 toki\u0173 atvej\u0173 u\u017ekardym\u0105. Ir nors byla dar yra nagrin\u0117jama ir teismas nepatvirtino kalt\u0117s, Seimo pirmininko \u012fteikta pad\u0117ka yra at\u0161aukiama. Apie tai jau yra informuoti \u201eAtostog\u0173 parko\u201c atstovai\u201c, \u2013 penktadienio pavakar\u0119 redakcij\u0105 informavo Gitana Letukien\u0117, Seimo pirmininko patar\u0117ja.<\/p>\n<p>\u017dymos: <a href=\"https:\/\/www.atviraklaipeda.lt\/zyma\/apgaulinga-apskaita\/\" rel=\"tag nofollow noopener\" target=\"_blank\">apgaulinga apskaita<\/a> | <a href=\"https:\/\/www.atviraklaipeda.lt\/zyma\/atostogu-parkas\/\" rel=\"tag nofollow noopener\" target=\"_blank\">Atostog\u0173 parkas<\/a> | <a href=\"https:\/\/www.atviraklaipeda.lt\/zyma\/gintare-jovaisaite\/\" rel=\"tag nofollow noopener\" target=\"_blank\">Gintar\u0117 Jovai\u0161ait\u0117<\/a> | <a href=\"https:\/\/www.atviraklaipeda.lt\/zyma\/gitana-letukiene\/\" rel=\"tag nofollow noopener\" target=\"_blank\">Gitana Letukien\u0117<\/a> | <a href=\"https:\/\/www.atviraklaipeda.lt\/zyma\/greta-jovaisiene\/\" rel=\"tag nofollow noopener\" target=\"_blank\">Greta Jovai\u0161ien\u0117<\/a> | <a href=\"https:\/\/www.atviraklaipeda.lt\/zyma\/juozas-olekas\/\" rel=\"tag nofollow noopener\" target=\"_blank\">Juozas Olekas<\/a> | <a href=\"https:\/\/www.atviraklaipeda.lt\/zyma\/laima-leliene\/\" rel=\"tag nofollow noopener\" target=\"_blank\">Laima Lelien\u0117<\/a> | <a href=\"https:\/\/www.atviraklaipeda.lt\/zyma\/neapskaitytos-pajamos\/\" rel=\"tag nofollow noopener\" target=\"_blank\">neapskaitytos pajamos<\/a> | <a href=\"https:\/\/www.atviraklaipeda.lt\/zyma\/ricardas-jovaisa\/\" rel=\"tag nofollow noopener\" target=\"_blank\">Ri\u010dardas Jovai\u0161a<\/a> | <a href=\"https:\/\/www.atviraklaipeda.lt\/zyma\/vida-okuliciene\/\" rel=\"tag nofollow noopener\" target=\"_blank\">Vida Okuli\u010dien\u0117<\/a><\/p>\n<p>\tPrane\u0161ti apie klaid\u0105  <br \/>PANA\u0160\u016aS STRAIPSNIAI<\/p>\n","protected":false},"excerpt":{"rendered":"Martynas Vainorius2025-12-05 Po \u201eAtviros Klaip\u0117dos\u201c kreipimosi Seimo pirmininko Juozo Oleko sekretoriatas operatyviai at\u0161auk\u0117 jo pad\u0117k\u0105 bendrovei \u201eAtostog\u0173 parkas\u201c,&hellip;\n","protected":false},"author":2,"featured_media":55865,"comment_status":"","ping_status":"","sticky":false,"template":"","format":"standard","meta":{"footnotes":""},"categories":[13],"tags":[25,12378,13466,30,31,34,35,13467,13468,13469,24,1022,13470,32,33,37,39,36,38,40,23,12412,22,28,29,13471,26,27,13472],"class_list":{"0":"post-55864","1":"post","2":"type-post","3":"status-publish","4":"format-standard","5":"has-post-thumbnail","7":"category-lietuva","8":"tag-antrastes","9":"tag-apgaulinga-apskaita","10":"tag-atostogu-parkas","11":"tag-breaking-news","12":"tag-breakingnews","13":"tag-featured-news","14":"tag-featurednews","15":"tag-gintare-jovaisaite","16":"tag-gitana-letukiene","17":"tag-greta-jovaisiene","18":"tag-headlines","19":"tag-juozas-olekas","20":"tag-laima-leliene","21":"tag-latest-news","22":"tag-latestnews","23":"tag-lietuva","24":"tag-lietuviu","25":"tag-lithuania","26":"tag-lithuanian","27":"tag-lt","28":"tag-naujienos","29":"tag-neapskaitytos-pajamos","30":"tag-news","31":"tag-populiariausios-naujienos","32":"tag-populiariausiosnaujienos","33":"tag-ricardas-jovaisa","34":"tag-top-stories","35":"tag-topstories","36":"tag-vida-okuliciene"},"share_on_mastodon":{"url":"","error":"Validation failed: Text character limit of 500 exceeded"},"_links":{"self":[{"href":"https:\/\/www.europesays.com\/lt\/wp-json\/wp\/v2\/posts\/55864","targetHints":{"allow":["GET"]}}],"collection":[{"href":"https:\/\/www.europesays.com\/lt\/wp-json\/wp\/v2\/posts"}],"about":[{"href":"https:\/\/www.europesays.com\/lt\/wp-json\/wp\/v2\/types\/post"}],"author":[{"embeddable":true,"href":"https:\/\/www.europesays.com\/lt\/wp-json\/wp\/v2\/users\/2"}],"replies":[{"embeddable":true,"href":"https:\/\/www.europesays.com\/lt\/wp-json\/wp\/v2\/comments?post=55864"}],"version-history":[{"count":0,"href":"https:\/\/www.europesays.com\/lt\/wp-json\/wp\/v2\/posts\/55864\/revisions"}],"wp:featuredmedia":[{"embeddable":true,"href":"https:\/\/www.europesays.com\/lt\/wp-json\/wp\/v2\/media\/55865"}],"wp:attachment":[{"href":"https:\/\/www.europesays.com\/lt\/wp-json\/wp\/v2\/media?parent=55864"}],"wp:term":[{"taxonomy":"category","embeddable":true,"href":"https:\/\/www.europesays.com\/lt\/wp-json\/wp\/v2\/categories?post=55864"},{"taxonomy":"post_tag","embeddable":true,"href":"https:\/\/www.europesays.com\/lt\/wp-json\/wp\/v2\/tags?post=55864"}],"curies":[{"name":"wp","href":"https:\/\/api.w.org\/{rel}","templated":true}]}}