{"id":55924,"date":"2025-12-06T18:59:08","date_gmt":"2025-12-06T18:59:08","guid":{"rendered":"https:\/\/www.europesays.com\/lt\/55924\/"},"modified":"2025-12-06T18:59:08","modified_gmt":"2025-12-06T18:59:08","slug":"druskininkuose-suspindo-kaledu-zaliaskare-kaledos","status":"publish","type":"post","link":"https:\/\/www.europesays.com\/lt\/55924\/","title":{"rendered":"Druskininkuose suspindo Kal\u0117d\u0173 \u017ealiaskar\u0117 &#8211; Kal\u0117dos"},"content":{"rendered":"<p>Kaip informuoja Druskinink\u0173 kult\u016bros centras, \u0161vent\u0117s metu kursavo \u0161ventinis traukinukas, kuris va\u017ein\u0117s vis\u0105 gruod\u017eio m\u0117nes\u012f, o \u0161alia ba\u017eny\u010dios \u012fsik\u016br\u0117 gyv\u0173 avi\u0173 prakart\u0117l\u0117. Gruod\u017eio 6-\u0105j\u0105 duris atv\u0117r\u0117 ir \u201eTai bent\u201c rezidencija \u201eSnow Arenoje\u201c, kur kiekvien\u0105 dien\u0105 vyks susitikimai, k\u016brybin\u0117s veiklos ir nuotykiai vaikams bei j\u0173 t\u0117vams kartu su persona\u017eais.<\/p>\n<p>Vis\u0105 gruod\u017eio m\u0117nes\u012f Druskinink\u0173 Pramog\u0173 aik\u0161t\u0117 virs Kal\u0117d\u0173 miesteliu: \u010dia \u012fsikurs mug\u0117, vyks \u012fvairios veiklos vaikams, \u017eaidimai ir lai\u0161k\u0173 Kal\u0117d\u0173 seneliui ra\u0161ymo erdv\u0117. Prie muzikinio fontano bus galima pasigro\u017e\u0117ti parku, kuriame suspind\u0117s 50 originali\u0173 eglu\u010di\u0173. \u0160i\u0173 met\u0173 tema \u2013 \u201ePasakos\u201c \u2013 i\u0161rinkta pa\u010dios Druskinink\u0173 bendruomen\u0117s.<\/p>\n<p>Gruodis Druskininkuose bus kupinas k\u016brybini\u0173 dirbtuvi\u0173, edukacij\u0173, spektakli\u0173 ir muzikini\u0173 rengini\u0173. Lankytojai i\u0161girs kamerin\u0117s ir populiariosios muzikos koncertus, o kurort\u0105 u\u017epildys \u017einom\u0173 atlik\u0117j\u0173 pasirodymai ir \u0161ventin\u0117 nuotaika.<\/p>\n<p>Druskininkai kvie\u010dia sutikti Kal\u0117das taip, kaip moka geriausiai \u2013 \u0161viesiai, jaukiai ir su tikra pasakos nuotaika.<\/p>\n<p>I\u0161sami\u0105 Druskinink\u0173 Kal\u0117d\u0173 program\u0105 galite rasti <a rel=\"noopener nofollow\" target=\"_blank\" href=\"https:\/\/www.kaledoskurorte.lt\" data-rel-date-range=\"[]\">\u010dia<\/a>.<\/p>\n","protected":false},"excerpt":{"rendered":"Kaip informuoja Druskinink\u0173 kult\u016bros centras, \u0161vent\u0117s metu kursavo \u0161ventinis traukinukas, kuris va\u017ein\u0117s vis\u0105 gruod\u017eio m\u0117nes\u012f, o \u0161alia ba\u017eny\u010dios&hellip;\n","protected":false},"author":2,"featured_media":55925,"comment_status":"","ping_status":"","sticky":false,"template":"","format":"standard","meta":{"footnotes":""},"categories":[13],"tags":[25,30,31,4067,34,35,24,7988,4362,32,33,37,39,36,38,40,23,22,28,29,26,27],"class_list":{"0":"post-55924","1":"post","2":"type-post","3":"status-publish","4":"format-standard","5":"has-post-thumbnail","7":"category-lietuva","8":"tag-antrastes","9":"tag-breaking-news","10":"tag-breakingnews","11":"tag-druskininkai","12":"tag-featured-news","13":"tag-featurednews","14":"tag-headlines","15":"tag-kaledos","16":"tag-kaledu-egle","17":"tag-latest-news","18":"tag-latestnews","19":"tag-lietuva","20":"tag-lietuviu","21":"tag-lithuania","22":"tag-lithuanian","23":"tag-lt","24":"tag-naujienos","25":"tag-news","26":"tag-populiariausios-naujienos","27":"tag-populiariausiosnaujienos","28":"tag-top-stories","29":"tag-topstories"},"share_on_mastodon":{"url":"https:\/\/pubeurope.com\/@lt\/115674163649945529","error":""},"_links":{"self":[{"href":"https:\/\/www.europesays.com\/lt\/wp-json\/wp\/v2\/posts\/55924","targetHints":{"allow":["GET"]}}],"collection":[{"href":"https:\/\/www.europesays.com\/lt\/wp-json\/wp\/v2\/posts"}],"about":[{"href":"https:\/\/www.europesays.com\/lt\/wp-json\/wp\/v2\/types\/post"}],"author":[{"embeddable":true,"href":"https:\/\/www.europesays.com\/lt\/wp-json\/wp\/v2\/users\/2"}],"replies":[{"embeddable":true,"href":"https:\/\/www.europesays.com\/lt\/wp-json\/wp\/v2\/comments?post=55924"}],"version-history":[{"count":0,"href":"https:\/\/www.europesays.com\/lt\/wp-json\/wp\/v2\/posts\/55924\/revisions"}],"wp:featuredmedia":[{"embeddable":true,"href":"https:\/\/www.europesays.com\/lt\/wp-json\/wp\/v2\/media\/55925"}],"wp:attachment":[{"href":"https:\/\/www.europesays.com\/lt\/wp-json\/wp\/v2\/media?parent=55924"}],"wp:term":[{"taxonomy":"category","embeddable":true,"href":"https:\/\/www.europesays.com\/lt\/wp-json\/wp\/v2\/categories?post=55924"},{"taxonomy":"post_tag","embeddable":true,"href":"https:\/\/www.europesays.com\/lt\/wp-json\/wp\/v2\/tags?post=55924"}],"curies":[{"name":"wp","href":"https:\/\/api.w.org\/{rel}","templated":true}]}}