{"id":56219,"date":"2025-12-07T11:05:08","date_gmt":"2025-12-07T11:05:08","guid":{"rendered":"https:\/\/www.europesays.com\/lt\/56219\/"},"modified":"2025-12-07T11:05:08","modified_gmt":"2025-12-07T11:05:08","slug":"po-trumpo-kritikos-sureagavo-lenkija-mes-turime-bendru-priesu","status":"publish","type":"post","link":"https:\/\/www.europesays.com\/lt\/56219\/","title":{"rendered":"Po Trumpo kritikos sureagavo Lenkija: \u201eMes turime bendr\u0173 prie\u0161\u0173\u201c"},"content":{"rendered":"<p>Ketvirtadien\u012f paskelbtoje naujoje JAV prezidento Donaldo Trumpo nacionalinio saugumo strategijoje teigiama, kad ES slopina \u017eod\u017eio laisv\u0119 ir \u017elugdo nacionalin\u012f suverenitet\u0105, o savo migracijos politika \u201ekelia nesantaik\u0105\u201c.<\/p>\n<p>Vis\u0173 d\u0117mes\u012f prikaust\u0117 teiginys, kad \u017eemynui gresia \u201ecivilizacinis i\u0161trynimas\u201c \u2013 tai atkartoja nacionalistini\u0173 ir kra\u0161tutini\u0173 de\u0161ini\u0173j\u0173 partij\u0173 visoje Europoje da\u017enai skleid\u017eiam\u0105 retorik\u0105.<\/p>\n<p>\u012e tokius \u017eod\u017eius sureagav\u0119s Lenkijos ministras pirmininkas Donaldas Tuskas savo \u201ebrangiems Amerikos draugams\u201c skirtoje \u017einut\u0117je ra\u0161\u0117: \u201eEuropa yra j\u016bs\u0173 artimiausia s\u0105junginink\u0117, o ne j\u016bs\u0173 problema. Ir mes turime bendr\u0173 prie\u0161\u0173. Bent jau taip buvo pastaruosius 80 met\u0173. Turime to laikytis, tai vienintel\u0117 pagr\u012fsta m\u016bs\u0173 bendro saugumo strategija. Nebent kas nors pasikeit\u0117.\u201c<\/p>\n<p> Pavyzdinis s\u0105jungininkas? <\/p>\n<p>Lenkijos politinis lyderis retai kritikuoja JAV \u2013 Var\u0161uva da\u017enai giria savo glaud\u017eius santykius su Va\u0161ingtonu, pastebi \u201eTVP World\u201c.<\/p>\n<p>\u0160i\u0173 met\u0173 prad\u017eioje D.Trumpo gynybos sekretorius Pete&#8217;as Hegsethas sak\u0117, kad Lenkija yra \u201epavyzdin\u0117 s\u0105junginink\u0117\u201c, ir atkreip\u0117 d\u0117mes\u012f \u012f dideles jos i\u0161laidas saugumui. <a href=\"https:\/\/www.15min.lt\/naujiena\/aktualu\/pasaulis\/pete-as-hegsethas-prabilo-kaip-didziosios-valstybes-dalinsis-pasauli-57-2578920\" target=\"_blank\" rel=\"nofollow noopener\">Pana\u0161ias pagyras Lenkijai ir Baltijos \u0161alims P.Hegsethas i\u0161sak\u0117 ir \u0161e\u0161tadien\u012f<\/a>.<\/p>\n<p>D.Tuskas, buv\u0119s Europos Vadov\u0173 Tarybos pirmininkas, taip pat grie\u017etai gina 27 \u0161ali\u0173 ES, kuriai pakenk\u0117 naujoji Va\u0161ingtono strategija. Dokumente i\u0161d\u0117styta JAV politikos vizija, atitinkanti did\u017ei\u0105j\u0105 dal\u012f D.Trumpo jud\u0117jimo MAGA retorikos \u2013 taip pat s\u0105junginink\u0173 euroskeptik\u0173 ir prie\u0161 migracij\u0105 nusista\u010diusi\u0173 Europos partij\u0173 retorik\u0105.<\/p>\n<p>D.Trumpui artimi asmenys palaik\u0117 strategijos pozicij\u0105.<\/p>\n<p>Valstyb\u0117s sekretorius Marcio Rubio par\u0117m\u0117 pozicij\u0105 ir u\u017esipuol\u0117 Europos Komisij\u0105, kuri Elono Musko socialiniam tinklui \u201eX\u201c skyr\u0117 120 mln. eur\u0173 baud\u0105 u\u017e \u201em\u0117lynosios varnel\u0117s\u201c tikrinimo proces\u0105.<\/p>\n<p>Pats E.Muskas taip pat \u012fsitrauk\u0117 \u012f diskusijas, atnaujindamas internetin\u012f gin\u010d\u0105 su Lenkijos u\u017esienio reikal\u0173 ministru Radoslawu Sikorskiu.<\/p>\n<p>M.Rubio pavaduotojas Christopheris Landau pakartojo daugel\u012f dokumento teigini\u0173 ir pavadino ES \u201enerinkta, nedemokrati\u0161ka ir neatstovaujan\u010dia biurokratija\u201c, siekian\u010dia \u201ecivilizacin\u0117s savi\u017eudyb\u0117s politikos\u201c.<\/p>\n<blockquote class=\"twitter-tweet\">\n<p lang=\"en\" dir=\"ltr\">My recent trip to Brussels for the <a href=\"https:\/\/twitter.com\/NATO?ref_src=twsrc%5Etfw\" rel=\"nofollow noopener\" target=\"_blank\">@NATO<\/a> Ministerial meeting left me with one overriding impression: the US has long failed to address the glaring inconsistency between its relations with NATO and the EU. These are almost all the same countries in both organizations. When these\u2026<\/p>\n<p>\u2014 Christopher Landau (@DeputySecState) <a href=\"https:\/\/twitter.com\/DeputySecState\/status\/1997273185507525058?ref_src=twsrc%5Etfw\" rel=\"nofollow noopener\" target=\"_blank\">December 6, 2025<\/a><\/p><\/blockquote>\n<p>Kai kurie i\u0161 \u0161i\u0173 \u017eod\u017ei\u0173 sutampa su JAV viceprezidento J. D. Vance&#8217;o kalba Miuncheno saugumo konferencijoje vasario m\u0117nes\u012f, kurioje jis \u0161okiravo Europos vyriausybes, apkaltin\u0119s jas politin\u0117s opozicijos slopinimu.<\/p>\n<p>Ta\u010diau, nepaisant nelengvos D.Trumpo antrosios kadencijos prad\u017eios, Europa i\u0161 esm\u0117s sutiko su vienu i\u0161 pagrindini\u0173 jo reikalavim\u0173 \u2013 padidinti karines i\u0161laidas.<\/p>\n<p>Ta\u010diau esminiai skirtumai i\u0161lieka, ypa\u010d d\u0117l po\u017ei\u016brio \u012f kar\u0105 Ukrainoje.<\/p>\n<p>                         <script async src=\"https:\/\/platform.twitter.com\/widgets.js\" charset=\"utf-8\"><\/script><\/p>\n","protected":false},"excerpt":{"rendered":"Ketvirtadien\u012f paskelbtoje naujoje JAV prezidento Donaldo Trumpo nacionalinio saugumo strategijoje teigiama, kad ES slopina \u017eod\u017eio laisv\u0119 ir \u017elugdo&hellip;\n","protected":false},"author":2,"featured_media":56220,"comment_status":"","ping_status":"","sticky":false,"template":"","format":"standard","meta":{"footnotes":""},"categories":[15],"tags":[25,30,31,34,35,24,32,33,37,39,36,38,40,23,22,44,28,29,26,27,74,75,76],"class_list":{"0":"post-56219","1":"post","2":"type-post","3":"status-publish","4":"format-standard","5":"has-post-thumbnail","7":"category-pasaulis","8":"tag-antrastes","9":"tag-breaking-news","10":"tag-breakingnews","11":"tag-featured-news","12":"tag-featurednews","13":"tag-headlines","14":"tag-latest-news","15":"tag-latestnews","16":"tag-lietuva","17":"tag-lietuviu","18":"tag-lithuania","19":"tag-lithuanian","20":"tag-lt","21":"tag-naujienos","22":"tag-news","23":"tag-pasaulis","24":"tag-populiariausios-naujienos","25":"tag-populiariausiosnaujienos","26":"tag-top-stories","27":"tag-topstories","28":"tag-world","29":"tag-world-news","30":"tag-worldnews"},"share_on_mastodon":{"url":"https:\/\/pubeurope.com\/@lt\/115677962133888365","error":""},"_links":{"self":[{"href":"https:\/\/www.europesays.com\/lt\/wp-json\/wp\/v2\/posts\/56219","targetHints":{"allow":["GET"]}}],"collection":[{"href":"https:\/\/www.europesays.com\/lt\/wp-json\/wp\/v2\/posts"}],"about":[{"href":"https:\/\/www.europesays.com\/lt\/wp-json\/wp\/v2\/types\/post"}],"author":[{"embeddable":true,"href":"https:\/\/www.europesays.com\/lt\/wp-json\/wp\/v2\/users\/2"}],"replies":[{"embeddable":true,"href":"https:\/\/www.europesays.com\/lt\/wp-json\/wp\/v2\/comments?post=56219"}],"version-history":[{"count":0,"href":"https:\/\/www.europesays.com\/lt\/wp-json\/wp\/v2\/posts\/56219\/revisions"}],"wp:featuredmedia":[{"embeddable":true,"href":"https:\/\/www.europesays.com\/lt\/wp-json\/wp\/v2\/media\/56220"}],"wp:attachment":[{"href":"https:\/\/www.europesays.com\/lt\/wp-json\/wp\/v2\/media?parent=56219"}],"wp:term":[{"taxonomy":"category","embeddable":true,"href":"https:\/\/www.europesays.com\/lt\/wp-json\/wp\/v2\/categories?post=56219"},{"taxonomy":"post_tag","embeddable":true,"href":"https:\/\/www.europesays.com\/lt\/wp-json\/wp\/v2\/tags?post=56219"}],"curies":[{"name":"wp","href":"https:\/\/api.w.org\/{rel}","templated":true}]}}