{"id":56892,"date":"2025-12-08T10:19:09","date_gmt":"2025-12-08T10:19:09","guid":{"rendered":"https:\/\/www.europesays.com\/lt\/56892\/"},"modified":"2025-12-08T10:19:09","modified_gmt":"2025-12-08T10:19:09","slug":"evt-pirmininkas-europa-negali-susitaikyti-su-jav-grasinimu-kistis","status":"publish","type":"post","link":"https:\/\/www.europesays.com\/lt\/56892\/","title":{"rendered":"EVT pirmininkas: Europa negali susitaikyti su JAV grasinimu ki\u0161tis"},"content":{"rendered":"<p>  <img decoding=\"async\" src=\"https:\/\/www.europesays.com\/lt\/wp-content\/uploads\/2025\/12\/f434bec7-412e-4039-a657-ab0fcacda001.jpg\" loading=\"eager\" fetchpriority=\"high\" alt=\"EVT pirmininkas: Europa negali susitaikyti su JAV grasinimu ki\u0161tis\"\/> <\/p>\n<p>EVT pirmininkas: Europa negali susitaikyti su JAV grasinimu ki\u0161tis<\/p>\n<p>FOTO:  MICHAEL KAPPELER | AFP \/ Scanpix<\/p>\n<p>Va\u0161ingtonui paskelbus nauj\u0105 saugumo strategij\u0105, kurioje grie\u017etai kritikuojamos Europos politikos kryptys, Europos Vadov\u0173 Tarybos (EVT) pirmininkas <a rel=\"noopener nofollow\" target=\"_blank\" href=\"https:\/\/www.delfi.lt\/temos\/antonio-costa\" tag-id=\"69661800\">Antonio Costa<\/a> pirmadien\u012f atmet\u0117 bet kokius Jungtini\u0173 Valstij\u0173 bandymus ki\u0161tis \u012f \u017eemyno politik\u0105.<\/p>\n","protected":false},"excerpt":{"rendered":"EVT pirmininkas: Europa negali susitaikyti su JAV grasinimu ki\u0161tis FOTO: MICHAEL KAPPELER | AFP \/ Scanpix Va\u0161ingtonui paskelbus&hellip;\n","protected":false},"author":2,"featured_media":56893,"comment_status":"","ping_status":"","sticky":false,"template":"","format":"standard","meta":{"footnotes":"","_share_on_mastodon":"0"},"categories":[6],"tags":[2767,25,30,31,3346,34,35,24,32,33,37,39,36,38,40,13632,23,22,28,29,26,27],"class_list":["post-56892","post","type-post","status-publish","format-standard","has-post-thumbnail","category-antrastes","tag-antonio-costa","tag-antrastes","tag-breaking-news","tag-breakingnews","tag-elta-uzsienio-naujiena","tag-featured-news","tag-featurednews","tag-headlines","tag-latest-news","tag-latestnews","tag-lietuva","tag-lietuviu","tag-lithuania","tag-lithuanian","tag-lt","tag-nacionalinio-saugumo-strategija","tag-naujienos","tag-news","tag-populiariausios-naujienos","tag-populiariausiosnaujienos","tag-top-stories","tag-topstories"],"share_on_mastodon":{"url":"https:\/\/pubeurope.com\/@lt\/115683443584066044","error":""},"_links":{"self":[{"href":"https:\/\/www.europesays.com\/lt\/wp-json\/wp\/v2\/posts\/56892","targetHints":{"allow":["GET"]}}],"collection":[{"href":"https:\/\/www.europesays.com\/lt\/wp-json\/wp\/v2\/posts"}],"about":[{"href":"https:\/\/www.europesays.com\/lt\/wp-json\/wp\/v2\/types\/post"}],"author":[{"embeddable":true,"href":"https:\/\/www.europesays.com\/lt\/wp-json\/wp\/v2\/users\/2"}],"replies":[{"embeddable":true,"href":"https:\/\/www.europesays.com\/lt\/wp-json\/wp\/v2\/comments?post=56892"}],"version-history":[{"count":0,"href":"https:\/\/www.europesays.com\/lt\/wp-json\/wp\/v2\/posts\/56892\/revisions"}],"wp:featuredmedia":[{"embeddable":true,"href":"https:\/\/www.europesays.com\/lt\/wp-json\/wp\/v2\/media\/56893"}],"wp:attachment":[{"href":"https:\/\/www.europesays.com\/lt\/wp-json\/wp\/v2\/media?parent=56892"}],"wp:term":[{"taxonomy":"category","embeddable":true,"href":"https:\/\/www.europesays.com\/lt\/wp-json\/wp\/v2\/categories?post=56892"},{"taxonomy":"post_tag","embeddable":true,"href":"https:\/\/www.europesays.com\/lt\/wp-json\/wp\/v2\/tags?post=56892"}],"curies":[{"name":"wp","href":"https:\/\/api.w.org\/{rel}","templated":true}]}}