{"id":57021,"date":"2025-12-08T12:55:08","date_gmt":"2025-12-08T12:55:08","guid":{"rendered":"https:\/\/www.europesays.com\/lt\/57021\/"},"modified":"2025-12-08T12:55:08","modified_gmt":"2025-12-08T12:55:08","slug":"rusijoje-bombonesis-neplanuotai-kapituliavo-du-pilotus-abu-mire-lrytas","status":"publish","type":"post","link":"https:\/\/www.europesays.com\/lt\/57021\/","title":{"rendered":"Rusijoje bombone\u0161is neplanuotai kapituliavo du pilotus: abu mir\u0117 &#8211; Lrytas"},"content":{"rendered":"<ol>\n<li><a href=\"https:\/\/news.google.com\/rss\/articles\/CBMixgFBVV95cUxOeHhscl91S1Y2Tk1yczdqYXhfUnFjWU1fdm9DRU5RZmRRVXpWZ051bXRIMHpBQVBKTjRIRGtSV2R2SDBRNzJQTjlBcWxPbUZYQ1N3WDJCRDFwZUJvSmU5Y2pmV3Utam5IdTAwWVlNd283S29OMjJuRXN6b0EyeU15V3E3OWFqTTJSbzJrQ2V2SzBhOHRKVkJfUFBUbHBCU19DWnQ3LXkzQV93bkIxel9VXzBhVkd3UkxTSXgwN3BmYXdZNzRxc3c?oc=5\" target=\"_blank\" rel=\"nofollow noopener\">Rusijoje bombone\u0161is neplanuotai kapituliavo du pilotus: abu mir\u0117<\/a>&nbsp;&nbsp;Lrytas<\/li>\n<li><a href=\"https:\/\/news.google.com\/rss\/articles\/CBMivwFBVV95cUxPUXc5TjExOGhlblQwMURicThXWTE5SWJCcWlVUWtCNU1BX1Y5Z0g5SmZ0TkpYN2M4Sk82d1h1MmIzY3p1VXhKVDgtb1Rxa2djNks3QnQtbnVqM21Bc0huYUpzeUZtY2FGWFcyMWZ1dEcwLWswdFhLMmdoeWRxNXNjSVJIWmp1SlRfOFo5Y3ozaDJqQTI1YUZrR0RnazBxakNMcF95ZGJsdHRTOFN1akF3WXAwNnhKSFBrc2JsbC1waw?oc=5\" target=\"_blank\" rel=\"nofollow noopener\">Rusijos bombone\u0161is neplanuotai katapultavo du pilotus: abu negyvi<\/a>&nbsp;&nbsp;15min.lt<\/li>\n<li><a href=\"https:\/\/news.google.com\/rss\/articles\/CBMioAFBVV95cUxQNjFEa3dESHV1d0F2Qk52Vkp3OVlUTGIyMnhROFhISDNKMjNVSEhVM0JxS2N5WElGYWpsdFNvOUFfWUdRYXZKLWFXclJBcHQ5RW10YXBFMU85akpCN1MxRVJIM2VRc2JDZERxYXl1QXJKczVuTWFXVHp4czZEclJOZGZBaW1melJNSVdiZnZPTEQxVHhvTDVzVUEtNjJHclJL?oc=5\" target=\"_blank\" rel=\"nofollow noopener\">\u017duvo 2 rus\u0173 lak\u016bnai: angare \u012fvyko m\u012fslingas incidentas<\/a>&nbsp;&nbsp;tv3.lt<\/li>\n<li><a href=\"https:\/\/news.google.com\/rss\/articles\/CBMi0AFBVV95cUxQaENSSEJKNU45T2luMGxRSVFiU2JLVzNkWXA4TU9ZQ2IxR2tnQzdNcXZfd1hkTE5nejlYVnVoWVRRMnVNQmM3UHZoaHNwTV9NWWhCc0xyTW9SNXV1RzZjQURIOUVkZmtzdk54NXVvNXNpNUpIUzZHT3V3SXljcWZfSFg3bXhsNVJpeGV2WEtLN0I4QUcwQk1iajRhOHJ1UWNyY3BMMnNrazNYWURpeGQzQmx0T21BNXAzLXJtblB2c3c1N05fNUpBY3hxYklIT0M0?oc=5\" target=\"_blank\" rel=\"nofollow noopener\">Patikrino stogo tvirtum\u0105. Ne\u012ftik\u0117tinomis aplinkyb\u0117mis \u017euvo du rus\u0173 karo lak\u016bnai<\/a>&nbsp;&nbsp;Mokslo ir technologij\u0173 pasaulis<\/li>\n<\/ol>\n","protected":false},"excerpt":{"rendered":"Rusijoje bombone\u0161is neplanuotai kapituliavo du pilotus: abu mir\u0117&nbsp;&nbsp;Lrytas Rusijos bombone\u0161is neplanuotai katapultavo du pilotus: abu negyvi&nbsp;&nbsp;15min.lt \u017duvo 2&hellip;\n","protected":false},"author":2,"featured_media":57022,"comment_status":"","ping_status":"","sticky":false,"template":"","format":"standard","meta":{"footnotes":""},"categories":[6],"tags":[25,30,31,34,35,24,32,33,37,39,36,38,40,23,22,28,29,26,27],"class_list":{"0":"post-57021","1":"post","2":"type-post","3":"status-publish","4":"format-standard","5":"has-post-thumbnail","7":"category-antrastes","8":"tag-antrastes","9":"tag-breaking-news","10":"tag-breakingnews","11":"tag-featured-news","12":"tag-featurednews","13":"tag-headlines","14":"tag-latest-news","15":"tag-latestnews","16":"tag-lietuva","17":"tag-lietuviu","18":"tag-lithuania","19":"tag-lithuanian","20":"tag-lt","21":"tag-naujienos","22":"tag-news","23":"tag-populiariausios-naujienos","24":"tag-populiariausiosnaujienos","25":"tag-top-stories","26":"tag-topstories"},"share_on_mastodon":{"url":"https:\/\/pubeurope.com\/@lt\/115684056966758306","error":""},"_links":{"self":[{"href":"https:\/\/www.europesays.com\/lt\/wp-json\/wp\/v2\/posts\/57021","targetHints":{"allow":["GET"]}}],"collection":[{"href":"https:\/\/www.europesays.com\/lt\/wp-json\/wp\/v2\/posts"}],"about":[{"href":"https:\/\/www.europesays.com\/lt\/wp-json\/wp\/v2\/types\/post"}],"author":[{"embeddable":true,"href":"https:\/\/www.europesays.com\/lt\/wp-json\/wp\/v2\/users\/2"}],"replies":[{"embeddable":true,"href":"https:\/\/www.europesays.com\/lt\/wp-json\/wp\/v2\/comments?post=57021"}],"version-history":[{"count":0,"href":"https:\/\/www.europesays.com\/lt\/wp-json\/wp\/v2\/posts\/57021\/revisions"}],"wp:featuredmedia":[{"embeddable":true,"href":"https:\/\/www.europesays.com\/lt\/wp-json\/wp\/v2\/media\/57022"}],"wp:attachment":[{"href":"https:\/\/www.europesays.com\/lt\/wp-json\/wp\/v2\/media?parent=57021"}],"wp:term":[{"taxonomy":"category","embeddable":true,"href":"https:\/\/www.europesays.com\/lt\/wp-json\/wp\/v2\/categories?post=57021"},{"taxonomy":"post_tag","embeddable":true,"href":"https:\/\/www.europesays.com\/lt\/wp-json\/wp\/v2\/tags?post=57021"}],"curies":[{"name":"wp","href":"https:\/\/api.w.org\/{rel}","templated":true}]}}