{"id":57023,"date":"2025-12-08T12:57:17","date_gmt":"2025-12-08T12:57:17","guid":{"rendered":"https:\/\/www.europesays.com\/lt\/57023\/"},"modified":"2025-12-08T12:57:17","modified_gmt":"2025-12-08T12:57:17","slug":"neymaras-padejo-santos-islikti-auksciausioje-lygoje-o-dabar-gulsis-ant-operacines-stalo","status":"publish","type":"post","link":"https:\/\/www.europesays.com\/lt\/57023\/","title":{"rendered":"Neymaras pad\u0117jo \u201eSantos\u201c i\u0161likti auk\u0161\u010diausioje lygoje, o dabar gulsis ant operacin\u0117s stalo"},"content":{"rendered":"<p>\u00a0Sekmadien\u012f \u201eSantos\u201c ir Neymaras u\u017esitikrino i\u0161likim\u0105 Brazilijos \u201eSerie A\u201c pirmenyb\u0117se, kai 3:0 nugal\u0117jo Belo Horizont\u0117s \u201eCruzeiro\u201c, o 33-ej\u0173 met\u0173 futbolininkas v\u0117liau patvirtino, kad jam bus atlikta kairiojo kelio operacija.<\/p>\n<p>\u017daisdamas paskutines sezono lygos rungtynes, \u201eSantos\u201c klubas i\u0161veng\u0117 antrojo i\u0161kritimo i\u0161 auk\u0161\u010diausiosios lygos klubo istorijoje. Pirm\u0105 kart\u0105 \u201eSantos\u201c \u012f \u017eemesn\u0119 lyg\u0105 i\u0161krito 2023 m., pra\u0117jus beveik metams po legendinio \u201eSantos\u201c \u017eaid\u0117jo Pele mirties.<\/p>\n<p>Neymaras sunkiai atsigavo po priekinio kry\u017eminio rai\u0161\u010dio ply\u0161imo 2023 m. spal\u012f, patirto per pasaulio \u010dempionato atrankos rungtynes su Urugvajumi.<\/p>\n<p>Neymaras \u012f \u201eSantos\u201c klub\u0105 sugr\u012f\u017eo saus\u012f. Per paskutinius tris lygos turus Neymaras peln\u0117 \u012fvart\u012f prie\u0161 Resif\u0117s \u201eSport\u201c (3:0), tre\u010diadien\u012f atliko \u201ehat-trick\u0105\u201c prie\u0161 Ka\u0161ijo do Sulio \u201eJuventude\u201c (3:0), o sekmadien\u012f buvo efektyvus \u017eaidimo k\u016br\u0117jas.<\/p>\n<p>Thaciano (26 ir 28 min.) bei Joao Schmidtas (60 min.) pasi\u017eym\u0117jo prie\u0161 \u201eCruzeiro\u201c, o \u201eSantos\u201c sezon\u0105 baig\u0117 12-oje vietoje su 47 ta\u0161kais.<\/p>\n<p>Neymaras su\u017eaid\u0117 tik 19 i\u0161 38 lygos tur\u0173 ir peln\u0117 a\u0161tuonis \u012fvar\u010dius.<\/p>\n<p>\u201eAt\u0117jau d\u0117l to \u2013 pabandyti pad\u0117ti geriausiai, kaip galiu. Tai buvo sunkios savait\u0117s man, \u2013 po rungtyni\u0173 sak\u0117 Neymaras. \u2013 D\u0117koju tiems, kurie buvo su manimi. Jei ne jie, neb\u016b\u010diau \u017eaid\u0119s \u0161i\u0173 rungtyni\u0173 d\u0117l traum\u0173, d\u0117l \u0161ios kelio problemos. Man reikia pails\u0117ti, o tada atliksime \u0161i\u0105 kelio operacij\u0105.\u201c<\/p>\n<p>Neymaras nepateik\u0117 daugiau detali\u0173 apie kelio traum\u0105 ir operacij\u0105. Jis sak\u0117 vis dar besitikintis patekti \u012f galutin\u0119 Brazilijos sud\u0117t\u012f 2026 m. pasaulio \u010dempionatui, nors treneris Carlo Ancelotti dar n\u0117ra pakviet\u0119s buvusio kapitono nuo tada, kai gegu\u017e\u0119 per\u0117m\u0117 vair\u0105. Italas teig\u0117, kad Neymaras bus \u012ftrauktas, jei bus sveikas.<\/p>\n<p>Rio de \u017daneiro \u201eFlamengo\u201c pra\u0117jusios savait\u0117s viduryje i\u0161kovojo savo devint\u0105j\u012f Brazilijos lygos titul\u0105, kai namuose 1:0 nugal\u0117jo Fortalezos \u201eCeara\u201c. Rio de \u017daneiro klubas pra\u0117jus\u012f m\u0117nes\u012f taip pat laim\u0117jo \u201eCopa Libertadores\u201c.<\/p>\n","protected":false},"excerpt":{"rendered":"\u00a0Sekmadien\u012f \u201eSantos\u201c ir Neymaras u\u017esitikrino i\u0161likim\u0105 Brazilijos \u201eSerie A\u201c pirmenyb\u0117se, kai 3:0 nugal\u0117jo Belo Horizont\u0117s \u201eCruzeiro\u201c, o 33-ej\u0173&hellip;\n","protected":false},"author":2,"featured_media":57024,"comment_status":"","ping_status":"","sticky":false,"template":"","format":"standard","meta":{"footnotes":""},"categories":[19],"tags":[57,43,55,48,54,51,49,50,37,39,36,38,40,45,23,44,53,42,56,47,112,104,46,58,52],"class_list":{"0":"post-57023","1":"post","2":"type-post","3":"status-publish","4":"format-standard","5":"has-post-thumbnail","7":"category-sportas","8":"tag-daiktai","9":"tag-dienos-kronika","10":"tag-gatves-tekstai","11":"tag-gyvenimas","12":"tag-interneto-pievos","13":"tag-keliones","14":"tag-kultura","15":"tag-laisvalaikis","16":"tag-lietuva","17":"tag-lietuviu","18":"tag-lithuania","19":"tag-lithuanian","20":"tag-lt","21":"tag-mokslas-ir-it","22":"tag-naujienos","23":"tag-pasaulis","24":"tag-projektai","25":"tag-rinktiniai-tekstai","26":"tag-simtmecio-portalas","27":"tag-sportas","28":"tag-sportas-lt","29":"tag-sports","30":"tag-verslas","31":"tag-video","32":"tag-zaidimai"},"share_on_mastodon":{"url":"https:\/\/pubeurope.com\/@lt\/115684064936333561","error":""},"_links":{"self":[{"href":"https:\/\/www.europesays.com\/lt\/wp-json\/wp\/v2\/posts\/57023","targetHints":{"allow":["GET"]}}],"collection":[{"href":"https:\/\/www.europesays.com\/lt\/wp-json\/wp\/v2\/posts"}],"about":[{"href":"https:\/\/www.europesays.com\/lt\/wp-json\/wp\/v2\/types\/post"}],"author":[{"embeddable":true,"href":"https:\/\/www.europesays.com\/lt\/wp-json\/wp\/v2\/users\/2"}],"replies":[{"embeddable":true,"href":"https:\/\/www.europesays.com\/lt\/wp-json\/wp\/v2\/comments?post=57023"}],"version-history":[{"count":0,"href":"https:\/\/www.europesays.com\/lt\/wp-json\/wp\/v2\/posts\/57023\/revisions"}],"wp:featuredmedia":[{"embeddable":true,"href":"https:\/\/www.europesays.com\/lt\/wp-json\/wp\/v2\/media\/57024"}],"wp:attachment":[{"href":"https:\/\/www.europesays.com\/lt\/wp-json\/wp\/v2\/media?parent=57023"}],"wp:term":[{"taxonomy":"category","embeddable":true,"href":"https:\/\/www.europesays.com\/lt\/wp-json\/wp\/v2\/categories?post=57023"},{"taxonomy":"post_tag","embeddable":true,"href":"https:\/\/www.europesays.com\/lt\/wp-json\/wp\/v2\/tags?post=57023"}],"curies":[{"name":"wp","href":"https:\/\/api.w.org\/{rel}","templated":true}]}}