{"id":57027,"date":"2025-12-08T12:59:08","date_gmt":"2025-12-08T12:59:08","guid":{"rendered":"https:\/\/www.europesays.com\/lt\/57027\/"},"modified":"2025-12-08T12:59:08","modified_gmt":"2025-12-08T12:59:08","slug":"siaubo-naktis-paauglio-rankose-sprogo-telefonas","status":"publish","type":"post","link":"https:\/\/www.europesays.com\/lt\/57027\/","title":{"rendered":"Siaubo naktis: paauglio rankose sprogo telefonas"},"content":{"rendered":"<p>Incidentas \u012fvyko ketvirtadienio (gruod\u017eio 4 d.) nakt\u012f viename i\u0161 Rop\u010dic\u0117s mokyklos komplekso internato kambari\u0173. Kaip tvn24.pl prane\u0161\u0117 Rop\u010dic\u0117s valstybin\u0117s prie\u0161gaisrin\u0117s tarnybos rajono b\u016bstin\u0117s spaudos atstovas brigados vadas Bogus\u0142awas Drozdas, 40 minu\u010di\u0173 po vidurnak\u010dio ugniagesiai gavo prane\u0161im\u0105, kad internate sprogo mobilusis telefonas.<\/p>\n<p>\u201eVienas \u017emogus buvo su\u017eeistas, patyr\u0117 rank\u0173 su\u017ealojimus. Septyni kiti prane\u0161\u0117, kad blogai jau\u010diasi, ir visi a\u0161tuoni buvo nuve\u017eti \u012f ligonin\u0119\u201c, \u2013 nurod\u0117 gaisrin\u0117s atstovas. Nukent\u0117jusieji yra 16\u201318 met\u0173 paaugliai. D\u0117l d\u016bm\u0173 lik\u0119 41 asmuo evakavosi i\u0161 pastato dar prie\u0161 atvykstant ugniagesiams.<\/p>\n<p>Kaip nurod\u0117 Rop\u010dic\u0117s policijos jaunesnioji inspektor\u0117 Agnieszka Olszowy-Szyd\u0142o, telefonas sprogo 16-me\u010dio berniuko rankose, kai jis juo naudojosi.<\/p>\n<p>Kaip nurodo fakt.pl, kambaryje, kuriame nutiko incidentas, i\u0161 viso buvo trys jaunuoliai. Portalo teigimu, incidento metu nukent\u0117jusysis nar\u0161\u0117 \u201eTikTok\u201c.<\/p>\n<p>\u201eMano draugas laik\u0117 rankoje savo mobil\u0173j\u012f telefon\u0105. Staiga jis sprogo. Jis i\u0161met\u0117 telefon\u0105, ir jis prad\u0117jo smarkiai d\u016bmoti ant grind\u0173. Jis apsidegino\u201c, \u2013 teigia vienas i\u0161 kambaryje buvusi\u0173 liudinink\u0173.<\/p>\n<p>\u201eVienas moksleivis informavo pri\u017ei\u016br\u0117toj\u0105, kad sprogo telefonas. Pri\u017ei\u016br\u0117tojas nedelsdamas \u0117m\u0117si veiksm\u0173, pirmiausia nurodydamas evakuoti t\u0105 kambar\u012f, o v\u0117liau, d\u0117l didelio d\u016bm\u0173 kiekio, nurodydamas evakuoti vis\u0105 internat\u0105\u201c, \u2013 sak\u0117 Rop\u010dic\u0117s vicegubernatorius Jacekas R\u00f3gas.<\/p>\n<p>Pasak jo, 16-metis paauglys patyr\u0117 nedidel\u012f rankos nudegim\u0105. Septyni \u017emon\u0117s, kurie skund\u0117si galvos skausmais, buvo nuve\u017eti \u012f Debic\u0117s ir \u017de\u0161uvo ligonines. \u201ePo ma\u017edaug valandos jie buvo i\u0161ra\u0161yti i\u0161 ligonin\u0117s ir jau gr\u012f\u017eo \u012f internat\u0105\u201c, \u2013 sak\u0117 jis.<\/p>\n<p>Paparkapt\u0117s gubernator\u0117 Teresa Kubas-Hul nurod\u0117, kad vyksta incidento prie\u017eas\u010di\u0173 ir aplinkybi\u0173 tyrimas.<\/p>\n","protected":false},"excerpt":{"rendered":"Incidentas \u012fvyko ketvirtadienio (gruod\u017eio 4 d.) nakt\u012f viename i\u0161 Rop\u010dic\u0117s mokyklos komplekso internato kambari\u0173. Kaip tvn24.pl prane\u0161\u0117 Rop\u010dic\u0117s&hellip;\n","protected":false},"author":2,"featured_media":57028,"comment_status":"","ping_status":"","sticky":false,"template":"","format":"standard","meta":{"footnotes":""},"categories":[15],"tags":[25,30,31,34,35,24,32,33,37,39,36,38,40,23,22,44,28,29,26,27,74,75,76],"class_list":{"0":"post-57027","1":"post","2":"type-post","3":"status-publish","4":"format-standard","5":"has-post-thumbnail","7":"category-pasaulis","8":"tag-antrastes","9":"tag-breaking-news","10":"tag-breakingnews","11":"tag-featured-news","12":"tag-featurednews","13":"tag-headlines","14":"tag-latest-news","15":"tag-latestnews","16":"tag-lietuva","17":"tag-lietuviu","18":"tag-lithuania","19":"tag-lithuanian","20":"tag-lt","21":"tag-naujienos","22":"tag-news","23":"tag-pasaulis","24":"tag-populiariausios-naujienos","25":"tag-populiariausiosnaujienos","26":"tag-top-stories","27":"tag-topstories","28":"tag-world","29":"tag-world-news","30":"tag-worldnews"},"share_on_mastodon":{"url":"https:\/\/pubeurope.com\/@lt\/115684072716737677","error":""},"_links":{"self":[{"href":"https:\/\/www.europesays.com\/lt\/wp-json\/wp\/v2\/posts\/57027","targetHints":{"allow":["GET"]}}],"collection":[{"href":"https:\/\/www.europesays.com\/lt\/wp-json\/wp\/v2\/posts"}],"about":[{"href":"https:\/\/www.europesays.com\/lt\/wp-json\/wp\/v2\/types\/post"}],"author":[{"embeddable":true,"href":"https:\/\/www.europesays.com\/lt\/wp-json\/wp\/v2\/users\/2"}],"replies":[{"embeddable":true,"href":"https:\/\/www.europesays.com\/lt\/wp-json\/wp\/v2\/comments?post=57027"}],"version-history":[{"count":0,"href":"https:\/\/www.europesays.com\/lt\/wp-json\/wp\/v2\/posts\/57027\/revisions"}],"wp:featuredmedia":[{"embeddable":true,"href":"https:\/\/www.europesays.com\/lt\/wp-json\/wp\/v2\/media\/57028"}],"wp:attachment":[{"href":"https:\/\/www.europesays.com\/lt\/wp-json\/wp\/v2\/media?parent=57027"}],"wp:term":[{"taxonomy":"category","embeddable":true,"href":"https:\/\/www.europesays.com\/lt\/wp-json\/wp\/v2\/categories?post=57027"},{"taxonomy":"post_tag","embeddable":true,"href":"https:\/\/www.europesays.com\/lt\/wp-json\/wp\/v2\/tags?post=57027"}],"curies":[{"name":"wp","href":"https:\/\/api.w.org\/{rel}","templated":true}]}}