{"id":57316,"date":"2025-12-08T19:42:09","date_gmt":"2025-12-08T19:42:09","guid":{"rendered":"https:\/\/www.europesays.com\/lt\/57316\/"},"modified":"2025-12-08T19:42:09","modified_gmt":"2025-12-08T19:42:09","slug":"nigerijoje-pagrobejai-paleido-apie-100-moksleiviu","status":"publish","type":"post","link":"https:\/\/www.europesays.com\/lt\/57316\/","title":{"rendered":"Nigerijoje pagrob\u0117jai paleido apie 100 moksleivi\u0173"},"content":{"rendered":"<p>Pasak \u017einiasklaidos, vaikai buvo paleisti jau sekmadien\u012f po deryb\u0173 tarp institucij\u0173 ir pagrob\u0117j\u0173. Apie mokini\u0173 paleidimo aplinkybes ir j\u0173 tapatybes atstovas duomen\u0173 nepateik\u0117.\u00a0<\/p>\n<p>    <img decoding=\"async\" src=\"https:\/\/www.europesays.com\/lt\/wp-content\/uploads\/2025\/12\/1e476d03-2fd8-4838-ac5f-f59b1517a25b.jpg\" loading=\"lazy\" alt=\"Nigerijoje pagrob\u0117jai paleido apie 100 moksleivi\u0173\"\/>      <\/p>\n<p>Ginkluoti asmenys, tikriausiai priklausantys nusikalstamai gaujai, lapkri\u010dio pabaigoje u\u017epuol\u0117 internat\u0105 Papirio vietov\u0117je Nigerio valstijoje ir pagrob\u0117 303 vaikus bei 12 darbuotoj\u0173. Dauguma pagrobt\u0173j\u0173 buvo jaunesni nei 12 met\u0173 moksleiviai. T\u0117v\u0173 duomenimis, tarp pagrobt\u0173j\u0173 buvo ir penkiame\u010di\u0173. Apie 50 vaik\u0173 netrukus po pagrobimo pavyko pasprukti arba jie buvo palikti kr\u016bmynuose.<\/p>\n<p>\u0160iaur\u0117s Nigerijoje jau daug met\u0173 vis vyksta masiniai grobimai i\u0161 mokykl\u0173, su kuriais susijusios tiek nusikalstamos gaujos, tiek d\u017eihadist\u0173 grupuot\u0117s, pavyzd\u017eiui, \u201eBoko Haram\u201c. Kelios valstijos Nigerijos \u0161iaur\u0117je ir centrin\u0117je dalyje po naujausios grobim\u0173 bangos lapkrit\u012f nurod\u0117 u\u017edaryti kai kurias arba visas mokyklas.<\/p>\n","protected":false},"excerpt":{"rendered":"Pasak \u017einiasklaidos, vaikai buvo paleisti jau sekmadien\u012f po deryb\u0173 tarp institucij\u0173 ir pagrob\u0117j\u0173. Apie mokini\u0173 paleidimo aplinkybes ir&hellip;\n","protected":false},"author":2,"featured_media":57317,"comment_status":"","ping_status":"","sticky":false,"template":"","format":"standard","meta":{"footnotes":""},"categories":[15],"tags":[25,30,31,3346,34,35,24,32,33,37,39,36,38,40,2868,23,22,7731,13727,44,28,29,26,27,74,75,76],"class_list":{"0":"post-57316","1":"post","2":"type-post","3":"status-publish","4":"format-standard","5":"has-post-thumbnail","7":"category-pasaulis","8":"tag-antrastes","9":"tag-breaking-news","10":"tag-breakingnews","11":"tag-elta-uzsienio-naujiena","12":"tag-featured-news","13":"tag-featurednews","14":"tag-headlines","15":"tag-latest-news","16":"tag-latestnews","17":"tag-lietuva","18":"tag-lietuviu","19":"tag-lithuania","20":"tag-lithuanian","21":"tag-lt","22":"tag-moksleiviai","23":"tag-naujienos","24":"tag-news","25":"tag-nigerija","26":"tag-pagrobtas","27":"tag-pasaulis","28":"tag-populiariausios-naujienos","29":"tag-populiariausiosnaujienos","30":"tag-top-stories","31":"tag-topstories","32":"tag-world","33":"tag-world-news","34":"tag-worldnews"},"share_on_mastodon":{"url":"https:\/\/pubeurope.com\/@lt\/115685657497437116","error":""},"_links":{"self":[{"href":"https:\/\/www.europesays.com\/lt\/wp-json\/wp\/v2\/posts\/57316","targetHints":{"allow":["GET"]}}],"collection":[{"href":"https:\/\/www.europesays.com\/lt\/wp-json\/wp\/v2\/posts"}],"about":[{"href":"https:\/\/www.europesays.com\/lt\/wp-json\/wp\/v2\/types\/post"}],"author":[{"embeddable":true,"href":"https:\/\/www.europesays.com\/lt\/wp-json\/wp\/v2\/users\/2"}],"replies":[{"embeddable":true,"href":"https:\/\/www.europesays.com\/lt\/wp-json\/wp\/v2\/comments?post=57316"}],"version-history":[{"count":0,"href":"https:\/\/www.europesays.com\/lt\/wp-json\/wp\/v2\/posts\/57316\/revisions"}],"wp:featuredmedia":[{"embeddable":true,"href":"https:\/\/www.europesays.com\/lt\/wp-json\/wp\/v2\/media\/57317"}],"wp:attachment":[{"href":"https:\/\/www.europesays.com\/lt\/wp-json\/wp\/v2\/media?parent=57316"}],"wp:term":[{"taxonomy":"category","embeddable":true,"href":"https:\/\/www.europesays.com\/lt\/wp-json\/wp\/v2\/categories?post=57316"},{"taxonomy":"post_tag","embeddable":true,"href":"https:\/\/www.europesays.com\/lt\/wp-json\/wp\/v2\/tags?post=57316"}],"curies":[{"name":"wp","href":"https:\/\/api.w.org\/{rel}","templated":true}]}}