{"id":57815,"date":"2025-12-09T12:32:07","date_gmt":"2025-12-09T12:32:07","guid":{"rendered":"https:\/\/www.europesays.com\/lt\/57815\/"},"modified":"2025-12-09T12:32:07","modified_gmt":"2025-12-09T12:32:07","slug":"masines-mustynes-kauno-rajone-santykius-kumsciais-aiskinosi-5-neblaivus-vyrai","status":"publish","type":"post","link":"https:\/\/www.europesays.com\/lt\/57815\/","title":{"rendered":"Masin\u0117s mu\u0161tyn\u0117s Kauno rajone \u2013 santykius kum\u0161\u010diais ai\u0161kinosi 5 neblaiv\u016bs vyrai"},"content":{"rendered":"<p>Paai\u0161k\u0117jo, kad \u010dia santykius kum\u0161\u010diais ai\u0161kinosi neblaivus (0,52 prom.) vyras (gim. 1991 m.), neblaivus (1,79 prom.) vyras (gim. 1997 m.), neblaivus (2,43 prom.) vyras (gim. 1982 m.), neblaivus (2,06 prom.) vyras (gim. 1994 m.) ir neblaivus (2,58 prom.) vyras (gim. 1979 m.). Pastarasis d\u0117l patirt\u0173 su\u017ealojim\u0173 pristatytas \u012f gydymo \u012fstaig\u0105.<\/p>\n<p>Pirminiais duomenimis, mu\u0161tyn\u0117mis virt\u0119s konfliktas kilo d\u0117l buitini\u0173 prie\u017eas\u010di\u0173.<\/p>\n<p>D\u0117l vie\u0161osios tvarkos pa\u017eeidimo prad\u0117tas ikiteisminis tyrimas.<\/p>\n","protected":false},"excerpt":{"rendered":"Paai\u0161k\u0117jo, kad \u010dia santykius kum\u0161\u010diais ai\u0161kinosi neblaivus (0,52 prom.) vyras (gim. 1991 m.), neblaivus (1,79 prom.) vyras (gim.&hellip;\n","protected":false},"author":2,"featured_media":57816,"comment_status":"","ping_status":"","sticky":false,"template":"","format":"standard","meta":{"footnotes":""},"categories":[13],"tags":[25,30,31,34,35,24,32,33,37,39,36,38,40,23,22,28,29,26,27],"class_list":{"0":"post-57815","1":"post","2":"type-post","3":"status-publish","4":"format-standard","5":"has-post-thumbnail","7":"category-lietuva","8":"tag-antrastes","9":"tag-breaking-news","10":"tag-breakingnews","11":"tag-featured-news","12":"tag-featurednews","13":"tag-headlines","14":"tag-latest-news","15":"tag-latestnews","16":"tag-lietuva","17":"tag-lietuviu","18":"tag-lithuania","19":"tag-lithuanian","20":"tag-lt","21":"tag-naujienos","22":"tag-news","23":"tag-populiariausios-naujienos","24":"tag-populiariausiosnaujienos","25":"tag-top-stories","26":"tag-topstories"},"share_on_mastodon":{"url":"https:\/\/pubeurope.com\/@lt\/115689629065328052","error":""},"_links":{"self":[{"href":"https:\/\/www.europesays.com\/lt\/wp-json\/wp\/v2\/posts\/57815","targetHints":{"allow":["GET"]}}],"collection":[{"href":"https:\/\/www.europesays.com\/lt\/wp-json\/wp\/v2\/posts"}],"about":[{"href":"https:\/\/www.europesays.com\/lt\/wp-json\/wp\/v2\/types\/post"}],"author":[{"embeddable":true,"href":"https:\/\/www.europesays.com\/lt\/wp-json\/wp\/v2\/users\/2"}],"replies":[{"embeddable":true,"href":"https:\/\/www.europesays.com\/lt\/wp-json\/wp\/v2\/comments?post=57815"}],"version-history":[{"count":0,"href":"https:\/\/www.europesays.com\/lt\/wp-json\/wp\/v2\/posts\/57815\/revisions"}],"wp:featuredmedia":[{"embeddable":true,"href":"https:\/\/www.europesays.com\/lt\/wp-json\/wp\/v2\/media\/57816"}],"wp:attachment":[{"href":"https:\/\/www.europesays.com\/lt\/wp-json\/wp\/v2\/media?parent=57815"}],"wp:term":[{"taxonomy":"category","embeddable":true,"href":"https:\/\/www.europesays.com\/lt\/wp-json\/wp\/v2\/categories?post=57815"},{"taxonomy":"post_tag","embeddable":true,"href":"https:\/\/www.europesays.com\/lt\/wp-json\/wp\/v2\/tags?post=57815"}],"curies":[{"name":"wp","href":"https:\/\/api.w.org\/{rel}","templated":true}]}}