{"id":57828,"date":"2025-12-09T12:42:32","date_gmt":"2025-12-09T12:42:32","guid":{"rendered":"https:\/\/www.europesays.com\/lt\/57828\/"},"modified":"2025-12-09T12:42:32","modified_gmt":"2025-12-09T12:42:32","slug":"ar-reikia-importuoti-energetine-priklausomybe-lietuvos-strateginis-turtas-vejas-ir-saule-2","status":"publish","type":"post","link":"https:\/\/www.europesays.com\/lt\/57828\/","title":{"rendered":"Ar reikia importuoti energetin\u0119 priklausomyb\u0119? Lietuvos strateginis turtas \u2013 v\u0117jas ir saul\u0117"},"content":{"rendered":"<td align=\"left\" valign=\"top\">\n<p>2025-12-09 09:42<\/p>\n<p>Lietuvos energetin\u0117s nepriklausomyb\u0117s pagrindu turi b\u016bti i\u0161tekliai, kuriuos turime Lietuvoje. I\u0161tekli\u0173  importas pateisinamas tik tais atvejais, kai siekiama diversifikacijos, bet importas visada turi savo kain\u0105 \u2013 tame tarpe ir priklausomyb\u0117s nuo tiek\u0117jo. Tik tie sprendimai, kurie leid\u017eia maksimaliai i\u0161naudoti vietinius energijos i\u0161teklius, gali u\u017etikrinti real\u0173 saugum\u0105 ir atsparum\u0105 i\u0161oriniams veiksniams.<\/p>\n<p><img loading=\"lazy\" decoding=\"async\" alt=\"nuotrauka\" class=\"img_foto\" src=\"https:\/\/www.europesays.com\/lt\/wp-content\/uploads\/2025\/12\/50af0a78231ea1ef233b48ec556d5187.jpg\" width=\"726\" height=\"482\" border=\"1\"\/><\/p>\n<p>Linas SABALIAUSKAS, LVEA direktorius<\/p>\n<p>Minimos \u012fmon\u0117s<\/p>\n<p>Lietuvos v\u0117jo elektrini\u0173 asociacija (LVEA), <\/p>\n<p>Lietuvos energetikos agent\u016bra, V\u0160\u012e<\/p>\n<p>\u0160iandien tai tampa ne tik ekonominiu, bet ir geopolitiniu klausimu \u2013 kiekviena \u0161alis, priklausoma nuo importuojam\u0173 \u017ealiav\u0173 ar kuro, kartu yra priklausoma ir nuo j\u0173 tiek\u0117j\u0173, kain\u0173 bei pasaulio lyderi\u0173 pasaul\u0117\u017ei\u016bros. Tod\u0117l vietin\u0117 elektros energijos gamyba i\u0161 atsinaujinan\u010di\u0173 \u0161altini\u0173 turi b\u016bti laikoma strateginiu Lietuvos prioritetu.<\/p>\n<p>Vietiniai i\u0161tekliai gali patikimai apr\u016bpinti \u0161al\u012f energija<\/p>\n<p>Remiantis naujausiais Lietuvos energetikos agent\u016bros (LEA) duomenimis, 2025 m. lapkrit\u012f nacionalin\u0117 elektros energijos gamyba patenkino apie 51 proc. \u0161alies vartojimo poreikio, o per vienuolika \u0161i\u0173 met\u0173 m\u0117nesi\u0173 \u2013 net 76,5 proc. Reik\u0161mingiausi\u0105 ind\u0117l\u012f \u012f \u0161\u012f augim\u0105 \u012fne\u0161\u0117 v\u0117jo ir saul\u0117s elektrin\u0117s, kurios per \u0161i\u0173 met\u0173 vienuolika m\u0117nesi\u0173 kartu patenkino 46,8 proc. viso elektros vartojimo. V\u0117jo energetika i\u0161lieka svarbiausiu nacionalin\u0117s gamybos varikliu \u2013 lapkrit\u012f v\u0117jo elektrin\u0117s pagamino 310,5 GWh elektros ir patenkino 28,1 proc. \u0161alies vartojimo poreikio. Saul\u0117s elektrin\u0117s lapkrit\u012f papildomai pagamino 25,9 GWh, u\u017etikrindamos dar 2,3 proc. poreikio.<\/p>\n<p>\u0160ie skai\u010diai yra ne tik pasiekimas, bet ir \u012fpareigojimas. Jie \u012frodo, kad vietiniai i\u0161tekliai gali patikimai apr\u016bpinti \u0161al\u012f energija, jei j\u0173 pl\u0117tra yra kryptingai planuojama ir palaikoma. Pastaraisiais metais v\u0117jo ir saul\u0117s park\u0173 \u012frengtoji galia Lietuvoje augo \u012fsp\u016bdingais tempais \u2013 per 2025 metus saul\u0117s elektrini\u0173 galia i\u0161augo 45,1 proc., o v\u0117jo \u2013 41,2 proc. Tok\u012f augim\u0105 l\u0117m\u0117 prie\u0161 de\u0161imtmet\u012f priimti sprendimai ir po keleto met\u0173 vystymo u\u017ebaigti dideli projektai. Tai rei\u0161kia, kad energetin\u0117 nepriklausomyb\u0117 tampa verslo ir visuomen\u0117s, ne vien valstyb\u0117s, kuriamu procesu.<\/p>\n<p>Diversifikuota energetin\u0117 priklausomyb\u0117?<\/p>\n<p>Vis d\u0117lto tikra energetin\u0117 nepriklausomyb\u0117 ne\u012fmanoma, jei gamybos grandin\u0117je vis tiek i\u0161liekame priklausomi nuo importuojam\u0173 i\u0161tekli\u0173. Pavyzd\u017eiui, Nacionalin\u0117s energetin\u0117s nepriklausomyb\u0117s strategijoje (NENS) minimos branduolin\u0117s energetikos atveju b\u016btinas importuojamas uranas, suskystint\u0173 duj\u0173 \u2013 pa\u010dios dujos ir j\u0173 transportavimo infrastrukt\u016bra. Net jei tokie \u0161altiniai atrodo patikimi trumpuoju laikotarpiu, jie i\u0161 esm\u0117s nesukuria savaranki\u0161kumo \u2013 jie tik diversifikuoja priklausomyb\u0117s form\u0105. V\u0117jas, saul\u0117 ir hidroenergija yra i\u0161tekliai, kuriuos turime \u010dia pat, Lietuvoje. Jie nereikalauja nuolatinio importo, nepriklauso nuo svyruojan\u010di\u0173 pasaulini\u0173 kain\u0173 ar tiekian\u010diosios \u0161alies lyderio u\u017egaid\u0173, o j\u0173 potencialas dar toli gra\u017eu n\u0117ra i\u0161naudotas.<\/p>\n<p>B\u016btent tod\u0117l Lietuvos politika tur\u0117t\u0173 b\u016bti orientuota \u012f \u0161i\u0173 vietini\u0173 i\u0161tekli\u0173 pl\u0117tros spartinim\u0105 ir tinkam\u0173 rinkos s\u0105lyg\u0173 suk\u016brim\u0105, kurios skatint\u0173 investicijas \u012f vietin\u0119 gamyb\u0105. Kain\u0173 u\u017etikrinimo mechanizmai, ai\u0161k\u016bs leidim\u0173 procesai ir infrastrukt\u016bros pl\u0117tra turi tapti prioritetu. Energetin\u0117 nepriklausomyb\u0117 n\u0117ra vien technologinis klausimas \u2013 tai strategin\u0117 valstyb\u0117s kryptis, kuri lemia m\u016bs\u0173 ekonomin\u012f stabilum\u0105, socialin\u0119 gerov\u0119 ir saugum\u0105.<\/p>\n<p>Pasitelkiam\u0173 AEI \u012fvairov\u0117 didina tiekimo patikimum\u0105<\/p>\n<p>Kartu svarbu u\u017etikrinti diversifikacij\u0105 tarp atsinaujinan\u010di\u0173 \u0161altini\u0173. Drauge su v\u0117jo ar saul\u0117s energija b\u016btina i\u0161naudoti hidroenergijos ir energijos kaupimo sprendimus, kurie u\u017etikrina balans\u0105 i\u0161tisus metus. Tokia sistema, paremta keli\u0173 vietini\u0173 \u0161altini\u0173 sinergija, ne tik ma\u017eina importo poreik\u012f, bet ir didina tiekimo patikimum\u0105, ypa\u010d esant ekstremalioms oro s\u0105lygoms ar rinkos svyravimams. Turint tok\u012f pagrind\u0105 atsiranda vietos ir energijos i\u0161tekli\u0173 importui siekiant diversifikacijos, bet \u010dia nereikia pamir\u0161ti, kad importas yra vienokio ar kitokio lygio priklausomyb\u0117.<\/p>\n<p>Lietuva jau dabar mato pirmuosius rezultatus, kai didesn\u0117 dalis elektros energijos yra pagaminama \u0161alies viduje. Ta\u010diau siekiant ilgalaikio tvarumo, b\u016btina suprasti, kad energetin\u0117 nepriklausomyb\u0117 n\u0117ra duotyb\u0117 ir n\u0117ra pasiekiama vien infrastrukt\u016bros pastatymu \u2013 tai nuolatinis procesas, reikalaujantis investicij\u0173, politin\u0117s valios ir visuomen\u0117s palaikymo, verslo ir vald\u017eios pasitik\u0117jimo. Kiekvienas naujas v\u0117jo parkas ar saul\u0117s elektrin\u0117 n\u0117ra tik dar vienas verslo sugalvotas energijos \u0161altinis \u2013 tai \u017eingsnis link savaranki\u0161kos, saugios ir atsparios Lietuvos energetikos, tai dar vienas energetin\u0117s kovos vienetas, i\u0161laisvinantis i\u0161 energetin\u0117s priklausomyb\u0117s gniau\u017et\u0173.<\/p>\n<p>Tad \u0161iandien, kai geopolitin\u0117s gr\u0117sm\u0117s yra ypa\u010d aktualios, vietiniai i\u0161tekliai energetikos sektoriuje turi b\u016bti suvokiami kaip strategin\u0117 vertyb\u0117. Tik remdamiesi tuo, k\u0105 turime \u010dia \u2013 v\u0117ju, saule ir vandeniu \u2013 galime u\u017etikrinti, kad energetin\u0117 nepriklausomyb\u0117 b\u016bt\u0173 ne deklaracija, o realyb\u0117, ir skirtume jai deram\u0105 viet\u0105 ir pagarb\u0105.\u00a0<\/p>\n<p><a target=\"_blank\" href=\"http:\/\/www.statybunaujienos.lt\/index.php\" rel=\"nofollow noopener\"><img decoding=\"async\" alt=\"Statybunaujienos.lt\" src=\"https:\/\/www.europesays.com\/lt\/wp-content\/uploads\/2025\/09\/3.gif\" height=\"20\"\/><\/a><a href=\"https:\/\/www.statybunaujienos.lt\/naujiena\/Luzio-taskas-NT-rinkoje-kaip-teismai-perbraize-zaidimo-taisykles-pardavejams\/25708\" rel=\"nofollow noopener\" target=\"_blank\"><img decoding=\"async\" alt=\"nuotrauka\" class=\"img_foto\" src=\"https:\/\/www.europesays.com\/lt\/wp-content\/uploads\/2025\/12\/3c771f4b29011dcfefd709a34badb747.jpg\" height=\"100\" border=\"1\"\/><\/a><\/p>\n<p>2025-12-09 11:24<\/p>\n<p>Po keleto ramesni\u0173 met\u0173 Lietuvos nekilnojamojo turto rinka v\u0117l \u012fgauna pagreit\u012f \u2013 ma\u017e\u0117jan\u010dios pal\u016bkanos, lengvesn\u0117s pirmojo b\u016bsto \u012fsigijimo s\u0105lygos, pensij\u0173 kaupimo reforma ir auganti paklausa skatina kain\u0173 kilim\u0105. Tokiame kontekste kai kurie pardav\u0117jai ima svarstyti, ar nevert\u0117t\u0173 nutraukti prie\u0161 kel&#8230;<\/p>\n<p><a href=\"https:\/\/www.statybunaujienos.lt\/naujiena\/Apsauga-nuo-kintanciu-VMI-interpretaciju-Lietuvoje-pradedamas-naudoti-naujas-riziku-valdymo-instrumentas\/25706\" rel=\"nofollow noopener\" target=\"_blank\"><img decoding=\"async\" alt=\"nuotrauka\" class=\"img_foto\" src=\"https:\/\/www.europesays.com\/lt\/wp-content\/uploads\/2025\/12\/f1b2ab37c5fb2917e20fe446fe316c74.jpg\" height=\"100\" border=\"1\"\/><\/a><\/p>\n<p>2025-12-09 10:48<\/p>\n<p>Vie\u0161ai skelbiami Valstybin\u0117s mokes\u010di\u0173 inspekcijos duomenys rodo, kad mokestini\u0173 patikrinim\u0173 apimtys Lietuvoje i\u0161lieka didel\u0117s, o priskai\u010diuot\u0173 sum\u0173 mastai auga. Verslas susiduria su vis da\u017eniau kintan\u010diomis VMI interpretacijomis ir taisykl\u0117mis, kurios neretai traktuojamos grie\u017e\u010diau nei anks\u010diau. Riz&#8230;<\/p>\n<p><a href=\"https:\/\/www.statybunaujienos.lt\/naujiena\/Bustas-gali-tapti-dar-labiau-neprieinamas-iperkamumas-jau-siekia-Stokholmo-Londono-ir-Paryziaus-lygi\/25695\" rel=\"nofollow noopener\" target=\"_blank\"><img decoding=\"async\" alt=\"nuotrauka\" class=\"img_foto\" src=\"https:\/\/www.europesays.com\/lt\/wp-content\/uploads\/2025\/12\/64c21fd589922bfbb48e1fe0175faa94.jpg\" height=\"100\" border=\"1\"\/><\/a><\/p>\n<p>2025-12-08 13:45<\/p>\n<p>Apie atsakingo skolinimosi nuostat\u0173 poky\u010dius ir pradinio \u012fna\u0161o ma\u017einim\u0105 buvo kalbama jau kur\u012f laik\u0105, tod\u0117l pats sprendimas rinkos dalyviams nebuvo visi\u0161ka staigmena. Pana\u0161i tvarka, suma\u017einusi privalomo pradinio \u012fna\u0161o dyd\u012f iki 10 proc., bus taikoma ir  \u0160vedijoje, kurios b\u016bsto rinka turi didel\u0119 \u012ftak\u0105 &#8230;<\/p>\n<p><a href=\"https:\/\/www.statybunaujienos.lt\/naujiena\/Netrukus-isigalios-mokesciu-reforma-kaip-susimazinti-mokestine-nasta\/25663\" rel=\"nofollow noopener\" target=\"_blank\"><img decoding=\"async\" alt=\"nuotrauka\" class=\"img_foto\" src=\"https:\/\/www.europesays.com\/lt\/wp-content\/uploads\/2025\/12\/69633c36919304978aeac24fc3dd3b63.jpeg\" height=\"100\" border=\"1\"\/><\/a><\/p>\n<p>2025-12-03 09:46<\/p>\n<p>Jau nuo kit\u0173 met\u0173 sausio 1 d. \u012fsigalios mokes\u010di\u0173 reforma, d\u0117l kurios daliai gyventoj\u0173 did\u0117s mokestin\u0117 na\u0161ta. Visgi, teis\u0117s firmos \u201eSorainen\u201c Lietuvos biuro vadovaujan\u010dios partner\u0117s Saul\u0117s Dagilyt\u0117s teigimu, da\u017enu atveju yra teis\u0117t\u0173 ir ekonomine logika gr\u012fst\u0173 b\u016bd\u0173 j\u0105 susima\u017einti. Tad kada ir kokiais &#8230;<\/p>\n<p><a href=\"https:\/\/www.statybunaujienos.lt\/naujiena\/Vien-taupyti-nebeuztenka-kaip-sukaupti-bustui-iki-30-ies\/25657\" rel=\"nofollow noopener\" target=\"_blank\"><img decoding=\"async\" alt=\"nuotrauka\" class=\"img_foto\" src=\"https:\/\/www.europesays.com\/lt\/wp-content\/uploads\/2025\/12\/098971777fc0bca159eefdce4dd32dac.jpg\" height=\"100\" border=\"1\"\/><\/a><\/p>\n<p>2025-12-02 16:19<\/p>\n<p>Nuosavas b\u016bstas Lietuvoje laikomas vienu svarbiausi\u0173 finansinio stabilumo rodikli\u0173, ta\u010diau jauni \u017emon\u0117s da\u017enai abejoja, ar \u0161i investicija tebe\u012fmanoma ankstyvame gyvenimo etape. Vis d\u0117lto, kelias \u012f pirm\u0105j\u012f b\u016bst\u0105 prasideda gerokai anks\u010diau, nei dauguma \u012fsivaizduoja. Apie tai, kaip sukaupti nuosavam b\u016b&#8230;<\/p>\n<p><a href=\"https:\/\/www.statybunaujienos.lt\/naujiena\/Rekordine-Vilniaus-biuru-vakansija-aukso-amzius-nuomininkams\/25616\" rel=\"nofollow noopener\" target=\"_blank\"><img decoding=\"async\" alt=\"nuotrauka\" class=\"img_foto\" src=\"https:\/\/www.europesays.com\/lt\/wp-content\/uploads\/2025\/12\/c00bfed54f1f7f145cc5e48de4630913.jpg\" height=\"100\" border=\"1\"\/><\/a><\/p>\n<p>2025-12-02 16:13<\/p>\n<p>Lietuvos banko nekilnojamojo turto konferencijoje, kurioje NT srities ekspertai dalinosi rinkos \u012f\u017evalgomis, \u201eEIKA Development\u201c vadovas Martynas \u017dib\u016bda atskleid\u0117, kad sostin\u0117s biur\u0173 rinka kit\u0105met tur\u0117t\u0173 pasiekti rekordin\u0119 vakansij\u0105 pagal plot\u0105, tad verslo centr\u0173 nuomininkams tai rei\u0161kia aukso am\u017ei\u0173.<\/p>\n<p><a href=\"https:\/\/www.statybunaujienos.lt\/naujiena\/Kas-tas-notarinis-sandoris-praktiniai-patarimai-kaip-jam-pasiruosti\/25639\" rel=\"nofollow noopener\" target=\"_blank\"><img decoding=\"async\" alt=\"nuotrauka\" class=\"img_foto\" src=\"https:\/\/www.europesays.com\/lt\/wp-content\/uploads\/2025\/12\/921137a8df2a3aebee520ef4393262e9.jpg\" height=\"100\" border=\"1\"\/><\/a><\/p>\n<p>2025-11-28 10:08<\/p>\n<p>B\u016bsto pirkimo kelion\u0117 da\u017eniausiai baigiasi notar\u0173 biure \u2013 bene paskutiniame, bet ne visiems ai\u0161kiame etape. Nors atrodo, kad tai \u2013 tik formalumas, daugeliui pirk\u0117j\u0173 kyla klausim\u0173: kokius \u017eingsnius atlikti, k\u0105 tikrina notaras ir kaip pasiruo\u0161ti, kad viskas praeit\u0173 u\u017etikrintai, be kli\u016b\u010di\u0173?<\/p>\n<p><a href=\"https:\/\/www.statybunaujienos.lt\/naujiena\/Kaip-parduoti-busta-su-paskola-ekspertes-patarimai\/25625\" rel=\"nofollow noopener\" target=\"_blank\"><img decoding=\"async\" alt=\"nuotrauka\" class=\"img_foto\" src=\"https:\/\/www.europesays.com\/lt\/wp-content\/uploads\/2025\/12\/9677d06a97fe38495b615d4e4221681d.jpg\" height=\"100\" border=\"1\"\/><\/a><\/p>\n<p>2025-11-26 17:21<\/p>\n<p>Atsiradus galimybei \u012fsigyti nauj\u0105 b\u016bst\u0105 kyla klausimas, k\u0105 daryti, jei senoji paskola vis dar n\u0117ra i\u0161mok\u0117ta. Apie reikalingus \u017eingsnius ir kaip nesuklysti tvarkant paskol\u0173 dokumentus, pasakoja \u201eLuminor&#8221; banko finansavimo srities vadov\u0117 Laura \u017dukov\u0117.<\/p>\n<p><a href=\"https:\/\/www.statybunaujienos.lt\/naujiena\/Ar-pensiju-reforma-brangins-busta\/25602\" rel=\"nofollow noopener\" target=\"_blank\"><img decoding=\"async\" alt=\"nuotrauka\" class=\"img_foto\" src=\"https:\/\/www.europesays.com\/lt\/wp-content\/uploads\/2025\/12\/55beee851d07a3a5aedc4e732955c4b9.jpg\" height=\"100\" border=\"1\"\/><\/a><\/p>\n<p>2025-11-24 15:43<\/p>\n<p>Art\u0117jant II pakopos pensij\u0173 poky\u010diams nuo 2026 m., vie\u0161ojoje erdv\u0117je daug diskutuojama, ar dalinis sukaupt\u0173 l\u0117\u0161\u0173 atsi\u0117mimas gali reik\u0161mingai paveikti b\u016bsto rink\u0105 Lietuvoje. Pasigirsta teigini\u0173, kad gyventojai netrukus \u201e\u012f rink\u0105 i\u0161leis milijardus\u201c, o b\u016bsto kainos dar labiau \u0161oktels. Vis d\u0117lto toks po\u017e&#8230;<\/p>\n<p><a href=\"https:\/\/www.statybunaujienos.lt\/naujiena\/Nasumo-lyderiai-Lietuvos-regionai-atranda-nuosavas-verslo-stiprybes\/25581\" rel=\"nofollow noopener\" target=\"_blank\"><img decoding=\"async\" alt=\"nuotrauka\" class=\"img_foto\" src=\"https:\/\/www.europesays.com\/lt\/wp-content\/uploads\/2025\/12\/128733b0e21cf3026999a03855452f51.jpg\" height=\"100\" border=\"1\"\/><\/a><\/p>\n<p>2025-11-20 14:27<\/p>\n<p>Lietuvos region\u0173 verslai ne tik atsigauna, bet ir atranda kiekvienam i\u0161 j\u0173 b\u016bdingas raidos kryptis. Pernai pirm\u0105 kart\u0105 nuo 2021 m. daugiau juridini\u0173 asmen\u0173 registruota regionuose nei sostin\u0117je. Taigi, regionai tampa vis aktyvesniais \u0161alies ekonomikos \u017eaid\u0117jais. Tai svarbu, nes Lietuvos stipryb\u0117s sly&#8230;<\/p>\n<p><a href=\"https:\/\/www.statybunaujienos.lt\/naujiena\/Ar-jusu-imone-lengvas-taikinys-duomenu-vagims-Daznos-darbuotoju-klaidos\/25578\" rel=\"nofollow noopener\" target=\"_blank\"><img decoding=\"async\" alt=\"nuotrauka\" class=\"img_foto\" src=\"https:\/\/www.europesays.com\/lt\/wp-content\/uploads\/2025\/11\/2a915771745328b74981da2e7878f861.jpg\" height=\"100\" border=\"1\"\/><\/a><\/p>\n<p>2025-11-19 16:16<\/p>\n<p>Vos prie\u0161 kelis m\u0117nesius Kinijoje \u012fvyk\u0119s duomen\u0173 nutek\u0117jimas parod\u0117, kad duomenys \u2013 atrodo, brangiausias, bet da\u017enai ir lengviausias grobis, pasisavinamas d\u0117l i\u0161 pirmo \u017evilgsnio menkos klaidos. \u0160is \u012fvykis \u012fsp\u016bdingas ne tik savo apimtimi (nutek\u0117jo 1,7 milijardo unikali\u0173 \u012fra\u0161\u0173), bet ir prie\u017eastimi: pa&#8230;<\/p>\n<p><a href=\"https:\/\/www.statybunaujienos.lt\/naujiena\/Kaip-teisingai-palyginti-busto-paskolu-pasiulymus\/25570\" rel=\"nofollow noopener\" target=\"_blank\"><img decoding=\"async\" alt=\"nuotrauka\" class=\"img_foto\" src=\"https:\/\/www.europesays.com\/lt\/wp-content\/uploads\/2025\/11\/1c90bc3bb5c65e84bb9356afdde45c28.jpg\" height=\"100\" border=\"1\"\/><\/a><\/p>\n<p>2025-11-18 15:24<\/p>\n<p>Planuojant \u012fsigyti b\u016bst\u0105 su paskola, svarbu \u012fvertinti ne tik pal\u016bkan\u0173 dyd\u012f, bet ir vis\u0105 finansin\u012f paveiksl\u0105. Bankai, prie\u0161 suteikdami paskol\u0105, analizuoja kliento pajam\u0173 tvarum\u0105, mok\u0117jim\u0173 istorij\u0105 bei \u012fsipareigojim\u0173 ir pajam\u0173 santyk\u012f. Pasak \u201eLuminor&#8221; banko finansavimo srities vadov\u0117s Lauros \u017dukov\u0117s, &#8230;<\/p>\n<p><a href=\"https:\/\/www.statybunaujienos.lt\/naujiena\/Teigiami-busto-rinkos-rodikliai-palaiko-aukstus-pardaveju-lukescius\/25554\" rel=\"nofollow noopener\" target=\"_blank\"><img decoding=\"async\" alt=\"nuotrauka\" class=\"img_foto\" src=\"https:\/\/www.europesays.com\/lt\/wp-content\/uploads\/2025\/11\/4e7cd5aeaa3880d193cdc3eebb61cbce.jpg\" height=\"100\" border=\"1\"\/><\/a><\/p>\n<p>2025-11-14 10:08<\/p>\n<p>\u201eOber-Haus\u201c Lietuvos but\u0173 kain\u0173 indekso (OHBI), fiksuojan\u010dio but\u0173 kain\u0173 poky\u010dius penkiuose did\u017eiausiuose Lietuvos miestuose (Vilniuje, Kaune, Klaip\u0117doje, \u0160iauliuose ir Panev\u0117\u017eyje), 2025 met\u0173 spalio m\u0117nesio reik\u0161m\u0117 i\u0161augo 0,7%. Bendras but\u0173 kain\u0173 lygis Lietuvos didmies\u010diuose per pastaruosius 12 m\u0117nes&#8230;<\/p>\n<p><a href=\"https:\/\/www.statybunaujienos.lt\/naujiena\/Minimalaus-atlyginimo-pokyciai-ar-orus-atlygis-taps-prabanga-darbdaviams\/25506\" rel=\"nofollow noopener\" target=\"_blank\"><img decoding=\"async\" alt=\"nuotrauka\" class=\"img_foto\" src=\"https:\/\/www.europesays.com\/lt\/wp-content\/uploads\/2025\/11\/c0383a85cad1528dce35ad09a6b51a70.jpg\" height=\"100\" border=\"1\"\/><\/a><\/p>\n<p>2025-11-06 14:02<\/p>\n<p>Nuo kit\u0173 met\u0173 prad\u017eios daugiau nei 120 t\u016bkstan\u010di\u0173 darbuotoj\u0173 Lietuvoje savo algalapiuose i\u0161vys poky\u010di\u0173 \u2013 minimali m\u0117nesin\u0117 alga (MMA) did\u0117s nuo 1 038 iki 1153 eur\u0173, o minimalus valandinis atlygis \u2013 nuo 6,35 iki 7,05 euro. Tai vienas didesni\u0173 pastar\u0173j\u0173 met\u0173 \u0161uoli\u0173. Nors \u0161is sprendimas neabejotinai d\u017e&#8230;<\/p>\n<p><a href=\"https:\/\/www.statybunaujienos.lt\/naujiena\/Vilniaus-biuru-rinkoje-laisvu-patalpu-lygis-virsijo-10%25\/25510\" rel=\"nofollow noopener\" target=\"_blank\"><img decoding=\"async\" alt=\"nuotrauka\" class=\"img_foto\" src=\"https:\/\/www.europesays.com\/lt\/wp-content\/uploads\/2025\/11\/e66427646322d52f1761583fddaa3018.jpg\" height=\"100\" border=\"1\"\/><\/a><\/p>\n<p>2025-11-06 13:59<\/p>\n<p>2025 met\u0173 tre\u010diasis ketvirtis atne\u0161\u0117 nema\u017e\u0173 poky\u010di\u0173 \u0161alies sostin\u0117s biur\u0173 rinkai, kadangi buvo baigtos trij\u0173 didesni\u0173 biur\u0173 pastat\u0173 statybos: \u201eHero\u201c (Lvivo g.), \u201eJasinskio 2\u201c (J. Jasinskio g.) ir \u201eVilbros\u201c naujas biur\u0173 pastatas \u0160vitrigailos g. \u0160ie projektai sostin\u0117s rink\u0105 i\u0161 viso papild\u0117 42 700 kv. &#8230;<\/p>\n<p><a href=\"https:\/\/www.statybunaujienos.lt\/naujiena\/Arbitrazo-institucijos-pasirinkimas-vienas-sakinys-sutartyje-gali-buti-lemtingas\/25492\" rel=\"nofollow noopener\" target=\"_blank\"><img decoding=\"async\" alt=\"nuotrauka\" class=\"img_foto\" src=\"https:\/\/www.europesays.com\/lt\/wp-content\/uploads\/2025\/11\/80c15d32c3b9c8761de4ffe744ca70e1.jpg\" height=\"100\" border=\"1\"\/><\/a><\/p>\n<p>2025-11-04 15:41<\/p>\n<p>Verslo gin\u010dai \u2013 nei\u0161vengiama realyb\u0117, o vis daugiau \u012fmoni\u0173 j\u0173 sprendimui renkasi arbitra\u017e\u0105: greitesn\u0119, lankstesn\u0119 ir konfidenciali\u0105 alternatyv\u0105 teismui. Ta\u010diau tam, kad arbitra\u017eas i\u0161 ties\u0173 b\u016bt\u0173 veiksmingas, nepakanka vien \u012ftraukti arbitra\u017ein\u0119 i\u0161lyg\u0105 \u012f sutart\u012f \u2013 b\u016btina atsakingai pasirinkti arbitra\u017eo&#8230;<\/p>\n<p><a href=\"https:\/\/www.statybunaujienos.lt\/naujiena\/Kaip-pradinio-inaso-sumazinimas-keis-busto-kainas\/25443\" rel=\"nofollow noopener\" target=\"_blank\"><img decoding=\"async\" alt=\"nuotrauka\" class=\"img_foto\" src=\"https:\/\/www.europesays.com\/lt\/wp-content\/uploads\/2025\/11\/17a33fa8c1735640555f6df03cf2a32d.jpg\" height=\"100\" border=\"1\"\/><\/a><\/p>\n<p>2025-10-27 12:57<\/p>\n<p>Lietuvos banko sprendimu nuo kit\u0173 met\u0173 rugpj\u016b\u010dio 1 d. pradinis \u012fna\u0161as skolinantis pirmam b\u016bstui bus 10 proc. vietoje iki \u0161iol galiojusios minimalios 15 proc. ribos. NT ekspert\u0173 teigimu, tai \u2013 naujakuriams itin reik\u0161mingas ir rinkoje pastebimus poky\u010dius tikrai lemsiantis sprendimas, kuris, tik\u0117tina, &#8230;<\/p>\n<p><a href=\"https:\/\/www.statybunaujienos.lt\/naujiena\/Restrukturizavimas-antras-sansas-verslui-ar-minu-laukas-kreditoriams\/25423\" rel=\"nofollow noopener\" target=\"_blank\"><img decoding=\"async\" alt=\"nuotrauka\" class=\"img_foto\" src=\"https:\/\/www.europesays.com\/lt\/wp-content\/uploads\/2025\/11\/ab7948b732a6840187236910247dfe93.jpg\" height=\"100\" border=\"1\"\/><\/a><\/p>\n<p>2025-10-23 11:08<\/p>\n<p>Ekonominio neapibr\u0117\u017etumo laikais \u012fmoni\u0173 restrukt\u016brizavimas vis da\u017eniau tampa gelb\u0117jimosi ratu verslui, ta\u010diau kartu \u2013 sud\u0117tingu i\u0161bandymu partneriams bei kreditoriams. I\u0161 pirmo \u017evilgsnio tai atrodo kaip pozityvus procesas, leid\u017eiantis i\u0161saugoti veikl\u0105 ir darbo vietas. Vis d\u0117lto u\u017e gra\u017eios id\u0117jos sly&#8230;<\/p>\n<p><a href=\"https:\/\/www.statybunaujienos.lt\/naujiena\/NT-mokestis-komercines-paskirties-turtui-Kauno-prekybos-pramones-ir-amatu-rumu-pozicija\/25402\" rel=\"nofollow noopener\" target=\"_blank\"><img decoding=\"async\" alt=\"nuotrauka\" class=\"img_foto\" src=\"https:\/\/www.europesays.com\/lt\/wp-content\/uploads\/2025\/11\/d5f36a3962396647ad9f1860a1b84153.jpg\" height=\"100\" border=\"1\"\/><\/a><\/p>\n<p>2025-10-21 08:28<\/p>\n<p>Kauno prekybos, pramon\u0117s ir amat\u0173 r\u016bmai, vienijantys 1000 nari\u0173 Kauno ir Marijampol\u0117s regionuose, pa\u017eymi, kad politinis siekis i\u0161 padidint\u0173 mokes\u010di\u0173 surinktas l\u0117\u0161as skirti \u0161alies gynybai yra suprantamas ir savalaikis.<\/p>\n<p><a href=\"https:\/\/www.statybunaujienos.lt\/naujiena\/Jusu-kieme-vel-norima-ikisti-daugiabuti-Siulau-sisteminius-sprendimus\/25381\" rel=\"nofollow noopener\" target=\"_blank\"><img decoding=\"async\" alt=\"nuotrauka\" class=\"img_foto\" src=\"https:\/\/www.europesays.com\/lt\/wp-content\/uploads\/2025\/11\/9f60944ceb6b0c67b76d63fbf250e47b.jpg\" height=\"100\" border=\"1\"\/><\/a><\/p>\n<p>2025-10-16 14:58<\/p>\n<p>Vilnius yra spar\u010diai augantis miestas \u2013 neseniai tapome did\u017eiausiais Baltijos \u0161alyse. \u010cia kasmet atvyksta vis daugiau \u017emoni\u0173 dirbti, mokytis, kurti \u0161eimas bei verslus. Lietuvoje n\u0117ra kit\u0173 viet\u0173, si\u016blan\u010di\u0173 tiek galimybi\u0173, tod\u0117l turime tai labai vertinti. Su \u0161ia pl\u0117tra kyla ir nat\u016bralus i\u0161\u0161\u016bkis \u2013 \u017emon&#8230;<\/p>\n<p>\n\t\t\t\t<a href=\"https:\/\/www.statybunaujienos.lt\/index.php\" rel=\"nofollow noopener\" target=\"_blank\">Statybunaujienos.lt<\/a> \u00bb <a href=\"https:\/\/www.statybunaujienos.lt\/naujienos\/Komentaras\/3\" rel=\"nofollow noopener\" target=\"_blank\">Komentaras<\/a><\/p>\n<\/td>\n","protected":false},"excerpt":{"rendered":"2025-12-09 09:42 Lietuvos energetin\u0117s nepriklausomyb\u0117s pagrindu turi b\u016bti i\u0161tekliai, kuriuos turime Lietuvoje. I\u0161tekli\u0173 importas pateisinamas tik tais atvejais,&hellip;\n","protected":false},"author":2,"featured_media":57829,"comment_status":"","ping_status":"","sticky":false,"template":"","format":"standard","meta":{"footnotes":""},"categories":[17],"tags":[81,1262,37,39,36,38,40,23,1260,430,1263,46,1261],"class_list":{"0":"post-57828","1":"post","2":"type-post","3":"status-publish","4":"format-standard","5":"has-post-thumbnail","7":"category-verslas","8":"tag-business","9":"tag-interjeras","10":"tag-lietuva","11":"tag-lietuviu","12":"tag-lithuania","13":"tag-lithuanian","14":"tag-lt","15":"tag-naujienos","16":"tag-nekilnojamas-turtas","17":"tag-renovacija","18":"tag-statyba","19":"tag-verslas","20":"tag-zinios"},"share_on_mastodon":{"url":"https:\/\/pubeurope.com\/@lt\/115689668364929364","error":""},"_links":{"self":[{"href":"https:\/\/www.europesays.com\/lt\/wp-json\/wp\/v2\/posts\/57828","targetHints":{"allow":["GET"]}}],"collection":[{"href":"https:\/\/www.europesays.com\/lt\/wp-json\/wp\/v2\/posts"}],"about":[{"href":"https:\/\/www.europesays.com\/lt\/wp-json\/wp\/v2\/types\/post"}],"author":[{"embeddable":true,"href":"https:\/\/www.europesays.com\/lt\/wp-json\/wp\/v2\/users\/2"}],"replies":[{"embeddable":true,"href":"https:\/\/www.europesays.com\/lt\/wp-json\/wp\/v2\/comments?post=57828"}],"version-history":[{"count":0,"href":"https:\/\/www.europesays.com\/lt\/wp-json\/wp\/v2\/posts\/57828\/revisions"}],"wp:featuredmedia":[{"embeddable":true,"href":"https:\/\/www.europesays.com\/lt\/wp-json\/wp\/v2\/media\/57829"}],"wp:attachment":[{"href":"https:\/\/www.europesays.com\/lt\/wp-json\/wp\/v2\/media?parent=57828"}],"wp:term":[{"taxonomy":"category","embeddable":true,"href":"https:\/\/www.europesays.com\/lt\/wp-json\/wp\/v2\/categories?post=57828"},{"taxonomy":"post_tag","embeddable":true,"href":"https:\/\/www.europesays.com\/lt\/wp-json\/wp\/v2\/tags?post=57828"}],"curies":[{"name":"wp","href":"https:\/\/api.w.org\/{rel}","templated":true}]}}