{"id":57832,"date":"2025-12-09T12:45:08","date_gmt":"2025-12-09T12:45:08","guid":{"rendered":"https:\/\/www.europesays.com\/lt\/57832\/"},"modified":"2025-12-09T12:45:08","modified_gmt":"2025-12-09T12:45:08","slug":"drabuziu-prekyba-besivercianti-bendrove-atleidzia-dali-darbuotoju-prarado-svarbu-partneri","status":"publish","type":"post","link":"https:\/\/www.europesays.com\/lt\/57832\/","title":{"rendered":"Drabu\u017ei\u0173 prekyba besiver\u010dianti bendrov\u0117 atleid\u017eia dal\u012f darbuotoj\u0173 \u2013 prarado svarb\u0173 partner\u012f"},"content":{"rendered":"<p>\u201eM\u016bs\u0173 vienas i\u0161 partneri\u0173 nutrauk\u0117 veikl\u0105, tod\u0117l t\u0105 pat\u012f padar\u0117me ir mes\u201c, \u2013 sako D.Dalibogas.<\/p>\n<p>Jo minimas partneris \u2013 Vokietijos mados ma\u017emenininkas \u201eGerry Weber\u201c. Dar \u0161i\u0105 vasar\u0105 skelbta, kad po daugiau nei 50 met\u0173 veiklos rinkoje \u201eGerry Weber\u201c u\u017edaro visas parduotuves Vokietijoje ir Europoje. Bandymai restrukt\u016brizuoti \u012fmon\u0119 buvo nes\u0117kmingi.<\/p>\n<p>\u201eAtleid\u017eiame ma\u017emenin\u0117s prekybos darbuotojus, t. y. pardav\u0117jus. I\u0161 viso buvo \u0161e\u0161i prekybos ta\u0161kai.  Darbuotojai \u2013 protingi \u017emon\u0117s. Kai jie su\u017einojo prie\u0161 pusmet\u012f, kad tai \u012fvyko, susirado kitus darbus, kiti \u2013 i\u0161\u0117jo \u012f pensij\u0105. Viskas vyksta civilizuotai\u201c, \u2013 tikina \u201eL\u0117vuo\u201c generalinis direktorius.<\/p>\n<p>Portale rekvizitai.vz.lt nurodoma, kad \u0161iuo metu bendrov\u0117je dirba 46 darbuotojai. \u0160i\u0173 met\u0173 spal\u012f vidutinis mokamas atlyginimas siek\u0117 1 533 Eur (su mokes\u010diais). Pernai \u201eL\u0117vuo\u201c fiksavo 827 306 Eur gryn\u0105j\u012f nuostol\u012f.<\/p>\n<p>Kad pastarieji metai \u012fmonei buvo sunk\u016bs, nesl\u0117p\u0117 ir D.Dalibogas. \u201eKai prarandi partner\u012f \u2013 visada sunku\u201c, \u2013 \u012f platesnes kalbas nesileido verslininkas.<\/p>\n<p>\u017dini\u0105, kad AB \u201eL\u0117vuo\u201c atleid\u017eia dal\u012f savo darbuotoj\u0173 patvirtino ir U\u017dT atstov\u0117 Milda Jankauskien\u0117. Pasak jos, \u012fmon\u0117 pateik\u0117 prane\u0161im\u0105 apie numatom\u0105 grup\u0117s darbuotoj\u0173 atleidim\u0105. \u012esp\u0117ta 11 darbuotoj\u0173, i\u0161 j\u0173 daugiausiai \u2013 5 \u2013 vyr. pardav\u0117jai konsultantai.<\/p>\n<p>Numatoma atleisti Darbo kodekso 63 straipsnyje nurodytomis s\u0105lygomis, t. y. darbo sutartys nutraukimos darbdavio iniciatyva be darbuotojo kalt\u0117s. Darbuotojai atleid\u017eiami nuo 2025 m. gruod\u017eio 1 d. iki \u0161i\u0173 met\u0173 gruod\u017eio 31 d.<\/p>\n<p>\u201eAtleidimo prie\u017eastis yra\u00a0Darbo kodekso 57 str. 1 d. 1 p. \u2013 kei\u010diama \u012fmon\u0117s strukt\u016bra, u\u017edaromos parduotuv\u0117s, sand\u0117lis. Bendrov\u0117je dirba 53 darbuotojai\u201c, \u2013 priduria M.Jankauskien\u0117.<\/p>\n<p>Primename, kad lapkri\u010dio viduryje portalas \u201eVakar\u0173 ekspresas\u201c skelb\u0117, kad ne vien\u0105 de\u0161imtmet\u012f Klaip\u0117dos centre veikusi Vokietijos drabu\u017ei\u0173 gamintojo \u201eGerry Weber\u201c parduotuv\u0117 nutraukia veikl\u0105 \u2013 produkcij\u0105 tiekianti bendrov\u0117 bankrutavo.<\/p>\n<p>\u201eGerry Weber\u201c palieka Klaip\u0117d\u0105. Atsisveikiname  D\u0117kojame u\u017e lojalum\u0105\u201c, \u2013 taip trumposiomis SMS \u017einut\u0117mis buvo informuoti pirk\u0117jai.<\/p>\n","protected":false},"excerpt":{"rendered":"\u201eM\u016bs\u0173 vienas i\u0161 partneri\u0173 nutrauk\u0117 veikl\u0105, tod\u0117l t\u0105 pat\u012f padar\u0117me ir mes\u201c, \u2013 sako D.Dalibogas. Jo minimas partneris&hellip;\n","protected":false},"author":2,"featured_media":57833,"comment_status":"","ping_status":"","sticky":false,"template":"","format":"standard","meta":{"footnotes":""},"categories":[6],"tags":[25,30,31,34,35,24,32,33,37,39,36,38,40,23,22,28,29,26,27],"class_list":{"0":"post-57832","1":"post","2":"type-post","3":"status-publish","4":"format-standard","5":"has-post-thumbnail","7":"category-antrastes","8":"tag-antrastes","9":"tag-breaking-news","10":"tag-breakingnews","11":"tag-featured-news","12":"tag-featurednews","13":"tag-headlines","14":"tag-latest-news","15":"tag-latestnews","16":"tag-lietuva","17":"tag-lietuviu","18":"tag-lithuania","19":"tag-lithuanian","20":"tag-lt","21":"tag-naujienos","22":"tag-news","23":"tag-populiariausios-naujienos","24":"tag-populiariausiosnaujienos","25":"tag-top-stories","26":"tag-topstories"},"share_on_mastodon":{"url":"https:\/\/pubeurope.com\/@lt\/115689679963188719","error":""},"_links":{"self":[{"href":"https:\/\/www.europesays.com\/lt\/wp-json\/wp\/v2\/posts\/57832","targetHints":{"allow":["GET"]}}],"collection":[{"href":"https:\/\/www.europesays.com\/lt\/wp-json\/wp\/v2\/posts"}],"about":[{"href":"https:\/\/www.europesays.com\/lt\/wp-json\/wp\/v2\/types\/post"}],"author":[{"embeddable":true,"href":"https:\/\/www.europesays.com\/lt\/wp-json\/wp\/v2\/users\/2"}],"replies":[{"embeddable":true,"href":"https:\/\/www.europesays.com\/lt\/wp-json\/wp\/v2\/comments?post=57832"}],"version-history":[{"count":0,"href":"https:\/\/www.europesays.com\/lt\/wp-json\/wp\/v2\/posts\/57832\/revisions"}],"wp:featuredmedia":[{"embeddable":true,"href":"https:\/\/www.europesays.com\/lt\/wp-json\/wp\/v2\/media\/57833"}],"wp:attachment":[{"href":"https:\/\/www.europesays.com\/lt\/wp-json\/wp\/v2\/media?parent=57832"}],"wp:term":[{"taxonomy":"category","embeddable":true,"href":"https:\/\/www.europesays.com\/lt\/wp-json\/wp\/v2\/categories?post=57832"},{"taxonomy":"post_tag","embeddable":true,"href":"https:\/\/www.europesays.com\/lt\/wp-json\/wp\/v2\/tags?post=57832"}],"curies":[{"name":"wp","href":"https:\/\/api.w.org\/{rel}","templated":true}]}}