{"id":57842,"date":"2025-12-09T12:56:55","date_gmt":"2025-12-09T12:56:55","guid":{"rendered":"https:\/\/www.europesays.com\/lt\/57842\/"},"modified":"2025-12-09T12:56:55","modified_gmt":"2025-12-09T12:56:55","slug":"andriaus-mamontovo-zinute-gitanui-nausedai-atsibusk","status":"publish","type":"post","link":"https:\/\/www.europesays.com\/lt\/57842\/","title":{"rendered":"Andriaus Mamontovo \u017einut\u0117 Gitanui Naus\u0117dai: atsibusk"},"content":{"rendered":"\n<p>Prie Lietuvos nacionalin\u0117s Martyno Ma\u017evydo bibliotekos susirink\u0119 \u017eurnalistai, visuomen\u0117s ir kult\u016bros veik\u0117jai bei kiti akcij\u0105 palaikantys \u017emon\u0117s buvo ne\u0161ini \u012fvairia atributika, plakatais, \u012fsp\u0117jan\u010diais apie kylan\u010dias gr\u0117smes \u017eod\u017eio laisvei. Prie\u0161 prasidedant protesto akcijai, Nepriklausomyb\u0117s aik\u0161t\u0117je pastatytuose ekranuose buvo rodomos i\u0161traukos i\u0161 kadaise transliuotos televizijos laidos \u201eKas geresnio, premjere?\u201c, a\u0161triai kritikuotos d\u0117l \u017einiasklaidos pataikavimo politikams.<\/p>\n<p>\u201eAt\u0117jome tod\u0117l, kad mums r\u016bpi \u017eod\u017eio laisv\u0117. Matome pavoj\u0173, kuris yra akivaizdus. Vald\u017eia bando padaryti taip, kad da\u017eniau matytume \u201eKas geresnio, premjere?\u201c. D\u0117l to ir at\u0117jome protestuoti\u201c, \u2013 Eltai teig\u0117 \u012f protest\u0105 atvyk\u0119s vilnietis Mindaugas.<\/p>\n<p>\u201e\u0160alin rankas nuo laisvo \u017eod\u017eio\u201c: d\u0117l pavojaus \u017einiasklaidos laisvei prie Seimo protestuoja per 10 t\u016bkst. \u017emoni\u0173<\/p>\n<p>(37 nuotr.) <a style=\"height: 63vw;\" itemprop=\"contentUrl\" data-size=\"0x0\" href=\"#gid=116387&amp;pid=1\" data-href=\"https:\/\/static4.inspektorius.lt\/usi\/800x600\/2\/82\/9c\/ff\/829cff9090f20b0206057421675117ca.jpg?v=4.2.7.29&amp;t=cr&amp;s=800x600&amp;m=2&amp;f=\/Uploads\/UGallery\/photos\/18\/27\/92\/15\/182792155917149dfa8e894ba832b075.jpg\" rel=\"nofollow\" target=\"_blank\"><img decoding=\"async\" style=\"height: 63vw; object-fit: cover;\" itemprop=\"thumbnail\" class=\"newsPhoto300 landscape\" id=\"imgid-116387-2604965\" alt=\"1\" src=\"https:\/\/www.europesays.com\/lt\/wp-content\/uploads\/2025\/12\/182792155917149dfa8e894ba832b075.jpg\" title=\"\u201e\u0160alin rankas nuo laisvo \u017eod\u017eio\u201c: d\u0117l pavojaus \u017einiasklaidos laisvei prie Seimo protestuoja per 10 t\u016bkst. \u017emoni\u0173  \" loading=\"lazy\" \/> <\/a> <\/p>\n<p>\u201e\u0160alin rankas nuo laisvo \u017eod\u017eio\u201c: d\u0117l pavojaus \u017einiasklaidos laisvei prie Seimo protestuoja per 10 t\u016bkst. \u017emoni\u0173  <\/p>\n<p>  <a itemprop=\"contentUrl\" data-size=\"0x0\" href=\"#gid=116387&amp;pid=2\" data-href=\"https:\/\/static4.inspektorius.lt\/usi\/800x600\/2\/ed\/78\/1e\/ed781e4453b772560f0b70f2b9635b34.jpg?v=4.2.7.29&amp;t=cr&amp;s=800x600&amp;m=2&amp;f=\/Uploads\/UGallery\/photos\/6a\/e0\/b1\/93\/6ae0b193e9ca8cbf19a227412479c84d.jpg\" rel=\"nofollow\" target=\"_blank\"><img decoding=\"async\" itemprop=\"thumbnail\" class=\"newsPhoto300 portrait\" id=\"imgid-116387-2604966\" alt=\"2\" src=\"https:\/\/www.europesays.com\/lt\/wp-content\/uploads\/2025\/12\/6ae0b193e9ca8cbf19a227412479c84d.jpg\" title=\"\u201e\u0160alin rankas nuo laisvo \u017eod\u017eio\u201c: d\u0117l pavojaus \u017einiasklaidos laisvei prie Seimo protestuoja per 10 t\u016bkst. \u017emoni\u0173  \" loading=\"lazy\" \/> <\/a> <\/p>\n<p>\u201e\u0160alin rankas nuo laisvo \u017eod\u017eio\u201c: d\u0117l pavojaus \u017einiasklaidos laisvei prie Seimo protestuoja per 10 t\u016bkst. \u017emoni\u0173  <\/p>\n<p>  <a itemprop=\"contentUrl\" data-size=\"0x0\" href=\"#gid=116387&amp;pid=3\" data-href=\"https:\/\/static4.inspektorius.lt\/usi\/800x600\/2\/97\/3c\/63\/973c63c827719bd399351a94dd2b06c0.jpg?v=4.2.7.29&amp;t=cr&amp;s=800x600&amp;m=2&amp;f=\/Uploads\/UGallery\/photos\/fa\/7c\/74\/ac\/fa7c74acdd91f80cc2f37998951ed354.jpg\" rel=\"nofollow\" target=\"_blank\"><img decoding=\"async\" itemprop=\"thumbnail\" class=\"newsPhoto300 portrait\" id=\"imgid-116387-2604967\" alt=\"3\" src=\"https:\/\/www.europesays.com\/lt\/wp-content\/uploads\/2025\/12\/fa7c74acdd91f80cc2f37998951ed354.jpg\" title=\"\u201e\u0160alin rankas nuo laisvo \u017eod\u017eio\u201c: d\u0117l pavojaus \u017einiasklaidos laisvei prie Seimo protestuoja per 10 t\u016bkst. \u017emoni\u0173  \" loading=\"lazy\" \/> <\/a> <\/p>\n<p>\u201e\u0160alin rankas nuo laisvo \u017eod\u017eio\u201c: d\u0117l pavojaus \u017einiasklaidos laisvei prie Seimo protestuoja per 10 t\u016bkst. \u017emoni\u0173  <\/p>\n<p>  <a itemprop=\"contentUrl\" data-size=\"0x0\" href=\"#gid=116387&amp;pid=4\" data-href=\"https:\/\/static4.inspektorius.lt\/usi\/800x600\/2\/fc\/4c\/c5\/fc4cc55c944a1742b8c98e227623f7d6.jpg?v=4.2.7.29&amp;t=cr&amp;s=800x600&amp;m=2&amp;f=\/Uploads\/UGallery\/photos\/e4\/8e\/e6\/31\/e48ee63156fa8444e22af0a4fbed96ca.jpg\" rel=\"nofollow\" target=\"_blank\"><img decoding=\"async\" itemprop=\"thumbnail\" class=\"newsPhoto300 portrait\" id=\"imgid-116387-2604968\" alt=\"4\" src=\"https:\/\/www.europesays.com\/lt\/wp-content\/uploads\/2025\/12\/e48ee63156fa8444e22af0a4fbed96ca.jpg\" title=\"\u201e\u0160alin rankas nuo laisvo \u017eod\u017eio\u201c: d\u0117l pavojaus \u017einiasklaidos laisvei prie Seimo protestuoja per 10 t\u016bkst. \u017emoni\u0173  \" loading=\"lazy\" \/> <\/a> <\/p>\n<p>\u201e\u0160alin rankas nuo laisvo \u017eod\u017eio\u201c: d\u0117l pavojaus \u017einiasklaidos laisvei prie Seimo protestuoja per 10 t\u016bkst. \u017emoni\u0173  <\/p>\n<p>  <a itemprop=\"contentUrl\" data-size=\"0x0\" href=\"#gid=116387&amp;pid=5\" data-href=\"https:\/\/static4.inspektorius.lt\/usi\/800x600\/2\/81\/08\/12\/8108128d2a3d0b425fd03fc0ee7d34c0.jpg?v=4.2.7.29&amp;t=cr&amp;s=800x600&amp;m=2&amp;f=\/Uploads\/UGallery\/photos\/5b\/4e\/db\/01\/5b4edb0138ce331e1e7b4437fe4bb48d.jpg\" rel=\"nofollow\" target=\"_blank\"><img decoding=\"async\" itemprop=\"thumbnail\" class=\"newsPhoto300 portrait\" id=\"imgid-116387-2604969\" alt=\"5\" src=\"https:\/\/www.europesays.com\/lt\/wp-content\/uploads\/2025\/12\/5b4edb0138ce331e1e7b4437fe4bb48d.jpg\" title=\"\u201e\u0160alin rankas nuo laisvo \u017eod\u017eio\u201c: d\u0117l pavojaus \u017einiasklaidos laisvei prie Seimo protestuoja per 10 t\u016bkst. \u017emoni\u0173  \" loading=\"lazy\" \/> <\/a> <\/p>\n<p>\u201e\u0160alin rankas nuo laisvo \u017eod\u017eio\u201c: d\u0117l pavojaus \u017einiasklaidos laisvei prie Seimo protestuoja per 10 t\u016bkst. \u017emoni\u0173  <\/p>\n<p>  <a itemprop=\"contentUrl\" data-size=\"0x0\" href=\"#gid=116387&amp;pid=6\" data-href=\"https:\/\/static4.inspektorius.lt\/usi\/800x600\/2\/d1\/f0\/04\/d1f004120e97914cb5f66c09c9f15ceb.jpg?v=4.2.7.29&amp;t=cr&amp;s=800x600&amp;m=2&amp;f=\/Uploads\/UGallery\/photos\/eb\/66\/29\/a1\/eb6629a114a2f97c2a5c68f9ebafbff2.jpg\" rel=\"nofollow\" target=\"_blank\"><img decoding=\"async\" itemprop=\"thumbnail\" class=\"newsPhoto300 portrait\" id=\"imgid-116387-2604970\" alt=\"6\" src=\"https:\/\/www.europesays.com\/lt\/wp-content\/uploads\/2025\/12\/eb6629a114a2f97c2a5c68f9ebafbff2.jpg\" title=\"\u201e\u0160alin rankas nuo laisvo \u017eod\u017eio\u201c: d\u0117l pavojaus \u017einiasklaidos laisvei prie Seimo protestuoja per 10 t\u016bkst. \u017emoni\u0173  \" loading=\"lazy\" \/> <\/a> <\/p>\n<p>\u201e\u0160alin rankas nuo laisvo \u017eod\u017eio\u201c: d\u0117l pavojaus \u017einiasklaidos laisvei prie Seimo protestuoja per 10 t\u016bkst. \u017emoni\u0173  <\/p>\n<p>  <a itemprop=\"contentUrl\" data-size=\"0x0\" href=\"#gid=116387&amp;pid=7\" data-href=\"https:\/\/static4.inspektorius.lt\/usi\/800x600\/2\/6a\/54\/eb\/6a54eb3d41fb5c8237bc28d266be41a1.jpg?v=4.2.7.29&amp;t=cr&amp;s=800x600&amp;m=2&amp;f=\/Uploads\/UGallery\/photos\/87\/29\/39\/15\/8729391510c92e4e9021779dffba3158.jpg\" rel=\"nofollow\" target=\"_blank\"><img decoding=\"async\" itemprop=\"thumbnail\" class=\"newsPhoto300 portrait\" id=\"imgid-116387-2604971\" alt=\"7\" src=\"https:\/\/www.europesays.com\/lt\/wp-content\/uploads\/2025\/12\/8729391510c92e4e9021779dffba3158.jpg\" title=\"\u201e\u0160alin rankas nuo laisvo \u017eod\u017eio\u201c: d\u0117l pavojaus \u017einiasklaidos laisvei prie Seimo protestuoja per 10 t\u016bkst. \u017emoni\u0173  \" loading=\"lazy\" \/> <\/a> <\/p>\n<p>\u201e\u0160alin rankas nuo laisvo \u017eod\u017eio\u201c: d\u0117l pavojaus \u017einiasklaidos laisvei prie Seimo protestuoja per 10 t\u016bkst. \u017emoni\u0173  <\/p>\n<p>  <a itemprop=\"contentUrl\" data-size=\"0x0\" href=\"#gid=116387&amp;pid=8\" data-href=\"https:\/\/static4.inspektorius.lt\/usi\/800x600\/2\/09\/4c\/e2\/094ce2381fbb668357db7adce8a2d9b8.jpg?v=4.2.7.29&amp;t=cr&amp;s=800x600&amp;m=2&amp;f=\/Uploads\/UGallery\/photos\/3b\/85\/bb\/56\/3b85bb566f759921904953139e11d34b.jpg\" rel=\"nofollow\" target=\"_blank\"><img decoding=\"async\" itemprop=\"thumbnail\" class=\"newsPhoto300 portrait\" id=\"imgid-116387-2604972\" alt=\"8\" src=\"https:\/\/www.europesays.com\/lt\/wp-content\/uploads\/2025\/12\/3b85bb566f759921904953139e11d34b.jpg\" title=\"\u201e\u0160alin rankas nuo laisvo \u017eod\u017eio\u201c: d\u0117l pavojaus \u017einiasklaidos laisvei prie Seimo protestuoja per 10 t\u016bkst. \u017emoni\u0173  \" loading=\"lazy\" \/> <\/a> <\/p>\n<p>\u201e\u0160alin rankas nuo laisvo \u017eod\u017eio\u201c: d\u0117l pavojaus \u017einiasklaidos laisvei prie Seimo protestuoja per 10 t\u016bkst. \u017emoni\u0173  <\/p>\n<p>  <a itemprop=\"contentUrl\" data-size=\"0x0\" href=\"#gid=116387&amp;pid=9\" data-href=\"https:\/\/static4.inspektorius.lt\/usi\/800x600\/2\/8d\/83\/27\/8d83276d544e3beb4c5a06e75d373e35.jpg?v=4.2.7.29&amp;t=cr&amp;s=800x600&amp;m=2&amp;f=\/Uploads\/UGallery\/photos\/a0\/28\/da\/de\/a028dadea852073cba5bd4457054e1e8.jpg\" rel=\"nofollow\" target=\"_blank\"><img decoding=\"async\" itemprop=\"thumbnail\" class=\"newsPhoto300 portrait\" id=\"imgid-116387-2604973\" alt=\"9\" src=\"https:\/\/www.europesays.com\/lt\/wp-content\/uploads\/2025\/12\/a028dadea852073cba5bd4457054e1e8.jpg\" title=\"\u201e\u0160alin rankas nuo laisvo \u017eod\u017eio\u201c: d\u0117l pavojaus \u017einiasklaidos laisvei prie Seimo protestuoja per 10 t\u016bkst. \u017emoni\u0173  \" loading=\"lazy\" \/> <\/a> <\/p>\n<p>\u201e\u0160alin rankas nuo laisvo \u017eod\u017eio\u201c: d\u0117l pavojaus \u017einiasklaidos laisvei prie Seimo protestuoja per 10 t\u016bkst. \u017emoni\u0173  <\/p>\n<p>  <a itemprop=\"contentUrl\" data-size=\"0x0\" href=\"#gid=116387&amp;pid=10\" data-href=\"https:\/\/static4.inspektorius.lt\/usi\/800x600\/2\/26\/b6\/35\/26b6357ef98abf6caa7cf60901666fc2.jpg?v=4.2.7.29&amp;t=cr&amp;s=800x600&amp;m=2&amp;f=\/Uploads\/UGallery\/photos\/6e\/34\/6d\/39\/6e346d39c73624db30e18bee3d436342.jpg\" rel=\"nofollow\" target=\"_blank\"><img decoding=\"async\" itemprop=\"thumbnail\" class=\"newsPhoto300 portrait\" id=\"imgid-116387-2604974\" alt=\"10\" src=\"https:\/\/www.europesays.com\/lt\/wp-content\/uploads\/2025\/12\/6e346d39c73624db30e18bee3d436342.jpg\" title=\"\u201e\u0160alin rankas nuo laisvo \u017eod\u017eio\u201c: d\u0117l pavojaus \u017einiasklaidos laisvei prie Seimo protestuoja per 10 t\u016bkst. \u017emoni\u0173  \" loading=\"lazy\" \/> <\/a> <\/p>\n<p>\u201e\u0160alin rankas nuo laisvo \u017eod\u017eio\u201c: d\u0117l pavojaus \u017einiasklaidos laisvei prie Seimo protestuoja per 10 t\u016bkst. \u017emoni\u0173  <\/p>\n<p>  <a itemprop=\"contentUrl\" data-size=\"0x0\" href=\"#gid=116387&amp;pid=11\" data-href=\"https:\/\/static4.inspektorius.lt\/usi\/800x600\/2\/59\/0b\/c0\/590bc003fe6bce4d957faf1cbd9ca8e2.jpg?v=4.2.7.29&amp;t=cr&amp;s=800x600&amp;m=2&amp;f=\/Uploads\/UGallery\/photos\/2b\/75\/8e\/df\/2b758edf35eefe1ebfd3b3bf9b442bbb.jpg\" rel=\"nofollow\" target=\"_blank\"><img decoding=\"async\" itemprop=\"thumbnail\" class=\"newsPhoto300 portrait\" id=\"imgid-116387-2604975\" alt=\"11\" src=\"https:\/\/www.europesays.com\/lt\/wp-content\/uploads\/2025\/12\/2b758edf35eefe1ebfd3b3bf9b442bbb.jpg\" title=\"\u201e\u0160alin rankas nuo laisvo \u017eod\u017eio\u201c: d\u0117l pavojaus \u017einiasklaidos laisvei prie Seimo protestuoja per 10 t\u016bkst. \u017emoni\u0173  \" loading=\"lazy\" \/> <\/a> <\/p>\n<p>\u201e\u0160alin rankas nuo laisvo \u017eod\u017eio\u201c: d\u0117l pavojaus \u017einiasklaidos laisvei prie Seimo protestuoja per 10 t\u016bkst. \u017emoni\u0173  <\/p>\n<p>  <a itemprop=\"contentUrl\" data-size=\"0x0\" href=\"#gid=116387&amp;pid=12\" data-href=\"https:\/\/static4.inspektorius.lt\/usi\/800x600\/2\/7b\/75\/45\/7b754539a1a5ba792d23809607afd1d2.jpg?v=4.2.7.29&amp;t=cr&amp;s=800x600&amp;m=2&amp;f=\/Uploads\/UGallery\/photos\/23\/58\/61\/88\/23586188022176f890a20c928448848b.jpg\" rel=\"nofollow\" target=\"_blank\"><img decoding=\"async\" itemprop=\"thumbnail\" class=\"newsPhoto300 portrait\" id=\"imgid-116387-2604976\" alt=\"12\" src=\"https:\/\/www.europesays.com\/lt\/wp-content\/uploads\/2025\/12\/23586188022176f890a20c928448848b.jpg\" title=\"\u201e\u0160alin rankas nuo laisvo \u017eod\u017eio\u201c: d\u0117l pavojaus \u017einiasklaidos laisvei prie Seimo protestuoja per 10 t\u016bkst. \u017emoni\u0173  \" loading=\"lazy\" \/> <\/a> <\/p>\n<p>\u201e\u0160alin rankas nuo laisvo \u017eod\u017eio\u201c: d\u0117l pavojaus \u017einiasklaidos laisvei prie Seimo protestuoja per 10 t\u016bkst. \u017emoni\u0173  <\/p>\n<p>  <a itemprop=\"contentUrl\" data-size=\"0x0\" href=\"#gid=116387&amp;pid=13\" data-href=\"https:\/\/static4.inspektorius.lt\/usi\/800x600\/2\/60\/32\/d0\/6032d0bf50a8e6d9850a79a38b8021db.jpg?v=4.2.7.29&amp;t=cr&amp;s=800x600&amp;m=2&amp;f=\/Uploads\/UGallery\/photos\/9d\/84\/eb\/24\/9d84eb24e7a80a63e55c318f80d6279e.jpg\" rel=\"nofollow\" target=\"_blank\"><img decoding=\"async\" itemprop=\"thumbnail\" class=\"newsPhoto300 portrait\" id=\"imgid-116387-2604977\" alt=\"13\" src=\"https:\/\/www.europesays.com\/lt\/wp-content\/uploads\/2025\/12\/9d84eb24e7a80a63e55c318f80d6279e.jpg\" title=\"\u201e\u0160alin rankas nuo laisvo \u017eod\u017eio\u201c: d\u0117l pavojaus \u017einiasklaidos laisvei prie Seimo protestuoja per 10 t\u016bkst. \u017emoni\u0173  \" loading=\"lazy\" \/> <\/a> <\/p>\n<p>\u201e\u0160alin rankas nuo laisvo \u017eod\u017eio\u201c: d\u0117l pavojaus \u017einiasklaidos laisvei prie Seimo protestuoja per 10 t\u016bkst. \u017emoni\u0173  <\/p>\n<p>  <a itemprop=\"contentUrl\" data-size=\"0x0\" href=\"#gid=116387&amp;pid=14\" data-href=\"https:\/\/static4.inspektorius.lt\/usi\/800x600\/2\/43\/cb\/b8\/43cbb83adae35ca7d42761ce7c64e19e.jpg?v=4.2.7.29&amp;t=cr&amp;s=800x600&amp;m=2&amp;f=\/Uploads\/UGallery\/photos\/8d\/cc\/10\/9b\/8dcc109b9f43d11d4d5dec4af300b548.jpg\" rel=\"nofollow\" target=\"_blank\"><img decoding=\"async\" itemprop=\"thumbnail\" class=\"newsPhoto300 portrait\" id=\"imgid-116387-2604978\" alt=\"14\" src=\"https:\/\/www.europesays.com\/lt\/wp-content\/uploads\/2025\/12\/8dcc109b9f43d11d4d5dec4af300b548.jpg\" title=\"\u201e\u0160alin rankas nuo laisvo \u017eod\u017eio\u201c: d\u0117l pavojaus \u017einiasklaidos laisvei prie Seimo protestuoja per 10 t\u016bkst. \u017emoni\u0173  \" loading=\"lazy\" \/> <\/a> <\/p>\n<p>\u201e\u0160alin rankas nuo laisvo \u017eod\u017eio\u201c: d\u0117l pavojaus \u017einiasklaidos laisvei prie Seimo protestuoja per 10 t\u016bkst. \u017emoni\u0173  <\/p>\n<p>  <a itemprop=\"contentUrl\" data-size=\"0x0\" href=\"#gid=116387&amp;pid=15\" data-href=\"https:\/\/static4.inspektorius.lt\/usi\/800x600\/2\/6b\/d8\/c2\/6bd8c26dd768f5649ccd31ebcf3ddbd0.jpg?v=4.2.7.29&amp;t=cr&amp;s=800x600&amp;m=2&amp;f=\/Uploads\/UGallery\/photos\/bb\/be\/8f\/f3\/bbbe8ff34567dce59afd37496f7b5bbc.jpg\" rel=\"nofollow\" target=\"_blank\"><img decoding=\"async\" itemprop=\"thumbnail\" class=\"newsPhoto300 portrait\" id=\"imgid-116387-2604979\" alt=\"15\" src=\"https:\/\/www.europesays.com\/lt\/wp-content\/uploads\/2025\/12\/bbbe8ff34567dce59afd37496f7b5bbc.jpg\" title=\"\u201e\u0160alin rankas nuo laisvo \u017eod\u017eio\u201c: d\u0117l pavojaus \u017einiasklaidos laisvei prie Seimo protestuoja per 10 t\u016bkst. \u017emoni\u0173  \" loading=\"lazy\" \/> <\/a> <\/p>\n<p>\u201e\u0160alin rankas nuo laisvo \u017eod\u017eio\u201c: d\u0117l pavojaus \u017einiasklaidos laisvei prie Seimo protestuoja per 10 t\u016bkst. \u017emoni\u0173  <\/p>\n<p>  <a itemprop=\"contentUrl\" data-size=\"0x0\" href=\"#gid=116387&amp;pid=16\" data-href=\"https:\/\/static4.inspektorius.lt\/usi\/800x600\/2\/82\/60\/f3\/8260f30d173985195f84e72eedae3cd9.jpg?v=4.2.7.29&amp;t=cr&amp;s=800x600&amp;m=2&amp;f=\/Uploads\/UGallery\/photos\/27\/18\/dd\/ed\/2718ddeda03732ec28f737923fe67b63.jpg\" rel=\"nofollow\" target=\"_blank\"><img decoding=\"async\" itemprop=\"thumbnail\" class=\"newsPhoto300 portrait\" id=\"imgid-116387-2604980\" alt=\"16\" src=\"https:\/\/www.europesays.com\/lt\/wp-content\/uploads\/2025\/12\/2718ddeda03732ec28f737923fe67b63.jpg\" title=\"\u201e\u0160alin rankas nuo laisvo \u017eod\u017eio\u201c: d\u0117l pavojaus \u017einiasklaidos laisvei prie Seimo protestuoja per 10 t\u016bkst. \u017emoni\u0173  \" loading=\"lazy\" \/> <\/a> <\/p>\n<p>\u201e\u0160alin rankas nuo laisvo \u017eod\u017eio\u201c: d\u0117l pavojaus \u017einiasklaidos laisvei prie Seimo protestuoja per 10 t\u016bkst. \u017emoni\u0173  <\/p>\n<p>  <a itemprop=\"contentUrl\" data-size=\"0x0\" href=\"#gid=116387&amp;pid=17\" data-href=\"https:\/\/static4.inspektorius.lt\/usi\/800x600\/2\/bc\/78\/99\/bc7899c2694b07cc05505bf2f310a71e.jpg?v=4.2.7.29&amp;t=cr&amp;s=800x600&amp;m=2&amp;f=\/Uploads\/UGallery\/photos\/dc\/d4\/26\/79\/dcd4267970339a9d7df4a1c3cd5a731d.jpg\" rel=\"nofollow\" target=\"_blank\"><img decoding=\"async\" itemprop=\"thumbnail\" class=\"newsPhoto300 portrait\" id=\"imgid-116387-2604981\" alt=\"17\" src=\"https:\/\/www.europesays.com\/lt\/wp-content\/uploads\/2025\/12\/dcd4267970339a9d7df4a1c3cd5a731d.jpg\" title=\"\u201e\u0160alin rankas nuo laisvo \u017eod\u017eio\u201c: d\u0117l pavojaus \u017einiasklaidos laisvei prie Seimo protestuoja per 10 t\u016bkst. \u017emoni\u0173  \" loading=\"lazy\" \/> <\/a> <\/p>\n<p>\u201e\u0160alin rankas nuo laisvo \u017eod\u017eio\u201c: d\u0117l pavojaus \u017einiasklaidos laisvei prie Seimo protestuoja per 10 t\u016bkst. \u017emoni\u0173  <\/p>\n<p>  <a itemprop=\"contentUrl\" data-size=\"0x0\" href=\"#gid=116387&amp;pid=18\" data-href=\"https:\/\/static4.inspektorius.lt\/usi\/800x600\/2\/74\/ba\/23\/74ba23f6ff4ce72749427035b5fd1521.jpg?v=4.2.7.29&amp;t=cr&amp;s=800x600&amp;m=2&amp;f=\/Uploads\/UGallery\/photos\/a9\/8d\/45\/ff\/a98d45ffef4aef289498304d193c9260.jpg\" rel=\"nofollow\" target=\"_blank\"><img decoding=\"async\" itemprop=\"thumbnail\" class=\"newsPhoto300 portrait\" id=\"imgid-116387-2604982\" alt=\"18\" src=\"https:\/\/www.europesays.com\/lt\/wp-content\/uploads\/2025\/12\/a98d45ffef4aef289498304d193c9260.jpg\" title=\"\u201e\u0160alin rankas nuo laisvo \u017eod\u017eio\u201c: d\u0117l pavojaus \u017einiasklaidos laisvei prie Seimo protestuoja per 10 t\u016bkst. \u017emoni\u0173  \" loading=\"lazy\" \/> <\/a> <\/p>\n<p>\u201e\u0160alin rankas nuo laisvo \u017eod\u017eio\u201c: d\u0117l pavojaus \u017einiasklaidos laisvei prie Seimo protestuoja per 10 t\u016bkst. \u017emoni\u0173  <\/p>\n<p>  <a itemprop=\"contentUrl\" data-size=\"0x0\" href=\"#gid=116387&amp;pid=19\" data-href=\"https:\/\/static4.inspektorius.lt\/usi\/800x600\/2\/0f\/46\/c7\/0f46c7bf8087cc1bfd60249ff2aee912.jpg?v=4.2.7.29&amp;t=cr&amp;s=800x600&amp;m=2&amp;f=\/Uploads\/UGallery\/photos\/48\/ad\/e1\/63\/48ade163549ae5b3c12caadc5894702c.jpg\" rel=\"nofollow\" target=\"_blank\"><img decoding=\"async\" itemprop=\"thumbnail\" class=\"newsPhoto300 portrait\" id=\"imgid-116387-2604983\" alt=\"19\" src=\"https:\/\/www.europesays.com\/lt\/wp-content\/uploads\/2025\/12\/48ade163549ae5b3c12caadc5894702c.jpg\" title=\"\u201e\u0160alin rankas nuo laisvo \u017eod\u017eio\u201c: d\u0117l pavojaus \u017einiasklaidos laisvei prie Seimo protestuoja per 10 t\u016bkst. \u017emoni\u0173  \" loading=\"lazy\" \/> <\/a> <\/p>\n<p>\u201e\u0160alin rankas nuo laisvo \u017eod\u017eio\u201c: d\u0117l pavojaus \u017einiasklaidos laisvei prie Seimo protestuoja per 10 t\u016bkst. \u017emoni\u0173  <\/p>\n<p>  <a itemprop=\"contentUrl\" data-size=\"0x0\" href=\"#gid=116387&amp;pid=20\" data-href=\"https:\/\/static4.inspektorius.lt\/usi\/800x600\/2\/8c\/c1\/52\/8cc1528c4b0458ef82b87a6a4f646fb0.jpg?v=4.2.7.29&amp;t=cr&amp;s=800x600&amp;m=2&amp;f=\/Uploads\/UGallery\/photos\/6d\/15\/9b\/56\/6d159b56fd70f040f1f63633e4856008.jpg\" rel=\"nofollow\" target=\"_blank\"><img decoding=\"async\" itemprop=\"thumbnail\" class=\"newsPhoto300 portrait\" id=\"imgid-116387-2604984\" alt=\"20\" src=\"https:\/\/www.europesays.com\/lt\/wp-content\/uploads\/2025\/12\/6d159b56fd70f040f1f63633e4856008.jpg\" title=\"\u201e\u0160alin rankas nuo laisvo \u017eod\u017eio\u201c: d\u0117l pavojaus \u017einiasklaidos laisvei prie Seimo protestuoja per 10 t\u016bkst. \u017emoni\u0173  \" loading=\"lazy\" \/> <\/a> <\/p>\n<p>\u201e\u0160alin rankas nuo laisvo \u017eod\u017eio\u201c: d\u0117l pavojaus \u017einiasklaidos laisvei prie Seimo protestuoja per 10 t\u016bkst. \u017emoni\u0173  <\/p>\n<p>  <a itemprop=\"contentUrl\" data-size=\"0x0\" href=\"#gid=116387&amp;pid=21\" data-href=\"https:\/\/static4.inspektorius.lt\/usi\/800x600\/2\/56\/15\/3b\/56153b4b0460c12d252bbf7ecb4dd9c8.jpg?v=4.2.7.29&amp;t=cr&amp;s=800x600&amp;m=2&amp;f=\/Uploads\/UGallery\/photos\/20\/79\/b0\/58\/2079b0586b2d4e8305bd5e4a66a571ce.jpg\" rel=\"nofollow\" target=\"_blank\"><img decoding=\"async\" itemprop=\"thumbnail\" class=\"newsPhoto300 portrait\" id=\"imgid-116387-2604985\" alt=\"21\" src=\"https:\/\/www.europesays.com\/lt\/wp-content\/uploads\/2025\/12\/2079b0586b2d4e8305bd5e4a66a571ce.jpg\" title=\"\u201e\u0160alin rankas nuo laisvo \u017eod\u017eio\u201c: d\u0117l pavojaus \u017einiasklaidos laisvei prie Seimo protestuoja per 10 t\u016bkst. \u017emoni\u0173  \" loading=\"lazy\" \/> <\/a> <\/p>\n<p>\u201e\u0160alin rankas nuo laisvo \u017eod\u017eio\u201c: d\u0117l pavojaus \u017einiasklaidos laisvei prie Seimo protestuoja per 10 t\u016bkst. \u017emoni\u0173  <\/p>\n<p>  <a itemprop=\"contentUrl\" data-size=\"0x0\" href=\"#gid=116387&amp;pid=22\" data-href=\"https:\/\/static4.inspektorius.lt\/usi\/800x600\/2\/f0\/87\/25\/f08725e718d672995751ff9cd3ed67c3.jpg?v=4.2.7.29&amp;t=cr&amp;s=800x600&amp;m=2&amp;f=\/Uploads\/UGallery\/photos\/93\/2d\/d0\/2d\/932dd02dccc6c9f8d963c822412a8739.jpg\" rel=\"nofollow\" target=\"_blank\"><img decoding=\"async\" itemprop=\"thumbnail\" class=\"newsPhoto300 portrait\" id=\"imgid-116387-2604987\" alt=\"22\" src=\"https:\/\/www.europesays.com\/lt\/wp-content\/uploads\/2025\/12\/932dd02dccc6c9f8d963c822412a8739.jpg\" title=\"\u201e\u0160alin rankas nuo laisvo \u017eod\u017eio\u201c: d\u0117l pavojaus \u017einiasklaidos laisvei prie Seimo protestuoja per 10 t\u016bkst. \u017emoni\u0173  \" loading=\"lazy\" \/> <\/a> <\/p>\n<p>\u201e\u0160alin rankas nuo laisvo \u017eod\u017eio\u201c: d\u0117l pavojaus \u017einiasklaidos laisvei prie Seimo protestuoja per 10 t\u016bkst. \u017emoni\u0173  <\/p>\n<p>  <a itemprop=\"contentUrl\" data-size=\"0x0\" href=\"#gid=116387&amp;pid=23\" data-href=\"https:\/\/static4.inspektorius.lt\/usi\/800x600\/2\/8b\/af\/3d\/8baf3df5ea3fa0b27589d08607d640d0.jpg?v=4.2.7.29&amp;t=cr&amp;s=800x600&amp;m=2&amp;f=\/Uploads\/UGallery\/photos\/b9\/78\/2a\/16\/b9782a169bc269d34bf62007fa5979d4.jpg\" rel=\"nofollow\" target=\"_blank\"><img decoding=\"async\" itemprop=\"thumbnail\" class=\"newsPhoto300 portrait\" id=\"imgid-116387-2604988\" alt=\"23\" src=\"https:\/\/www.europesays.com\/lt\/wp-content\/uploads\/2025\/12\/b9782a169bc269d34bf62007fa5979d4.jpg\" title=\"\u201e\u0160alin rankas nuo laisvo \u017eod\u017eio\u201c: d\u0117l pavojaus \u017einiasklaidos laisvei prie Seimo protestuoja per 10 t\u016bkst. \u017emoni\u0173  \" loading=\"lazy\" \/> <\/a> <\/p>\n<p>\u201e\u0160alin rankas nuo laisvo \u017eod\u017eio\u201c: d\u0117l pavojaus \u017einiasklaidos laisvei prie Seimo protestuoja per 10 t\u016bkst. \u017emoni\u0173  <\/p>\n<p>  <a itemprop=\"contentUrl\" data-size=\"0x0\" href=\"#gid=116387&amp;pid=24\" data-href=\"https:\/\/static4.inspektorius.lt\/usi\/800x600\/2\/29\/ce\/5d\/29ce5d90965bd5d0ec4160c1ffcd5cca.jpg?v=4.2.7.29&amp;t=cr&amp;s=800x600&amp;m=2&amp;f=\/Uploads\/UGallery\/photos\/32\/f6\/74\/f3\/32f674f3d4357786b5e8259b30a92cc0.jpg\" rel=\"nofollow\" target=\"_blank\"><img decoding=\"async\" itemprop=\"thumbnail\" class=\"newsPhoto300 portrait\" id=\"imgid-116387-2604989\" alt=\"24\" src=\"https:\/\/www.europesays.com\/lt\/wp-content\/uploads\/2025\/12\/32f674f3d4357786b5e8259b30a92cc0.jpg\" title=\"\u201e\u0160alin rankas nuo laisvo \u017eod\u017eio\u201c: d\u0117l pavojaus \u017einiasklaidos laisvei prie Seimo protestuoja per 10 t\u016bkst. \u017emoni\u0173  \" loading=\"lazy\" \/> <\/a> <\/p>\n<p>\u201e\u0160alin rankas nuo laisvo \u017eod\u017eio\u201c: d\u0117l pavojaus \u017einiasklaidos laisvei prie Seimo protestuoja per 10 t\u016bkst. \u017emoni\u0173  <\/p>\n<p>  <a itemprop=\"contentUrl\" data-size=\"0x0\" href=\"#gid=116387&amp;pid=25\" data-href=\"https:\/\/static4.inspektorius.lt\/usi\/800x600\/2\/4a\/f6\/c8\/4af6c8b13b0ec099b611f934f98ff163.jpg?v=4.2.7.29&amp;t=cr&amp;s=800x600&amp;m=2&amp;f=\/Uploads\/UGallery\/photos\/ad\/14\/32\/ec\/ad1432ec11d47634fc808bbdd43dafe2.jpg\" rel=\"nofollow\" target=\"_blank\"><img decoding=\"async\" itemprop=\"thumbnail\" class=\"newsPhoto300 portrait\" id=\"imgid-116387-2604990\" alt=\"25\" src=\"https:\/\/www.europesays.com\/lt\/wp-content\/uploads\/2025\/12\/ad1432ec11d47634fc808bbdd43dafe2.jpg\" title=\"\u201e\u0160alin rankas nuo laisvo \u017eod\u017eio\u201c: d\u0117l pavojaus \u017einiasklaidos laisvei prie Seimo protestuoja per 10 t\u016bkst. \u017emoni\u0173  \" loading=\"lazy\" \/> <\/a> <\/p>\n<p>\u201e\u0160alin rankas nuo laisvo \u017eod\u017eio\u201c: d\u0117l pavojaus \u017einiasklaidos laisvei prie Seimo protestuoja per 10 t\u016bkst. \u017emoni\u0173  <\/p>\n<p>  <a itemprop=\"contentUrl\" data-size=\"0x0\" href=\"#gid=116387&amp;pid=26\" data-href=\"https:\/\/static4.inspektorius.lt\/usi\/800x600\/2\/11\/45\/30\/1145302e25bc2f58fbbd7297c21b3c78.jpg?v=4.2.7.29&amp;t=cr&amp;s=800x600&amp;m=2&amp;f=\/Uploads\/UGallery\/photos\/ee\/3b\/61\/00\/ee3b610016a262adb1c2b1f91f92999f.jpg\" rel=\"nofollow\" target=\"_blank\"><img decoding=\"async\" itemprop=\"thumbnail\" class=\"newsPhoto300 portrait\" id=\"imgid-116387-2604991\" alt=\"26\" src=\"https:\/\/www.europesays.com\/lt\/wp-content\/uploads\/2025\/12\/ee3b610016a262adb1c2b1f91f92999f.jpg\" title=\"\u201e\u0160alin rankas nuo laisvo \u017eod\u017eio\u201c: d\u0117l pavojaus \u017einiasklaidos laisvei prie Seimo protestuoja per 10 t\u016bkst. \u017emoni\u0173  \" loading=\"lazy\" \/> <\/a> <\/p>\n<p>\u201e\u0160alin rankas nuo laisvo \u017eod\u017eio\u201c: d\u0117l pavojaus \u017einiasklaidos laisvei prie Seimo protestuoja per 10 t\u016bkst. \u017emoni\u0173  <\/p>\n<p>  <a itemprop=\"contentUrl\" data-size=\"0x0\" href=\"#gid=116387&amp;pid=27\" data-href=\"https:\/\/static4.inspektorius.lt\/usi\/800x600\/2\/f8\/b0\/42\/f8b0422343fa06f38c7bd6c92711afe2.jpg?v=4.2.7.29&amp;t=cr&amp;s=800x600&amp;m=2&amp;f=\/Uploads\/UGallery\/photos\/2d\/9c\/fa\/37\/2d9cfa376cf57ae1f49b1f030c25439a.jpg\" rel=\"nofollow\" target=\"_blank\"><img decoding=\"async\" itemprop=\"thumbnail\" class=\"newsPhoto300 portrait\" id=\"imgid-116387-2604992\" alt=\"27\" src=\"https:\/\/www.europesays.com\/lt\/wp-content\/uploads\/2025\/12\/2d9cfa376cf57ae1f49b1f030c25439a.jpg\" title=\"\u201e\u0160alin rankas nuo laisvo \u017eod\u017eio\u201c: d\u0117l pavojaus \u017einiasklaidos laisvei prie Seimo protestuoja per 10 t\u016bkst. \u017emoni\u0173  \" loading=\"lazy\" \/> <\/a> <\/p>\n<p>\u201e\u0160alin rankas nuo laisvo \u017eod\u017eio\u201c: d\u0117l pavojaus \u017einiasklaidos laisvei prie Seimo protestuoja per 10 t\u016bkst. \u017emoni\u0173  <\/p>\n<p>  <a itemprop=\"contentUrl\" data-size=\"0x0\" href=\"#gid=116387&amp;pid=28\" data-href=\"https:\/\/static4.inspektorius.lt\/usi\/800x600\/2\/f3\/6d\/52\/f36d52bd327255ecc67affcce1e9f195.jpg?v=4.2.7.29&amp;t=cr&amp;s=800x600&amp;m=2&amp;f=\/Uploads\/UGallery\/photos\/f6\/b8\/a6\/c6\/f6b8a6c6afd78e0e6ca171c7a0c175a6.jpg\" rel=\"nofollow\" target=\"_blank\"><img decoding=\"async\" itemprop=\"thumbnail\" class=\"newsPhoto300 portrait\" id=\"imgid-116387-2604993\" alt=\"28\" src=\"https:\/\/www.europesays.com\/lt\/wp-content\/uploads\/2025\/12\/f6b8a6c6afd78e0e6ca171c7a0c175a6.jpg\" title=\"\u201e\u0160alin rankas nuo laisvo \u017eod\u017eio\u201c: d\u0117l pavojaus \u017einiasklaidos laisvei prie Seimo protestuoja per 10 t\u016bkst. \u017emoni\u0173  \" loading=\"lazy\" \/> <\/a> <\/p>\n<p>\u201e\u0160alin rankas nuo laisvo \u017eod\u017eio\u201c: d\u0117l pavojaus \u017einiasklaidos laisvei prie Seimo protestuoja per 10 t\u016bkst. \u017emoni\u0173  <\/p>\n<p>  <a itemprop=\"contentUrl\" data-size=\"0x0\" href=\"#gid=116387&amp;pid=29\" data-href=\"https:\/\/static4.inspektorius.lt\/usi\/800x600\/2\/4f\/53\/96\/4f5396c703e45e9e018c5d6fef743e98.jpg?v=4.2.7.29&amp;t=cr&amp;s=800x600&amp;m=2&amp;f=\/Uploads\/UGallery\/photos\/03\/7d\/cb\/3c\/037dcb3cdb89338353346f798490c37d.jpg\" rel=\"nofollow\" target=\"_blank\"><img decoding=\"async\" itemprop=\"thumbnail\" class=\"newsPhoto300 portrait\" id=\"imgid-116387-2604994\" alt=\"29\" src=\"https:\/\/www.europesays.com\/lt\/wp-content\/uploads\/2025\/12\/037dcb3cdb89338353346f798490c37d.jpg\" title=\"\u201e\u0160alin rankas nuo laisvo \u017eod\u017eio\u201c: d\u0117l pavojaus \u017einiasklaidos laisvei prie Seimo protestuoja per 10 t\u016bkst. \u017emoni\u0173  \" loading=\"lazy\" \/> <\/a> <\/p>\n<p>\u201e\u0160alin rankas nuo laisvo \u017eod\u017eio\u201c: d\u0117l pavojaus \u017einiasklaidos laisvei prie Seimo protestuoja per 10 t\u016bkst. \u017emoni\u0173  <\/p>\n<p>  <a itemprop=\"contentUrl\" data-size=\"0x0\" href=\"#gid=116387&amp;pid=30\" data-href=\"https:\/\/static4.inspektorius.lt\/usi\/800x600\/2\/76\/b3\/0e\/76b30ea6c2efb61befab59c62b2cd6b4.jpg?v=4.2.7.29&amp;t=cr&amp;s=800x600&amp;m=2&amp;f=\/Uploads\/UGallery\/photos\/9c\/3c\/66\/ad\/9c3c66ada4f5d63d0161018d1b30297f.jpg\" rel=\"nofollow\" target=\"_blank\"><img decoding=\"async\" itemprop=\"thumbnail\" class=\"newsPhoto300 portrait\" id=\"imgid-116387-2604995\" alt=\"30\" src=\"https:\/\/www.europesays.com\/lt\/wp-content\/uploads\/2025\/12\/9c3c66ada4f5d63d0161018d1b30297f.jpg\" title=\"\u201e\u0160alin rankas nuo laisvo \u017eod\u017eio\u201c: d\u0117l pavojaus \u017einiasklaidos laisvei prie Seimo protestuoja per 10 t\u016bkst. \u017emoni\u0173  \" loading=\"lazy\" \/> <\/a> <\/p>\n<p>\u201e\u0160alin rankas nuo laisvo \u017eod\u017eio\u201c: d\u0117l pavojaus \u017einiasklaidos laisvei prie Seimo protestuoja per 10 t\u016bkst. \u017emoni\u0173  <\/p>\n<p>  <a itemprop=\"contentUrl\" data-size=\"0x0\" href=\"#gid=116387&amp;pid=31\" data-href=\"https:\/\/static4.inspektorius.lt\/usi\/800x600\/2\/50\/c4\/49\/50c44962916398d2f1c4e5552a6d0b3d.jpg?v=4.2.7.29&amp;t=cr&amp;s=800x600&amp;m=2&amp;f=\/Uploads\/UGallery\/photos\/75\/f1\/5e\/cf\/75f15ecfe833b9363a67ddee6cef969e.jpg\" rel=\"nofollow\" target=\"_blank\"><img decoding=\"async\" itemprop=\"thumbnail\" class=\"newsPhoto300 portrait\" id=\"imgid-116387-2604996\" alt=\"31\" src=\"https:\/\/www.europesays.com\/lt\/wp-content\/uploads\/2025\/12\/75f15ecfe833b9363a67ddee6cef969e.jpg\" title=\"\u201e\u0160alin rankas nuo laisvo \u017eod\u017eio\u201c: d\u0117l pavojaus \u017einiasklaidos laisvei prie Seimo protestuoja per 10 t\u016bkst. \u017emoni\u0173  \" loading=\"lazy\" \/> <\/a> <\/p>\n<p>\u201e\u0160alin rankas nuo laisvo \u017eod\u017eio\u201c: d\u0117l pavojaus \u017einiasklaidos laisvei prie Seimo protestuoja per 10 t\u016bkst. \u017emoni\u0173  <\/p>\n<p>  <a itemprop=\"contentUrl\" data-size=\"0x0\" href=\"#gid=116387&amp;pid=32\" data-href=\"https:\/\/static4.inspektorius.lt\/usi\/800x600\/2\/88\/09\/ea\/8809eafbc7bac747b8aa549684e30768.jpg?v=4.2.7.29&amp;t=cr&amp;s=800x600&amp;m=2&amp;f=\/Uploads\/UGallery\/photos\/a3\/94\/b1\/4b\/a394b14b985eebfa9d0ad9252e7fb8ab.jpg\" rel=\"nofollow\" target=\"_blank\"><img decoding=\"async\" itemprop=\"thumbnail\" class=\"newsPhoto300 portrait\" id=\"imgid-116387-2604997\" alt=\"32\" src=\"https:\/\/www.europesays.com\/lt\/wp-content\/uploads\/2025\/12\/a394b14b985eebfa9d0ad9252e7fb8ab.jpg\" title=\"\u201e\u0160alin rankas nuo laisvo \u017eod\u017eio\u201c: d\u0117l pavojaus \u017einiasklaidos laisvei prie Seimo protestuoja per 10 t\u016bkst. \u017emoni\u0173  \" loading=\"lazy\" \/> <\/a> <\/p>\n<p>\u201e\u0160alin rankas nuo laisvo \u017eod\u017eio\u201c: d\u0117l pavojaus \u017einiasklaidos laisvei prie Seimo protestuoja per 10 t\u016bkst. \u017emoni\u0173  <\/p>\n<p>  <a itemprop=\"contentUrl\" data-size=\"0x0\" href=\"#gid=116387&amp;pid=33\" data-href=\"https:\/\/static4.inspektorius.lt\/usi\/800x600\/2\/65\/a1\/a0\/65a1a0c3f83c5280b77763a50588c797.jpg?v=4.2.7.29&amp;t=cr&amp;s=800x600&amp;m=2&amp;f=\/Uploads\/UGallery\/photos\/4f\/0e\/bd\/e5\/4f0ebde5fa4d85b57d12b25243c680e8.jpg\" rel=\"nofollow\" target=\"_blank\"><img decoding=\"async\" itemprop=\"thumbnail\" class=\"newsPhoto300 portrait\" id=\"imgid-116387-2604998\" alt=\"33\" src=\"https:\/\/www.europesays.com\/lt\/wp-content\/uploads\/2025\/12\/4f0ebde5fa4d85b57d12b25243c680e8.jpg\" title=\"\u201e\u0160alin rankas nuo laisvo \u017eod\u017eio\u201c: d\u0117l pavojaus \u017einiasklaidos laisvei prie Seimo protestuoja per 10 t\u016bkst. \u017emoni\u0173  \" loading=\"lazy\" \/> <\/a> <\/p>\n<p>\u201e\u0160alin rankas nuo laisvo \u017eod\u017eio\u201c: d\u0117l pavojaus \u017einiasklaidos laisvei prie Seimo protestuoja per 10 t\u016bkst. \u017emoni\u0173  <\/p>\n<p>  <a itemprop=\"contentUrl\" data-size=\"0x0\" href=\"#gid=116387&amp;pid=34\" data-href=\"https:\/\/static4.inspektorius.lt\/usi\/800x600\/2\/f2\/3a\/3f\/f23a3fe9cdbb78cdb37dd1f049135b64.jpg?v=4.2.7.29&amp;t=cr&amp;s=800x600&amp;m=2&amp;f=\/Uploads\/UGallery\/photos\/92\/e6\/77\/ff\/92e677ff76ebbf215db3fa8387bbc634.jpg\" rel=\"nofollow\" target=\"_blank\"><img decoding=\"async\" itemprop=\"thumbnail\" class=\"newsPhoto300 portrait\" id=\"imgid-116387-2604999\" alt=\"34\" src=\"https:\/\/www.europesays.com\/lt\/wp-content\/uploads\/2025\/12\/92e677ff76ebbf215db3fa8387bbc634.jpg\" title=\"\u201e\u0160alin rankas nuo laisvo \u017eod\u017eio\u201c: d\u0117l pavojaus \u017einiasklaidos laisvei prie Seimo protestuoja per 10 t\u016bkst. \u017emoni\u0173  \" loading=\"lazy\" \/> <\/a> <\/p>\n<p>\u201e\u0160alin rankas nuo laisvo \u017eod\u017eio\u201c: d\u0117l pavojaus \u017einiasklaidos laisvei prie Seimo protestuoja per 10 t\u016bkst. \u017emoni\u0173  <\/p>\n<p>  <a itemprop=\"contentUrl\" data-size=\"0x0\" href=\"#gid=116387&amp;pid=35\" data-href=\"https:\/\/static4.inspektorius.lt\/usi\/800x600\/2\/87\/b0\/c6\/87b0c6eaf4ab4000f11027a25fb831f6.jpg?v=4.2.7.29&amp;t=cr&amp;s=800x600&amp;m=2&amp;f=\/Uploads\/UGallery\/photos\/5f\/d8\/06\/d9\/5fd806d929523854194524abb73a84e7.jpg\" rel=\"nofollow\" target=\"_blank\"><img decoding=\"async\" itemprop=\"thumbnail\" class=\"newsPhoto300 portrait\" id=\"imgid-116387-2605000\" alt=\"35\" src=\"https:\/\/www.europesays.com\/lt\/wp-content\/uploads\/2025\/12\/5fd806d929523854194524abb73a84e7.jpg\" title=\"\u201e\u0160alin rankas nuo laisvo \u017eod\u017eio\u201c: d\u0117l pavojaus \u017einiasklaidos laisvei prie Seimo protestuoja per 10 t\u016bkst. \u017emoni\u0173  \" loading=\"lazy\" \/> <\/a> <\/p>\n<p>\u201e\u0160alin rankas nuo laisvo \u017eod\u017eio\u201c: d\u0117l pavojaus \u017einiasklaidos laisvei prie Seimo protestuoja per 10 t\u016bkst. \u017emoni\u0173  <\/p>\n<p>  <a itemprop=\"contentUrl\" data-size=\"0x0\" href=\"#gid=116387&amp;pid=36\" data-href=\"https:\/\/static4.inspektorius.lt\/usi\/800x600\/2\/b2\/8d\/b0\/b28db09a97c5929c0850ea4ce8296830.jpg?v=4.2.7.29&amp;t=cr&amp;s=800x600&amp;m=2&amp;f=\/Uploads\/UGallery\/photos\/aa\/e2\/c0\/be\/aae2c0beadd426229da0ca5664318deb.jpg\" rel=\"nofollow\" target=\"_blank\"><img decoding=\"async\" itemprop=\"thumbnail\" class=\"newsPhoto300 portrait\" id=\"imgid-116387-2605001\" alt=\"36\" src=\"https:\/\/www.europesays.com\/lt\/wp-content\/uploads\/2025\/12\/aae2c0beadd426229da0ca5664318deb.jpg\" title=\"\u201e\u0160alin rankas nuo laisvo \u017eod\u017eio\u201c: d\u0117l pavojaus \u017einiasklaidos laisvei prie Seimo protestuoja per 10 t\u016bkst. \u017emoni\u0173  \" loading=\"lazy\" \/> <\/a> <\/p>\n<p>\u201e\u0160alin rankas nuo laisvo \u017eod\u017eio\u201c: d\u0117l pavojaus \u017einiasklaidos laisvei prie Seimo protestuoja per 10 t\u016bkst. \u017emoni\u0173  <\/p>\n<p>  <a itemprop=\"contentUrl\" data-size=\"0x0\" href=\"#gid=116387&amp;pid=37\" data-href=\"https:\/\/static4.inspektorius.lt\/usi\/800x600\/2\/78\/59\/6c\/78596cd67d1d979958536b2ff5d731f7.jpg?v=4.2.7.29&amp;t=cr&amp;s=800x600&amp;m=2&amp;f=\/Uploads\/UGallery\/photos\/92\/f8\/4b\/a8\/92f84ba8c6a369d9b97ad881f10dbed8.jpg\" rel=\"nofollow\" target=\"_blank\"><img decoding=\"async\" itemprop=\"thumbnail\" class=\"newsPhoto300 portrait\" id=\"imgid-116387-2605002\" alt=\"37\" src=\"https:\/\/www.europesays.com\/lt\/wp-content\/uploads\/2025\/12\/92f84ba8c6a369d9b97ad881f10dbed8.jpg\" title=\"\u201e\u0160alin rankas nuo laisvo \u017eod\u017eio\u201c: d\u0117l pavojaus \u017einiasklaidos laisvei prie Seimo protestuoja per 10 t\u016bkst. \u017emoni\u0173  \" loading=\"lazy\" \/> <\/a> <\/p>\n<p>\u201e\u0160alin rankas nuo laisvo \u017eod\u017eio\u201c: d\u0117l pavojaus \u017einiasklaidos laisvei prie Seimo protestuoja per 10 t\u016bkst. \u017emoni\u0173  <\/p>\n<p>\u201eTurime skaud\u017ei\u0105 patirt\u012f i\u0161 savo artim\u0173j\u0173, gimini\u0173. Tikrai nesinor\u0117t\u0173, kad visa tai pasikartot\u0173, nes atmintis yra gyva. \u017dinome, kokios skaud\u017eios patirtys gali mus i\u0161tikti\u201c, \u2013 savo ruo\u017etu teig\u0117\u00a0vilniet\u0117\u00a0Elena.<\/p>\n<p>Minioje buvo matyti prie\u0161 kur\u012f laik\u0105 kult\u016bros bendruomen\u0117s rengt\u0173 protesto simboli\u0173. Kaip skelbta, Kult\u016bros asambl\u0117ja remia \u017eurnalist\u0173 protest\u0105 ir prisijung\u0117 prie rengiam\u0173 akcij\u0173.<\/p>\n<p>\u201eAt\u0117jau tod\u0117l, kad Vyriausyb\u0117 dirba prie\u0161 Lietuv\u0105, mums yra labai didelis pavojus. Mes kovojome S\u0105j\u016bdyje ir dabar norime toliau kovoti u\u017e t\u0105 pat\u012f tiksl\u0105. Labai primena S\u0105j\u016bd\u012f ir labai d\u017eiaugiuosi, kad prisijungia jaunimas. Manau, kad laim\u0117sime \u0161it\u0105 kov\u0105\u201c, \u2013 savo ruo\u017etu mintimis dalijosi protestuotoja\u00a0Gra\u017eina.<\/p>\n<p> E. Kubilius: atsibodo politikai, kurie \u0161mei\u017eia ir nejau\u010dia jokios\u00a0atsakomyb\u0117s <\/p>\n<p>\u012e susirinkusi\u0105 protestuojan\u010di\u0173j\u0173 mini\u0105 kreip\u0117si LRT radijo \u017eurnalistas Edvardas Kubilius. Jis tvirtino, kad visuomeninis transliuotojas visada buvo ir yra atviras \u012fvairi\u0173 politini\u0173 partij\u0173 rink\u0117jams, o \u017emones yra informuojami pagal LRT nustatytus etikos standartus.<\/p>\n<p>\u201eT\u016bkstan\u010diai \u017emoni\u0173 dabar yra susivienij\u0119 visoje <a href=\"https:\/\/www.tv3.lt\/rubrika\/naujienos\/lietuva\" target=\"_blank\" class=\"phrase\" rel=\"nofollow noopener\">Lietuvoje<\/a> tam, kad \u0161itai vald\u017eiai pasakyt\u0173 \u201ene\u201c ir \u201e\u0161alin rankas nuo laisvo \u017eod\u017eio\u201c, \u2013 nuo scenos Nepriklausomyb\u0117s aik\u0161t\u0117je kreip\u0117si E. Kubilius.<\/p>\n<p>\u201eGyvenime neb\u016b\u010diau gal\u0117j\u0119s pagalvoti, kad \u010dia stov\u0117siu ant \u0161ios scenos protesto akcijoje, nes 15 met\u0173, kiek t\u0119siasi mano profesin\u0117 veikla, a\u0161 laikiausi principo \u2013 niekada nieko vie\u0161ai nesakyti, nieko nekomentuoti ir nepasira\u0161yti joki\u0173 peticij\u0173\u201c, \u2013 kalb\u0117jo \u017eurnalistas.<\/p>\n<p>Vis tik, pasak E. Kubilius, dabartin\u0117 situacija tiesiog \u012fgriso ir tapo netoleruotina.<\/p>\n<p>\u201eBet \u017einote, atsibodo. Atsibodo kai kurie i\u0161 t\u0173, kurie s\u0117di ten (Seime \u2013 ELTA), atsibodo, kaip jiems negalioja \u012fstatymai, negalioja teism\u0173 sprendimai, kai sako bet k\u0105, bet kaip, \u0161mei\u017eia ir nejau\u010dia jokios atsakomyb\u0117s d\u0117l savo \u017eod\u017eio\u201c,\u00a0\u2013\u00a0sak\u0117\u00a0jis.\u00a0<\/p>\n<p>  A. Mamontovo \u017einut\u0117 prezidentui: atsibusk <\/p>\n<p>\u012e aktyvistus kreip\u0117si ir atlik\u0117jas Andrius Mamontovas. Jis teig\u0117 savo gyvenime mat\u0119s ir prisimenantis \u017einiasklaid\u0105, kuri\u0105 vald\u0117 valstyb\u0117. Ta\u010diau, pasak jo, kova u\u017e laisv\u0119 niekada neb\u016bna galutin\u0117.<\/p>\n<p>\u201eMums turb\u016bt teks dar susitikti \u012f tokius mitingus dar ka\u017ekada ir dar ka\u017ekada\u201c, \u2013 kalb\u0117jo A. Mamontovas.<\/p>\n<p>Netrukus jis atliko savo k\u016brin\u012f \u201eAtsibusk\u201c. A. Mamontovas primin\u0117, kad \u0161i\u0105 dain\u0105 suk\u016br\u0117 prie\u0161 ma\u017edaug 20 met\u0173, kai Lietuv\u0105 drebino eksprezidento Rolando Pakso apkalta.<\/p>\n<p>\u201eA\u0161 maniau, kad \u0161ita daina bus aktuali tik tuo metu. J\u0105 tenka dainuoti v\u0117l ir v\u0117l\u201c, \u2013 pasteb\u0117jo atlik\u0117jas.<\/p>\n<p>Kiek pakeistais dainos \u017eod\u017eiais A. Mamontovas kreip\u0117si \u012f prezident\u0105 <a href=\"https:\/\/www.tv3.lt\/gaires\/gitanas-nauseda\" target=\"_blank\" class=\"phrase\" rel=\"nofollow noopener\">Gitan\u0105 Naus\u0117d\u0105<\/a> ir paragino \u0161alies vadov\u0105 atsibusti.<\/p>\n<p>\u201eEi, prezidente, k\u0105 tu planuoji? Ar tu mus myli? Ar ignoruoji? Mes juk tau dav\u0117me, Gitanai, \u017eirg\u0105 ir kard\u0105. Tik prisimink, Gitanai, sav\u0105j\u012f vard\u0105. Prezidente \u2013 atsibusk jau. (&#8230;) Atsipeik\u0117k i\u0161 rusi\u0161ko sapno\u201c, \u2013 dainavo A. Mamontovas.<\/p>\n<p>  B. Davidonyt\u0117: premjer\u0117 bando \u012ftikinti, es\u0105 nieko negali padaryti <\/p>\n<p>Savo ruo\u017etu \u017durnalist\u0173 profesional\u0173 asociacijos vadov\u0117 Birut\u0117 Davidonyt\u0117, kalb\u0117dama susirinkusiesiems, kritikavo premjer\u0119 Ing\u0105 Ruginien\u0119, es\u0105 \u0161i nieko negali padaryti d\u0117l LRT \u012fstatymo patais\u0173.<\/p>\n<p>\u201eMano valstyb\u0117s premjer\u0117 bando \u012ftikinti, es\u0105 ji nieko negali padaryti, nors jos partija balsuoja u\u017e tokius sprendimus\u201c, \u2013 sak\u0117 ji.<\/p>\n<p>Kritikos nei\u0161veng\u0117 ir prezidentas G. Naus\u0117da bei pirmoji ponia Diana Naus\u0117dien\u0117.\u00a0<\/p>\n<p>\u201eMano valstyb\u0117s prezidentas puo\u0161ia Kal\u0117d\u0173 eglutes ir patogiai tyli. Tyli, manau, ir d\u0117l to, kad ta tyla jam gali b\u016bti naudinga. \u017di\u016br\u0117k, dar b\u016bsimas LRT vadovas bus koks jo patar\u0117jas ir gal tuomet niekas nebedr\u012fs paklausti, o kas yra tie holistiniai\u00a0soft power\u00a0failai, kuriuos savo kalboje mini pirmoji ponia\u201c, \u2013 teig\u0117 ji, referuodama \u012f prie\u0161 kelias savaites d\u0117mesio sulaukusi\u0105 D. Naus\u0117dien\u0117s\u00a0kalb\u0105.<\/p>\n<p>ELTA primena, kad Seimas prad\u0117jo svarstyti si\u016blym\u0105 supaprastinti LRT generalinio direktoriaus atleidimo tvark\u0105.<\/p>\n<p>Parlamentarai pasi\u016bl\u0117 numatyti, kad visuomeninio transliuotojo taryba LRT generalin\u012f direktori\u0173 gal\u0117t\u0173 atleisti slaptu balsavimu, ne ma\u017eiau kaip 1\/2 vis\u0173 tarybos nari\u0173 balsais, tokio sprendimo nereikalaujant argumentuoti vie\u0161uoju interesu.<\/p>\n<p>\u0160iuo metu \u012fstatymas numato galimyb\u0119 atleisti LRT generalin\u012f direktori\u0173 tik tuo atveju, jeigu u\u017e tok\u012f nepasitik\u0117jim\u0105 balsuoja ne ma\u017eiau kaip 2\/3 vis\u0173 tarybos nari\u0173. Beje, \u0161is balsavimas yra atviras. Taip pat LRT taryba pareik\u0161t\u0105 nepasitik\u0117jim\u0105 generaliniu direktoriumi turi pagr\u012fsti vie\u0161uoju interesu.<\/p>\n<p>\u017durnalist\u0173 bendruomen\u0117 reikalauja parlamentar\u0173 atmesti su LRT vadovo atleidimo tvarkos pakeitimais susijusias \u012fstatymo pataisas ir \u012fsp\u0117ja, kad jos kelia gr\u0117sm\u0119 visuomeninio transliuotojo nepriklausomumui, pana\u0161\u0117ja \u012f bandym\u0105 u\u017evaldyti LRT.<\/p>\n<p>Taip pat platinama ir peticija, kuri\u0105, antradienio duomenimis, pasira\u0161\u0117 per 134 t\u016bkst. \u017emoni\u0173.<\/p>\n<p>Kritik\u0105 si\u016blomoms pataisoms yra i\u0161rei\u0161kusios ir tarptautin\u0117s \u017einiasklaidos organizacijos.<\/p>\n<p>Tiesa, pra\u0117jusi\u0105 savait\u0119 Seimo Kult\u016bros komitetas nusprend\u0117 pavesti Vilniaus universiteto ekspertams atlikti \u012fstatymo patais\u0173, kuriomis siekiama palengvinti LRT vadovo atleidimo tvark\u0105, poveikio vertinim\u0105. Iki kol vertinimo i\u0161vados nebus pateiktos, projektas negal\u0117s b\u016bti svarstomos nei Seime, nei Kult\u016bros komitete.<\/p>\n<p>Savo ruo\u017etu Seimo pirmininkas Juozas Olekas antradien\u012f teig\u0117, kad netrukus parlamente tur\u0117t\u0173 b\u016bti registruotas naujas \u012fstatymo projektas d\u0117l LRT vadovo atleidimo tvarkos.<\/p>\n","protected":false},"excerpt":{"rendered":"Prie Lietuvos nacionalin\u0117s Martyno Ma\u017evydo bibliotekos susirink\u0119 \u017eurnalistai, visuomen\u0117s ir kult\u016bros veik\u0117jai bei kiti akcij\u0105 palaikantys \u017emon\u0117s buvo&hellip;\n","protected":false},"author":2,"featured_media":57843,"comment_status":"","ping_status":"","sticky":false,"template":"","format":"standard","meta":{"footnotes":""},"categories":[13],"tags":[13815,25,30,31,57,43,34,35,55,48,24,54,51,49,50,32,33,37,39,36,38,40,45,23,22,44,28,29,53,42,56,47,26,27,41,46,58,52],"class_list":{"0":"post-57842","1":"post","2":"type-post","3":"status-publish","4":"format-standard","5":"has-post-thumbnail","7":"category-lietuva","8":"tag-2025-12-09-125209","9":"tag-antrastes","10":"tag-breaking-news","11":"tag-breakingnews","12":"tag-daiktai","13":"tag-dienos-kronika","14":"tag-featured-news","15":"tag-featurednews","16":"tag-gatves-tekstai","17":"tag-gyvenimas","18":"tag-headlines","19":"tag-interneto-pievos","20":"tag-keliones","21":"tag-kultura","22":"tag-laisvalaikis","23":"tag-latest-news","24":"tag-latestnews","25":"tag-lietuva","26":"tag-lietuviu","27":"tag-lithuania","28":"tag-lithuanian","29":"tag-lt","30":"tag-mokslas-ir-it","31":"tag-naujienos","32":"tag-news","33":"tag-pasaulis","34":"tag-populiariausios-naujienos","35":"tag-populiariausiosnaujienos","36":"tag-projektai","37":"tag-rinktiniai-tekstai","38":"tag-simtmecio-portalas","39":"tag-sportas","40":"tag-top-stories","41":"tag-topstories","42":"tag-tv3-lt","43":"tag-verslas","44":"tag-video","45":"tag-zaidimai"},"share_on_mastodon":{"url":"","error":"Validation failed: Text character limit of 500 exceeded"},"_links":{"self":[{"href":"https:\/\/www.europesays.com\/lt\/wp-json\/wp\/v2\/posts\/57842","targetHints":{"allow":["GET"]}}],"collection":[{"href":"https:\/\/www.europesays.com\/lt\/wp-json\/wp\/v2\/posts"}],"about":[{"href":"https:\/\/www.europesays.com\/lt\/wp-json\/wp\/v2\/types\/post"}],"author":[{"embeddable":true,"href":"https:\/\/www.europesays.com\/lt\/wp-json\/wp\/v2\/users\/2"}],"replies":[{"embeddable":true,"href":"https:\/\/www.europesays.com\/lt\/wp-json\/wp\/v2\/comments?post=57842"}],"version-history":[{"count":0,"href":"https:\/\/www.europesays.com\/lt\/wp-json\/wp\/v2\/posts\/57842\/revisions"}],"wp:featuredmedia":[{"embeddable":true,"href":"https:\/\/www.europesays.com\/lt\/wp-json\/wp\/v2\/media\/57843"}],"wp:attachment":[{"href":"https:\/\/www.europesays.com\/lt\/wp-json\/wp\/v2\/media?parent=57842"}],"wp:term":[{"taxonomy":"category","embeddable":true,"href":"https:\/\/www.europesays.com\/lt\/wp-json\/wp\/v2\/categories?post=57842"},{"taxonomy":"post_tag","embeddable":true,"href":"https:\/\/www.europesays.com\/lt\/wp-json\/wp\/v2\/tags?post=57842"}],"curies":[{"name":"wp","href":"https:\/\/api.w.org\/{rel}","templated":true}]}}