{"id":57850,"date":"2025-12-09T13:09:08","date_gmt":"2025-12-09T13:09:08","guid":{"rendered":"https:\/\/www.europesays.com\/lt\/57850\/"},"modified":"2025-12-09T13:09:08","modified_gmt":"2025-12-09T13:09:08","slug":"muitine-atskleide-kiek-baltarusijoje-istrige-lietuvos-vilkiku-skaiciai-gerokai-mazesni-nei-teigia-vezejai-verslas","status":"publish","type":"post","link":"https:\/\/www.europesays.com\/lt\/57850\/","title":{"rendered":"Muitin\u0117 atskleid\u0117, kiek Baltarusijoje \u012fstrig\u0119 Lietuvos vilkik\u0173: skai\u010diai gerokai ma\u017eesni, nei teigia ve\u017e\u0117jai | Verslas"},"content":{"rendered":"<p>\u201e\u0160iai dienai pasitikrinus tiek duomenis, tiek turimas vaizdines kameras, kurios yra Lietuvos teritorijoje ir ap\u017evelgia m\u016bs\u0173 pad\u0117t\u012f keliuose, galime konstatuoti, kad i\u0161 t\u0173 (\u201eLinavos\u201c \u2013 BNS) pateikt\u0173 488 (transporto priemoni\u0173 \u2013 BNS), m\u016bs\u0173 duomenimis, yra likusi\u0173 tik 185\u201c, \u2013 antradien\u012f \u017eurnalistams Vyriausyb\u0117je sak\u0117 Muitin\u0117s departamento vadovo pavaduotoja Dovil\u0117 Kraulaidien\u0117.<\/p>\n","protected":false},"excerpt":{"rendered":"\u201e\u0160iai dienai pasitikrinus tiek duomenis, tiek turimas vaizdines kameras, kurios yra Lietuvos teritorijoje ir ap\u017evelgia m\u016bs\u0173 pad\u0117t\u012f keliuose,&hellip;\n","protected":false},"author":2,"featured_media":57851,"comment_status":"","ping_status":"","sticky":false,"template":"","format":"standard","meta":{"footnotes":""},"categories":[13],"tags":[25,30,31,34,35,24,32,33,37,39,36,38,40,23,22,28,29,26,27],"class_list":{"0":"post-57850","1":"post","2":"type-post","3":"status-publish","4":"format-standard","5":"has-post-thumbnail","7":"category-lietuva","8":"tag-antrastes","9":"tag-breaking-news","10":"tag-breakingnews","11":"tag-featured-news","12":"tag-featurednews","13":"tag-headlines","14":"tag-latest-news","15":"tag-latestnews","16":"tag-lietuva","17":"tag-lietuviu","18":"tag-lithuania","19":"tag-lithuanian","20":"tag-lt","21":"tag-naujienos","22":"tag-news","23":"tag-populiariausios-naujienos","24":"tag-populiariausiosnaujienos","25":"tag-top-stories","26":"tag-topstories"},"share_on_mastodon":{"url":"https:\/\/pubeurope.com\/@lt\/115689774407126679","error":""},"_links":{"self":[{"href":"https:\/\/www.europesays.com\/lt\/wp-json\/wp\/v2\/posts\/57850","targetHints":{"allow":["GET"]}}],"collection":[{"href":"https:\/\/www.europesays.com\/lt\/wp-json\/wp\/v2\/posts"}],"about":[{"href":"https:\/\/www.europesays.com\/lt\/wp-json\/wp\/v2\/types\/post"}],"author":[{"embeddable":true,"href":"https:\/\/www.europesays.com\/lt\/wp-json\/wp\/v2\/users\/2"}],"replies":[{"embeddable":true,"href":"https:\/\/www.europesays.com\/lt\/wp-json\/wp\/v2\/comments?post=57850"}],"version-history":[{"count":0,"href":"https:\/\/www.europesays.com\/lt\/wp-json\/wp\/v2\/posts\/57850\/revisions"}],"wp:featuredmedia":[{"embeddable":true,"href":"https:\/\/www.europesays.com\/lt\/wp-json\/wp\/v2\/media\/57851"}],"wp:attachment":[{"href":"https:\/\/www.europesays.com\/lt\/wp-json\/wp\/v2\/media?parent=57850"}],"wp:term":[{"taxonomy":"category","embeddable":true,"href":"https:\/\/www.europesays.com\/lt\/wp-json\/wp\/v2\/categories?post=57850"},{"taxonomy":"post_tag","embeddable":true,"href":"https:\/\/www.europesays.com\/lt\/wp-json\/wp\/v2\/tags?post=57850"}],"curies":[{"name":"wp","href":"https:\/\/api.w.org\/{rel}","templated":true}]}}