{"id":57864,"date":"2025-12-09T13:26:08","date_gmt":"2025-12-09T13:26:08","guid":{"rendered":"https:\/\/www.europesays.com\/lt\/57864\/"},"modified":"2025-12-09T13:26:08","modified_gmt":"2025-12-09T13:26:08","slug":"eurokomisare-kos-lietuva-yra-narystes-es-pavyzdys","status":"publish","type":"post","link":"https:\/\/www.europesays.com\/lt\/57864\/","title":{"rendered":"Eurokomisar\u0117 Kos: Lietuva yra naryst\u0117s ES pavyzdys"},"content":{"rendered":"<p>\u201eJ\u016bs\u0173 \u0161alis yra gyvas pavyzdys, kaip tie, kurie paliko Rusijos \u012ftakos zon\u0105, skurd\u0105, nesaugum\u0105 ir \u012f\u017eeng\u0117te \u012f augim\u0105, klest\u0117jim\u0105 ir stabilum\u0105\u201c, \u2013 sak\u0117 M. Kos. <\/p>\n<p>Europos Komisijos nar\u0117 akcentavo, kad kiekvien\u0105 kart\u0105 susid\u016brus su dideliais geopolitiniais poky\u010diais, ES pl\u0117tra buvo pagrindinis atsakas.<\/p>\n<p>\u201e\u0160iandien v\u0117l matome didel\u012f geopolitin\u012f persitvarkym\u0105. Matome, kad Rusija yra pasiry\u017eusi v\u0117l \u012ftvirtinti vis didesn\u0119 \u012ftak\u0105 m\u016bs\u0173 \u017eemyne. Matome koordinuot\u0105 i\u0161puol\u012f prie\u0161 Europos strukt\u016bras, kurios atne\u0161\u0117 taik\u0105 ir klest\u0117jim\u0105 m\u016bs\u0173 \u017eemynui. \u017dinome, kad kai kuriems stipri ir vieninga Europa n\u0117ra naudinga, tod\u0117l jie deda visas pastangas, kad vis\u0173 pirma destabilizuot\u0173 m\u016bs\u0173 \u0161alis kandidates, tokias kaip Moldova\u201c, \u2013 teig\u0117 M. Kos. <\/p>\n<p>Kaip skelbta, antradien\u012f Seime vyko diskusija \u201eEuropos S\u0105jungos pl\u0117tros perspektyva: \u0161ali\u0173 kandida\u010di\u0173 pa\u017eanga ir Europos Komisijos rekomendacijos 2025 m.\u201c.<\/p>\n<p>ELTA primena, kad \u012f Lietuv\u0105 oficialaus vizito atvyko ES pl\u0117tros komisar\u0117 M. Kos.<\/p>\n<p>Be to, eurokomisar\u0117 taip pat susitiko su prezidentu Gitanu Naus\u0117da, numatyti susitikimai su premjere Inga Ruginiene, u\u017esienio reikal\u0173 ministru K\u0119stu\u010diu Budriu, Lietuvos Vyriausyb\u0117s Europos S\u0105jungos komisija.<\/p>\n<p>Taip pat numatyti susitikimai su verslo, kult\u016bros ir akademin\u0117s bendruomen\u0117s atstovais.<\/p>\n","protected":false},"excerpt":{"rendered":"\u201eJ\u016bs\u0173 \u0161alis yra gyvas pavyzdys, kaip tie, kurie paliko Rusijos \u012ftakos zon\u0105, skurd\u0105, nesaugum\u0105 ir \u012f\u017eeng\u0117te \u012f augim\u0105,&hellip;\n","protected":false},"author":2,"featured_media":57865,"comment_status":"","ping_status":"","sticky":false,"template":"","format":"standard","meta":{"footnotes":""},"categories":[15],"tags":[25,30,31,1068,34,35,24,32,33,37,39,36,38,40,23,22,44,28,29,128,26,27,74,75,76],"class_list":{"0":"post-57864","1":"post","2":"type-post","3":"status-publish","4":"format-standard","5":"has-post-thumbnail","7":"category-pasaulis","8":"tag-antrastes","9":"tag-breaking-news","10":"tag-breakingnews","11":"tag-europos-sajunga","12":"tag-featured-news","13":"tag-featurednews","14":"tag-headlines","15":"tag-latest-news","16":"tag-latestnews","17":"tag-lietuva","18":"tag-lietuviu","19":"tag-lithuania","20":"tag-lithuanian","21":"tag-lt","22":"tag-naujienos","23":"tag-news","24":"tag-pasaulis","25":"tag-populiariausios-naujienos","26":"tag-populiariausiosnaujienos","27":"tag-seimas","28":"tag-top-stories","29":"tag-topstories","30":"tag-world","31":"tag-world-news","32":"tag-worldnews"},"share_on_mastodon":{"url":"https:\/\/pubeurope.com\/@lt\/115689841216110089","error":""},"_links":{"self":[{"href":"https:\/\/www.europesays.com\/lt\/wp-json\/wp\/v2\/posts\/57864","targetHints":{"allow":["GET"]}}],"collection":[{"href":"https:\/\/www.europesays.com\/lt\/wp-json\/wp\/v2\/posts"}],"about":[{"href":"https:\/\/www.europesays.com\/lt\/wp-json\/wp\/v2\/types\/post"}],"author":[{"embeddable":true,"href":"https:\/\/www.europesays.com\/lt\/wp-json\/wp\/v2\/users\/2"}],"replies":[{"embeddable":true,"href":"https:\/\/www.europesays.com\/lt\/wp-json\/wp\/v2\/comments?post=57864"}],"version-history":[{"count":0,"href":"https:\/\/www.europesays.com\/lt\/wp-json\/wp\/v2\/posts\/57864\/revisions"}],"wp:featuredmedia":[{"embeddable":true,"href":"https:\/\/www.europesays.com\/lt\/wp-json\/wp\/v2\/media\/57865"}],"wp:attachment":[{"href":"https:\/\/www.europesays.com\/lt\/wp-json\/wp\/v2\/media?parent=57864"}],"wp:term":[{"taxonomy":"category","embeddable":true,"href":"https:\/\/www.europesays.com\/lt\/wp-json\/wp\/v2\/categories?post=57864"},{"taxonomy":"post_tag","embeddable":true,"href":"https:\/\/www.europesays.com\/lt\/wp-json\/wp\/v2\/tags?post=57864"}],"curies":[{"name":"wp","href":"https:\/\/api.w.org\/{rel}","templated":true}]}}