{"id":58436,"date":"2025-12-10T08:46:09","date_gmt":"2025-12-10T08:46:09","guid":{"rendered":"https:\/\/www.europesays.com\/lt\/58436\/"},"modified":"2025-12-10T08:46:09","modified_gmt":"2025-12-10T08:46:09","slug":"regina-musneckiene-ar-is-protestu-gimsta-nauja-partija-respublika-lt","status":"publish","type":"post","link":"https:\/\/www.europesays.com\/lt\/58436\/","title":{"rendered":"Regina MUSNECKIEN\u0116: Ar i\u0161 protest\u0173 gimsta nauja partija? &#8211; Respublika.lt"},"content":{"rendered":"<p style=\"text-align: justify;\" class=\"desktop_banner\">\u00a0<\/p>\n<p>Dabar m\u0117nesiui nurims. Sako skirsi\u0105 laiko \u0161vietimuisi. Matyt, \u0161viesis, kaip greituoju b\u016bdu i\u0161 embriono stadijoje dar tebesan\u010dio k\u016bdikio i\u0161auginti politik\u0105. Mat, Savivaldybi\u0173 rinkimai &#8211; ne u\u017e kaln\u0173.<\/p>\n<p>O \u0161iaip jau steb\u0117tis n\u0117ra kuo. Jau ne pirmas kartas, kai prie\u0161 rinkimus gimsta kokia nors nauja, ni\u0161in\u0117, vienkartin\u0117 partija be ai\u0161kios krypties ir ai\u0161kios ideologijos. Tiesiog tam, kad po rinkim\u0173 pad\u0117t\u0173 kuriai nors i\u0161 sistemini\u0173 partij\u0173, da\u017eniausia konservatoriams, sudaryti valdan\u010di\u0105j\u0105 koalicij\u0105.<\/p>\n<p>Ar ne taip atsitiko 2008 &#8211; aisiais su Ar\u016bno Valinsko atvesta Tautos prisik\u0117limo partija? Anuomet likus trims m\u0117nesiams iki spalio 12 -\u0105j\u0105 vyksian\u010di\u0173 Seimo rinkim\u0173 \u012fregistruota nauja politin\u0117 j\u0117ga, kuri\u0105 taip pat sudar\u0117 kult\u016bros \u017emon\u0117s.<\/p>\n<p>Aktoriai, dainininkai, laid\u0173 ved\u0117jai ir kiti \u0161ou biznio atstovai rink\u0117jus papirko savo i\u0161kalba, gra\u017eiais balsais, aktoriniais geb\u0117jimais, vedam\u0173 laid\u0173 populiarumu ir charizma. Seimo rinkimuose peln\u0117 15,09 proc. rink\u0117j\u0173 bals\u0173 ir 13 Seimo nario mandat\u0173. Tapo antr\u0105ja pagal populiarum\u0105 politine j\u0117ga ir pad\u0117jo rinkimus laim\u0117jusiems konservatoriams sudaryti valdan\u010di\u0105j\u0105 daugum\u0105.<\/p>\n<p>Ar nuveik\u0117 k\u0105 nors svarbaus Lietuvos \u017emoni\u0173 labui? \u010cia jau kita kalba. Ties\u0105 sakant tokioms ni\u0161in\u0117ms partij\u0117l\u0117ms k\u0105 nors reik\u0161mingo nuveikti ir nereikia. J\u0173 misija \u012fgalinti veikti t\u0105 politin\u0119 j\u0117g\u0105, prie kurios \u0161liejasi Seime.<\/p>\n<p>Partijos, pagimd\u017eiusios tokius prie\u0161rinkiminius k\u016bdikius ir atsivedusios juos \u012f Seim\u0105, turi klusnius koalicijos partnerius. Jie daro taip, kaip t\u0117velis, mama ar senelis liepia.<\/p>\n<p>Tai ne socdemams nuskil\u0119s \u017demaitaitis, kur\u012f sunku sutramdyti ir \u012fpir\u0161ti savo nuomon\u0119!<\/p>\n<p>Teisyb\u0117s d\u0117lei reik\u0117t\u0173 priminti, jog prisik\u0117l\u0117li\u0173 atstov\u0117 aktor\u0117 Asta Baukut\u0117 \u012fk\u016br\u0117 Gyvyb\u0117s langelius, iki \u0161iol gelbstin\u010dius t\u0117v\u0173 nepageidaujam\u0173 naujagimi\u0173 gyvybes. Daugiau koki\u0173 nors reik\u0161mingesni\u0173 j\u0173 darb\u0173 atmintis neu\u017efiksavo.<\/p>\n<p>Beje, ir \u0161ios partijos gyvenimas buvo gana trumpas &#8211; truko tik trejet\u0105 met\u0173, iki 2011 &#8211; \u0173j\u0173.<\/p>\n<p>Pana\u0161i\u0105 misij\u0105 atliko ir 2019 metais, prie\u0161 2020 met\u0173 Seimo rinkimus \u012fregistruota Laisv\u0117s partija. Liberalia politine j\u0117ga prisistat\u0119 laisvie\u010diai siek\u0117 \u012fteisinti civilin\u0119 s\u0105jung\u0105 ir dekriminalizuoti narkotikus. Savo tiksl\u0173 ne\u012fgyvendino. Ta\u010diau b\u016bdami valdan\u010diojoje koalicijoje ir dirbdami Vyriausyb\u0117je, par\u0117m\u0117 did\u017ei\u0173j\u0173 partneri\u0173 &#8211; konservatori\u0173 ir liberal\u0173 sprendimus.<\/p>\n<p>Beje, i\u0161sprend\u0117 ir kai kuriuos asmeni\u0161kai svarbius reikaliukus. Pavyzd\u017eiui, i\u0161sikovojo lenki\u0161k\u0173 pavard\u017ei\u0173 ra\u0161ym\u0105 originalo kalba ir \u012ftvirtino svetimas raides lietuvi\u0161koje ab\u0117c\u0117l\u0117je.<\/p>\n<p>Pana\u0161u, jog i\u0161 kult\u016brinink\u0173 protestuotoj\u0173 &#8211; mitinguotoj\u0173 gim\u0119s margaspalvis politinis drugelis &#8211; atkartos ankstesni\u0173j\u0173 ni\u0161ini\u0173 partij\u0173 likim\u0105. Drugeliai gyvena trumpai, bet skrajoja ir moka \u017eav\u0117ti spalvingais savo sparnais. Rinkimuose svarbus vienkartinis efektas.<\/p>\n<p>Kad protestuotojus vaidin\u0119 kult\u016brininkai tur\u0117jo auk\u0161tesn\u012f tiksl\u0105 &#8211; poruotis ir gimdyti nauj\u0105 politin\u012f darin\u012f, buvo ai\u0161ku i\u0161 karto. Apie tikr\u0105sias u\u017ema\u010dias \u0161nek\u0117jo ne vienas i\u0161 sen\u0173j\u0173 politikos vilk\u0173. Nes protest\u0173 ir miting\u0173 stilius nepan\u0117\u0161\u0117jo \u012f kov\u0105 d\u0117l geresnio kult\u016bros b\u016bvio.<\/p>\n<p>Be to, tuose mitinguose \u0161m\u0117\u017eavo kai kuri\u0173 ankstesn\u0117s konservatori\u0173 vyriausyb\u0117s ministr\u0173, Seimo nari\u0173, direktori\u0173 ir kit\u0173 auk\u0161tas pareigas u\u017eiman\u010di\u0173 pon\u0173 veidai. Vadinasi, jie ir yra nauj\u0173j\u0173 politikos drugeli\u0173 krik\u0161tat\u0117viai.<\/p>\n<p>Bet, \u012fsijaut\u0119 \u012f protestuotoj\u0173 vaidmen\u012f, kult\u016brininkai purt\u0117si: ne, ne mes protestuojame ne d\u0117l pinig\u0173. M\u016bs\u0173 nenupirks pa\u017ead\u0117tais didesniais atlyginimais. O kai paai\u0161k\u0117jo, kad Kult\u016bros ministerijos biud\u017eetas &#8211; ne per did\u017eiausias, \u0117m\u0117 r\u0117kti ir sk\u0173stis, kad kult\u016bra &#8211; Pelen\u0117s vietoje.<\/p>\n<p>Neig\u0117, kad i\u0161 j\u0173 jud\u0117jimo i\u0161sivystys nauja politin\u0117 j\u0117ga. Es\u0105 j\u0173 tikslas &#8211; ne toks. Protestas grynai i\u0161 id\u0117jos ir kilniausi\u0173 paskat\u0173.<\/p>\n<p>O kai Kult\u016bros ministerijoje neliko \u201eNemuno au\u0161ros&#8221;, kai paskirta jiems \u012ftikusi ministr\u0117, kuri sutiko su kult\u016brinink\u0173 \u012fnoriais ir neliko prie\u0161 k\u0105 protestuoti, protestuotojai nusi\u0117m\u0117 kaukes. Dabar jie sieks tapti politikais. Dalyvaus Savivaldos, o v\u0117liau &#8211; be abejo ir Seimo rinkimuose. Juk ne be reikalo taip ar\u0161iai kviet\u0117 \u012f kov\u0105 jungtis rajon\u0173 kult\u016bros darbuotojus, netgi \u016bkininkus. I\u0161 anksto med\u017eioja rink\u0117j\u0173 balsus.<\/p>\n<p>Jeigu virs tikrais, s\u0105\u017einingais politikais &#8211; tegu. Politin\u0117je padang\u0117je \u012f\u017evalgi\u0173, i\u0161minting\u0173, sumani\u0173, kompetenting\u0173 asmenybi\u0173 tikrai n\u0117ra per daug.<\/p>\n<p>Bet, kad i\u0161minties ir toje protestuotoj\u0173 minioje ka\u017ekaip nepavyko pamatyti. Bent tarp t\u0173, kurie daugiausia rei\u0161k\u0117si&#8230; Ir labiau tik\u0117tina, kad \u012f rinkimus ateis ir galb\u016bt juos laim\u0117s keletas savo motinai gimdytojai arba naujo projek\u010diuko sumanytojams klusn\u016bs liokajai.<\/p>\n<p>Kad klausys s\u0105\u017ein\u0117s balso &#8211; irgi abejotina. Taip ar\u0161iai kritikavo ir kaltino \u0161iandienin\u0119 Vyriausyb\u0119 melavimu. Bet ir patys elgiasi ne geriau. I\u0161 prad\u017ei\u0173 apsimeta nuskriaustais protestuotojais, mitinguotojais. Po to atskleid\u017eia tikruosius, politinius savo sujudimo tikslus. Taigi, jau ateina meluodami.<\/p>\n<p>Nepaisant visko Konservatori\u0173 partijos garb\u0117s pirmininkas kult\u016brinink\u0173 mitingus prilygina 1988 &#8211; \u0173j\u0173 met\u0173 Lietuvos Persitvarkymo s\u0105j\u016bd\u017eiui ir sako, jog \u201egimsta teisingos Lietuvos s\u0105j\u016bdis&#8221;. I\u0161eit\u0173, jog \u0161ios dienos Lietuva &#8211; neteisinga, nes vald\u017eioje &#8211; ne tie. Tampa visi\u0161kai ai\u0161ku, kuri partija tuo nauju s\u0105j\u016bd\u017eiu n\u0117\u0161\u010dia. Tik ar jos naujagimis bus mielas ir priimtinas Lietuvai? Gali b\u016bti visaip.<\/p>\n<p>Pad\u0117koti u\u017e publicistinius ra\u0161inius paskambino pedagog\u0117 Teres\u0117 Laimut\u0117 i\u0161 Zaras\u0173 kra\u0161to. Penkiasde\u0161imt met\u0173 ji d\u0117st\u0117 angl\u0173 kalb\u0105 vienoje Vilniaus vidurin\u0117je mokykloje ir teisininkams universitete, aktyviai dalyvavo Lietuvos persitvarkymo s\u0105j\u016bdyje.<\/p>\n<p>\u201eSkaudu, kai Lietuvos Persitvarkymo s\u0105j\u016bdis lyginamas su \u0161i\u0173 dien\u0173 kult\u016brinink\u0173 mitingais. Daugelis Persitvarkymo s\u0105j\u016bdyje dalyvavusi\u0173 \u017emoni\u0173 buvo i\u0161kilios asmenyb\u0117s: mokslininkai, filosofai, teisininkai, kalbininkai. O \u010dia jauna panel\u0117, atsistojusi prie\u0161 prezident\u016br\u0105, klykia: \u201eG\u0117da Naus\u0117da!&#8221; Taip ir norisi paklausti: \u201eVaikeli, kas tavo t\u0117vai, kas seneliai? Kas tave aukl\u0117jo?&#8221; G\u0117da u\u017e tok\u012f jaunim\u0105.<\/p>\n<p>A\u0161 irgi nesu ypatinga Naus\u0117dos gerb\u0117ja, kaip rink\u0117ja tur\u0117\u010diau kritini\u0173 pastab\u0173. Ta\u010diau jis yra Prezidentas. \u0160alies vadovas. Privalome gerbti. Kartais tiesiog tyla yra auksas.&#8221;<\/p>\n<p>Apie kult\u016bros v\u0117liava prisidengusius protestuotojus pana\u0161iai kalba daugelis Lietuvos \u017emoni\u0173.<\/p>\n<p>Kol kas sunku sp\u0117lioti, ar \u201eteisingos Lietuvos s\u0105j\u016bd\u017eio&#8221; vardu tituluojamas b\u016bsimas politinis naujagimis sulauks vis s\u0105mon\u0117jan\u010di\u0173, aktyv\u0117jan\u010di\u0173 ir vis ma\u017eiau naivi\u0173 rink\u0117j\u0173 palaikymo? Bet matant kaip jau dabar savo partijos n\u0117\u0161tumu d\u017eiaugiasi tos partijos vadas, pana\u0161u, kad ir Gyvyb\u0117s langelyje k\u016bdikis paliktas nebus.<\/p>\n","protected":false},"excerpt":{"rendered":"\u00a0 Dabar m\u0117nesiui nurims. Sako skirsi\u0105 laiko \u0161vietimuisi. Matyt, \u0161viesis, kaip greituoju b\u016bdu i\u0161 embriono stadijoje dar tebesan\u010dio&hellip;\n","protected":false},"author":2,"featured_media":58437,"comment_status":"","ping_status":"","sticky":false,"template":"","format":"standard","meta":{"footnotes":""},"categories":[13],"tags":[25,1982,30,31,34,35,24,32,33,37,39,36,38,40,10320,23,415,22,571,28,29,154,26,27,413],"class_list":{"0":"post-58436","1":"post","2":"type-post","3":"status-publish","4":"format-standard","5":"has-post-thumbnail","7":"category-lietuva","8":"tag-antrastes","9":"tag-ausra","10":"tag-breaking-news","11":"tag-breakingnews","12":"tag-featured-news","13":"tag-featurednews","14":"tag-headlines","15":"tag-latest-news","16":"tag-latestnews","17":"tag-lietuva","18":"tag-lietuviu","19":"tag-lithuania","20":"tag-lithuanian","21":"tag-lt","22":"tag-musneckiene","23":"tag-naujienos","24":"tag-nemuno","25":"tag-news","26":"tag-partija","27":"tag-populiariausios-naujienos","28":"tag-populiariausiosnaujienos","29":"tag-protestai","30":"tag-top-stories","31":"tag-topstories","32":"tag-zemaitaitis"},"share_on_mastodon":{"url":"https:\/\/pubeurope.com\/@lt\/115694402443698894","error":""},"_links":{"self":[{"href":"https:\/\/www.europesays.com\/lt\/wp-json\/wp\/v2\/posts\/58436","targetHints":{"allow":["GET"]}}],"collection":[{"href":"https:\/\/www.europesays.com\/lt\/wp-json\/wp\/v2\/posts"}],"about":[{"href":"https:\/\/www.europesays.com\/lt\/wp-json\/wp\/v2\/types\/post"}],"author":[{"embeddable":true,"href":"https:\/\/www.europesays.com\/lt\/wp-json\/wp\/v2\/users\/2"}],"replies":[{"embeddable":true,"href":"https:\/\/www.europesays.com\/lt\/wp-json\/wp\/v2\/comments?post=58436"}],"version-history":[{"count":0,"href":"https:\/\/www.europesays.com\/lt\/wp-json\/wp\/v2\/posts\/58436\/revisions"}],"wp:featuredmedia":[{"embeddable":true,"href":"https:\/\/www.europesays.com\/lt\/wp-json\/wp\/v2\/media\/58437"}],"wp:attachment":[{"href":"https:\/\/www.europesays.com\/lt\/wp-json\/wp\/v2\/media?parent=58436"}],"wp:term":[{"taxonomy":"category","embeddable":true,"href":"https:\/\/www.europesays.com\/lt\/wp-json\/wp\/v2\/categories?post=58436"},{"taxonomy":"post_tag","embeddable":true,"href":"https:\/\/www.europesays.com\/lt\/wp-json\/wp\/v2\/tags?post=58436"}],"curies":[{"name":"wp","href":"https:\/\/api.w.org\/{rel}","templated":true}]}}