{"id":5882,"date":"2025-09-28T15:47:14","date_gmt":"2025-09-28T15:47:14","guid":{"rendered":"https:\/\/www.europesays.com\/lt\/5882\/"},"modified":"2025-09-28T15:47:14","modified_gmt":"2025-09-28T15:47:14","slug":"nauseda-trumpas-turi-svertu-galinciu-priversti-putina-deretis","status":"publish","type":"post","link":"https:\/\/www.europesays.com\/lt\/5882\/","title":{"rendered":"Naus\u0117da: Trumpas turi svert\u0173, galin\u010di\u0173 priversti Putin\u0105 der\u0117tis"},"content":{"rendered":"<p>\u201eTur\u0117damas svertus, kuriuos turi prezidentas Donaldas Trumpas, jis gal\u0117s priversti Vladimir\u0105 Putin\u0105 s\u0117sti prie deryb\u0173 stalo. Tai \u012fmanoma tik parod\u017eius j\u0117g\u0105\u201c, \u2013 \u201eFox News\u201c televizijai lankydamasis JAV sak\u0117 G. Naus\u0117da.<\/p>\n<p>Lietuvos vadovas pabr\u0117\u017e\u0117, jog V. Putinas n\u0117ra pasiruo\u0161\u0119s taikai Ukrainoje d\u0117l \u201esen\u0173 imperialistini\u0173 ambicij\u0173\u201c.<\/p>\n<p>Kaip skelbta anks\u010diau, JAV lyderis D. Trumpas po susitikimo su Ukrainos prezidentu Volodymyru Zelenskiu savo socialin\u0117je platformoje \u201eTruth Social\u201c para\u0161\u0117, kad Rusija \u201ebe tikslo kovoja\u201c Ukrainoje trejus su puse met\u0173, nors tik\u0117josi laim\u0117ti \u201eper ma\u017eiau nei savait\u0119\u201c, ir \u201ed\u0117l to ji atrodo kaip popierinis tigras\u201c. D. Trumpas prid\u016br\u0117, kad V. Putinas ir Rusija \u201eturi dideli\u0173 ekonomini\u0173 problem\u0173, ir dabar pats laikas Ukrainai veikti\u201c. <\/p>\n<p>Savo ruo\u017etu G. Naus\u0117da pagyr\u0117 toki\u0105 JAV lyderio pozicij\u0105, o jo kalb\u0105 JT Generalin\u0117je Asambl\u0117joje pavadino stipria. <\/p>\n<p>\u201eTai buvo stipri kalba. Ji ap\u0117m\u0117 labai svarbias temas\u201c, \u2013 kalb\u0117jo Lietuvos lyderis. <\/p>\n<p>Duodamas interviu \u201eFox News\u201c televizijai jis taip pat pabr\u0117\u017e\u0117, jog palankiai vertina JAV prezidento pastangas skatinti Europos \u0161alis taikyti sankcijas Rusijai ir antrines sankcijas tiems, kurie perka rusi\u0161k\u0105 naft\u0105 ir dujas.<\/p>\n<p>\u201eNeturi b\u016bti kompromiso tarp ekonomin\u0117s naudos ir geopolitini\u0173 tiksl\u0173, nes kalbame apie savo saugum\u0105. Jei \u0161iandien mok\u0117sime u\u017e rusi\u0161kas dujas ar naft\u0105, rytoj galime b\u016bti u\u017epulti \u2013 \u0161ie pinigai maitina Rusijos karo ma\u0161in\u0105\u201c, \u2013 akcentavo G. Naus\u0117da. <\/p>\n<p>ELTA primena, kad G. Naus\u0117da pra\u0117jusi\u0105 savait\u0119 lank\u0117si JAV, kur dalyvavo JT Generalin\u0117s Asambl\u0117jos 80-ojoje sesijoje.<\/p>\n","protected":false},"excerpt":{"rendered":"\u201eTur\u0117damas svertus, kuriuos turi prezidentas Donaldas Trumpas, jis gal\u0117s priversti Vladimir\u0105 Putin\u0105 s\u0117sti prie deryb\u0173 stalo. Tai \u012fmanoma&hellip;\n","protected":false},"author":2,"featured_media":5883,"comment_status":"","ping_status":"","sticky":false,"template":"","format":"standard","meta":{"footnotes":""},"categories":[15],"tags":[25,30,31,34,35,67,24,32,33,37,39,36,38,40,23,22,44,28,29,26,27,120,74,75,76],"class_list":{"0":"post-5882","1":"post","2":"type-post","3":"status-publish","4":"format-standard","5":"has-post-thumbnail","7":"category-pasaulis","8":"tag-antrastes","9":"tag-breaking-news","10":"tag-breakingnews","11":"tag-featured-news","12":"tag-featurednews","13":"tag-gitanas-nauseda","14":"tag-headlines","15":"tag-latest-news","16":"tag-latestnews","17":"tag-lietuva","18":"tag-lietuviu","19":"tag-lithuania","20":"tag-lithuanian","21":"tag-lt","22":"tag-naujienos","23":"tag-news","24":"tag-pasaulis","25":"tag-populiariausios-naujienos","26":"tag-populiariausiosnaujienos","27":"tag-top-stories","28":"tag-topstories","29":"tag-vladimiras-putinas","30":"tag-world","31":"tag-world-news","32":"tag-worldnews"},"share_on_mastodon":{"url":"","error":""},"_links":{"self":[{"href":"https:\/\/www.europesays.com\/lt\/wp-json\/wp\/v2\/posts\/5882","targetHints":{"allow":["GET"]}}],"collection":[{"href":"https:\/\/www.europesays.com\/lt\/wp-json\/wp\/v2\/posts"}],"about":[{"href":"https:\/\/www.europesays.com\/lt\/wp-json\/wp\/v2\/types\/post"}],"author":[{"embeddable":true,"href":"https:\/\/www.europesays.com\/lt\/wp-json\/wp\/v2\/users\/2"}],"replies":[{"embeddable":true,"href":"https:\/\/www.europesays.com\/lt\/wp-json\/wp\/v2\/comments?post=5882"}],"version-history":[{"count":0,"href":"https:\/\/www.europesays.com\/lt\/wp-json\/wp\/v2\/posts\/5882\/revisions"}],"wp:featuredmedia":[{"embeddable":true,"href":"https:\/\/www.europesays.com\/lt\/wp-json\/wp\/v2\/media\/5883"}],"wp:attachment":[{"href":"https:\/\/www.europesays.com\/lt\/wp-json\/wp\/v2\/media?parent=5882"}],"wp:term":[{"taxonomy":"category","embeddable":true,"href":"https:\/\/www.europesays.com\/lt\/wp-json\/wp\/v2\/categories?post=5882"},{"taxonomy":"post_tag","embeddable":true,"href":"https:\/\/www.europesays.com\/lt\/wp-json\/wp\/v2\/tags?post=5882"}],"curies":[{"name":"wp","href":"https:\/\/api.w.org\/{rel}","templated":true}]}}