{"id":58914,"date":"2025-12-10T17:48:21","date_gmt":"2025-12-10T17:48:21","guid":{"rendered":"https:\/\/www.europesays.com\/lt\/58914\/"},"modified":"2025-12-10T17:48:21","modified_gmt":"2025-12-10T17:48:21","slug":"lenkijoje-sulaikytas-nusikalstamas-tinklas-suklastoti-leidimai-gyventi-daugiau-nei-tukstanciui-uzsienieciu","status":"publish","type":"post","link":"https:\/\/www.europesays.com\/lt\/58914\/","title":{"rendered":"Lenkijoje sulaikytas nusikalstamas tinklas: suklastoti leidimai gyventi daugiau nei t\u016bkstan\u010diui u\u017esienie\u010di\u0173"},"content":{"rendered":"\n<p>Centrinis tyrim\u0173 biuras (CBSP) ir pasienie\u010diai per operacij\u0105 keliuose centriniuose \u0161alies regionuose sulaik\u0117 24 asmenis, tarp j\u0173 du \u012ftariamus vadeivas \u2013 52 met\u0173 lenk\u0105 ir 39 met\u0173 ukrainiet\u012f.<\/p>\n<p>Teigiama, kad tinklas 2020\u20132024 metais, panaudodamas suklastotus \u012fdarbinimo ar kitokius dokumentus ir netikrus adresus, par\u016bpino leidimus gyventi Lenkijoje iki 1,5 t\u016bkst. u\u017esienie\u010di\u0173, pirmiausia i\u0161 Uzbekistano, Tad\u017eikistano, Sakartvelo ir <a href=\"https:\/\/www.tv3.lt\/gaires\/turkija\" target=\"_blank\" class=\"phrase\" rel=\"nofollow noopener\">Turkijos<\/a>.<\/p>\n<p>U\u017esienie\u010diai u\u017e leidimus nusikalt\u0117liams sumok\u0117davo nuo 3 t\u016bkst. iki 5 t\u016bkst. zlot\u0173 (nuo 710 iki 1 180 eur\u0173).<\/p>\n<p>Du \u012ftariamieji buvo gr\u0105\u017einti kardomajam kalinimui, o kitiems paskirta policijos prie\u017ei\u016bra ir kelioni\u0173 suvar\u017eymai.<\/p>\n<p>\n                                        \u0160altinis:<br \/>\n                                                                                    BNS\n                                                                                <\/p>\n<p>Kvie\u010diame atrasti nauj\u0105 tv3.lt turin\u012f! Nuo \u0161iol portale j\u016bs\u0173 laukia <a href=\"https:\/\/www.tv3.lt\/testai\" rel=\"nofollow noopener\" target=\"_blank\">kasdien nauji testai<\/a>   \u2013 i\u0161bandykite savo \u017einias ir smagiai praleiskite laik\u0105. <\/p>\n","protected":false},"excerpt":{"rendered":"Centrinis tyrim\u0173 biuras (CBSP) ir pasienie\u010diai per operacij\u0105 keliuose centriniuose \u0161alies regionuose sulaik\u0117 24 asmenis, tarp j\u0173 du&hellip;\n","protected":false},"author":2,"featured_media":58915,"comment_status":"","ping_status":"","sticky":false,"template":"","format":"standard","meta":{"footnotes":""},"categories":[15],"tags":[13983,25,30,31,57,43,34,35,55,48,24,54,51,49,50,32,33,37,39,36,38,40,45,23,22,44,28,29,53,42,56,47,26,27,41,46,58,74,75,76,52],"class_list":{"0":"post-58914","1":"post","2":"type-post","3":"status-publish","4":"format-standard","5":"has-post-thumbnail","7":"category-pasaulis","8":"tag-2025-12-10-133736","9":"tag-antrastes","10":"tag-breaking-news","11":"tag-breakingnews","12":"tag-daiktai","13":"tag-dienos-kronika","14":"tag-featured-news","15":"tag-featurednews","16":"tag-gatves-tekstai","17":"tag-gyvenimas","18":"tag-headlines","19":"tag-interneto-pievos","20":"tag-keliones","21":"tag-kultura","22":"tag-laisvalaikis","23":"tag-latest-news","24":"tag-latestnews","25":"tag-lietuva","26":"tag-lietuviu","27":"tag-lithuania","28":"tag-lithuanian","29":"tag-lt","30":"tag-mokslas-ir-it","31":"tag-naujienos","32":"tag-news","33":"tag-pasaulis","34":"tag-populiariausios-naujienos","35":"tag-populiariausiosnaujienos","36":"tag-projektai","37":"tag-rinktiniai-tekstai","38":"tag-simtmecio-portalas","39":"tag-sportas","40":"tag-top-stories","41":"tag-topstories","42":"tag-tv3-lt","43":"tag-verslas","44":"tag-video","45":"tag-world","46":"tag-world-news","47":"tag-worldnews","48":"tag-zaidimai"},"share_on_mastodon":{"url":"","error":"Validation failed: Text character limit of 500 exceeded"},"_links":{"self":[{"href":"https:\/\/www.europesays.com\/lt\/wp-json\/wp\/v2\/posts\/58914","targetHints":{"allow":["GET"]}}],"collection":[{"href":"https:\/\/www.europesays.com\/lt\/wp-json\/wp\/v2\/posts"}],"about":[{"href":"https:\/\/www.europesays.com\/lt\/wp-json\/wp\/v2\/types\/post"}],"author":[{"embeddable":true,"href":"https:\/\/www.europesays.com\/lt\/wp-json\/wp\/v2\/users\/2"}],"replies":[{"embeddable":true,"href":"https:\/\/www.europesays.com\/lt\/wp-json\/wp\/v2\/comments?post=58914"}],"version-history":[{"count":0,"href":"https:\/\/www.europesays.com\/lt\/wp-json\/wp\/v2\/posts\/58914\/revisions"}],"wp:featuredmedia":[{"embeddable":true,"href":"https:\/\/www.europesays.com\/lt\/wp-json\/wp\/v2\/media\/58915"}],"wp:attachment":[{"href":"https:\/\/www.europesays.com\/lt\/wp-json\/wp\/v2\/media?parent=58914"}],"wp:term":[{"taxonomy":"category","embeddable":true,"href":"https:\/\/www.europesays.com\/lt\/wp-json\/wp\/v2\/categories?post=58914"},{"taxonomy":"post_tag","embeddable":true,"href":"https:\/\/www.europesays.com\/lt\/wp-json\/wp\/v2\/tags?post=58914"}],"curies":[{"name":"wp","href":"https:\/\/api.w.org\/{rel}","templated":true}]}}