{"id":58961,"date":"2025-12-10T18:33:15","date_gmt":"2025-12-10T18:33:15","guid":{"rendered":"https:\/\/www.europesays.com\/lt\/58961\/"},"modified":"2025-12-10T18:33:15","modified_gmt":"2025-12-10T18:33:15","slug":"mantas-stonkus-neabejoja-kad-tai-tik-pradzia-jei-atleisime-vadeles-bus-peilis-i-nugara-delfi","status":"publish","type":"post","link":"https:\/\/www.europesays.com\/lt\/58961\/","title":{"rendered":"Mantas Stonkus neabejoja, kad tai tik prad\u017eia: jei atleisime vadeles \u2013 bus peilis \u012f nugar\u0105 &#8211; Delfi"},"content":{"rendered":"<ol>\n<li><a href=\"https:\/\/news.google.com\/rss\/articles\/CBMiywFBVV95cUxQazdGdkJvVnhnVEVtOFJJVXJWR3ByblFyOWFXWXloRW1zQ0lSQ2hXcWZPX0pKMFlWOUJWSFNBSEZuRDV5TFp3ajJSc1pRVElad1ZmQ2pJbVZxX1FYUktMSXBZRHQyekdyY2pQbFllQm9wYkVYYnJRa3JNamtfNjhXQS05akx5QWY0VVFBcGdnOTA0NUVhVlVEQzhpZjdHOWMzeFhhdi1kckZnQnFYdmVQQXVXcU82X0VGQjQyNEhhYUJ2NU5SYkhNZHdNcw?oc=5\" target=\"_blank\" rel=\"nofollow noopener\">Mantas Stonkus neabejoja, kad tai tik prad\u017eia: jei atleisime vadeles \u2013 bus peilis \u012f nugar\u0105<\/a>&nbsp;&nbsp;Delfi<\/li>\n<li><a href=\"https:\/\/news.google.com\/rss\/articles\/CBMiuAFBVV95cUxPa25uT2dIV2tReUxzX1lPT25QaUxHbkpiaHpmM0hxb19TTGtsUG1JSDQ1dlR6QUE1ZDhpbl9ILWo1eklpQ0ozc0R1X0tpUlRfalQtNEFmVVdibFBnUnhNNmljTmJKc3dUeWg5aGV3ZmdsSmMyS051dUY5MWVmNnR1N2o1bGpzU1pLb1pfTHRwN05EeDNKMFFMbllwdjZFZXZxLUZOWDFmOHhoQXFsaFBKQkZJREZCdmhV?oc=5\" target=\"_blank\" rel=\"nofollow noopener\">Protesto mitinge dalyvav\u0119s Mantas Stonkus: \u201eLabai gaila vieno&#8230;\u201c<\/a>&nbsp;&nbsp;15min.lt<\/li>\n<li><a href=\"https:\/\/news.google.com\/rss\/articles\/CBMi3AFBVV95cUxPRWNzTXpFY3JtVnlWQ0J0MlVrMm9XU0ViVkpHWjBtMkdUeHNZOVNtTUsyRXE1SDJmS3MyZ19MYjFSYS1jdlVrMnN5dDdXRE5Da1ZBMDhib1ZRTmc0QXA4ZmQwY1BhTFhhdmw3ZkJua1YxVUk1UnJ0QlRsYnpfcEZiSGpVRnVvRmVDanBXYm9lM05GUGoyU2dsQTFNTlFGajhSVzNfWjVPZXlKS0F6U1hnTmVKejZNcDkzT3V2dXN1djEtS3pTX1dmazJFWjFTOEpBWmYyT2dPdEp4dmF1?oc=5\" target=\"_blank\" rel=\"nofollow noopener\">Manto Stonkaus kalba tiesioginiame eteryje suk\u0117l\u0117 audr\u0105<\/a>&nbsp;&nbsp;Kauno diena<\/li>\n<li><a href=\"https:\/\/news.google.com\/rss\/articles\/CBMi2gFBVV95cUxPNDEzaVkwLUNCMTdLM1lXZ2pocTZleU5uOUIyVnVwSTVmaHdRSF9OSmphUkRfSEpPMzk1NjlkcWUxVXZvWlhaUlZ4Rms0RmhGT2NidEM4RmY1b0lPdGtuUUdKZ1VhNXc2aTM2cS1NODlERUlLUk9sMVE2RExVMHNYcEpMWjREektYYW1FUUZxTEp2N09kQUg4WTZydjlDZnNmajU0NTh3T2thc2s1eHRyYTdCTXJqaWhjb2QzbmFPaDRVQVl2QUwyNjhUT2xSVGU5YnU4bHAxX3FuQQ?oc=5\" target=\"_blank\" rel=\"nofollow noopener\">Po \u012fkvepian\u010dios M. Stonkaus kalbos tiesioginiame eteryje \u2013 reakcij\u0173 lavina<\/a>&nbsp;&nbsp;Lrytas<\/li>\n<li><a href=\"https:\/\/news.google.com\/rss\/articles\/CBMiogFBVV95cUxOYVlTZVRDTHhfUVJsZHRIdUpyR3h3UTJQcGpCRllRejZJRllIeVZEc2VKYUxtYjhtaG1wNGZiN0ZXRUtmZUJxNE9kSGo5N3JJWTQweGIwbDdqYlo1NkU0Y2NZeVVMRnp3aEFhR3kxOU0xWGJyLWwxN0hQSEpxeEMtU25mMkhOa1RuZHgyUnRhZTVaOW9XenRQQ3N1Sml4UVoydWc?oc=5\" target=\"_blank\" rel=\"nofollow noopener\">Manto Stonkaus kalba pak\u0117l\u0117 aren\u0105 ant koj\u0173: \u0161alin rankas!<\/a>&nbsp;&nbsp;Delfi<\/li>\n<\/ol>\n","protected":false},"excerpt":{"rendered":"Mantas Stonkus neabejoja, kad tai tik prad\u017eia: jei atleisime vadeles \u2013 bus peilis \u012f nugar\u0105&nbsp;&nbsp;Delfi Protesto mitinge dalyvav\u0119s&hellip;\n","protected":false},"author":2,"featured_media":58962,"comment_status":"","ping_status":"","sticky":false,"template":"","format":"standard","meta":{"footnotes":""},"categories":[21],"tags":[113,37,39,36,38,40,1537,114,1719,13808],"class_list":{"0":"post-58961","1":"post","2":"type-post","3":"status-publish","4":"format-standard","5":"has-post-thumbnail","7":"category-pramogos","8":"tag-entertainment","9":"tag-lietuva","10":"tag-lietuviu","11":"tag-lithuania","12":"tag-lithuanian","13":"tag-lt","14":"tag-mantas-stonkus","15":"tag-pramogos","16":"tag-protestas","17":"tag-salin-rankas-nuo-laisvo-zodzio"},"share_on_mastodon":{"url":"https:\/\/pubeurope.com\/@lt\/115696710691186817","error":""},"_links":{"self":[{"href":"https:\/\/www.europesays.com\/lt\/wp-json\/wp\/v2\/posts\/58961","targetHints":{"allow":["GET"]}}],"collection":[{"href":"https:\/\/www.europesays.com\/lt\/wp-json\/wp\/v2\/posts"}],"about":[{"href":"https:\/\/www.europesays.com\/lt\/wp-json\/wp\/v2\/types\/post"}],"author":[{"embeddable":true,"href":"https:\/\/www.europesays.com\/lt\/wp-json\/wp\/v2\/users\/2"}],"replies":[{"embeddable":true,"href":"https:\/\/www.europesays.com\/lt\/wp-json\/wp\/v2\/comments?post=58961"}],"version-history":[{"count":0,"href":"https:\/\/www.europesays.com\/lt\/wp-json\/wp\/v2\/posts\/58961\/revisions"}],"wp:featuredmedia":[{"embeddable":true,"href":"https:\/\/www.europesays.com\/lt\/wp-json\/wp\/v2\/media\/58962"}],"wp:attachment":[{"href":"https:\/\/www.europesays.com\/lt\/wp-json\/wp\/v2\/media?parent=58961"}],"wp:term":[{"taxonomy":"category","embeddable":true,"href":"https:\/\/www.europesays.com\/lt\/wp-json\/wp\/v2\/categories?post=58961"},{"taxonomy":"post_tag","embeddable":true,"href":"https:\/\/www.europesays.com\/lt\/wp-json\/wp\/v2\/tags?post=58961"}],"curies":[{"name":"wp","href":"https:\/\/api.w.org\/{rel}","templated":true}]}}