{"id":58999,"date":"2025-12-10T19:30:10","date_gmt":"2025-12-10T19:30:10","guid":{"rendered":"https:\/\/www.europesays.com\/lt\/58999\/"},"modified":"2025-12-10T19:30:10","modified_gmt":"2025-12-10T19:30:10","slug":"siaures-koreja-stato-tris-dvarus-jie-gali-tapti-putino-xi-jinpingo-ir-trumpo-rezidencija","status":"publish","type":"post","link":"https:\/\/www.europesays.com\/lt\/58999\/","title":{"rendered":"\u0160iaur\u0117s Kor\u0117ja stato tris dvarus: jie gali tapti Putino, Xi Jinpingo ir Trumpo rezidencija"},"content":{"rendered":"<p class=\"western\">Kaip pa\u017eym\u0117jo \u201eNK News\u201c analitikai, kiekvieno i\u0161 \u0161i\u0173 objekt\u0173 plotas yra apie 13 t\u016bkstan\u010di\u0173 kvadratini\u0173 metr\u0173, o palydovin\u0117s nuotraukos rodo, kad artimiausiais m\u0117nesiais jie gali b\u016bti pasireng\u0119 priimti u\u017esienio lyderius, ra\u0161o UNIAN.<\/p>\n<p class=\"western\">Kartu su pagrindiniais darbais taip pat \u012frengiamos naujos kapin\u0117s ir muziejus \u2013 \u0160iaur\u0117s Kor\u0117jos kariuomen\u0117s kariams, \u017euvusios kare prie\u0161 Ukrain\u0105, garbei.<\/p>\n<p class=\"western\">Remiantis vaizdais, prad\u0117jus projekt\u0105 2025 m. spalio pabaigoje, statybos darbai vyksta itin greitai: vietoje atsirado didel\u0117 darbo stovykla, o iki lapkri\u010dio vidurio buvo visi\u0161kai baigti vis\u0173 trij\u0173 dvar\u0173 pamatai, pastatyti keli auk\u0161tai, taip pat pagalbin\u0117 infrastrukt\u016bra. Toks tempas rodo, kad KLDR vald\u017eios institucijos projekt\u0105 laiko prioritetu.<\/p>\n<p>       <img decoding=\"async\" src=\"https:\/\/www.europesays.com\/lt\/wp-content\/uploads\/2025\/12\/8b127c31-15e3-456b-8c90-5b341567bcf9.jpg\" loading=\"lazy\" alt=\"Pchenjane statomi trys prabang\u016bs dvarai (palydovin\u0117 nuotrauka gruod\u017eio prad\u017eioje) \"\/>      <\/p>\n<p class=\"western\">Pchenjanas oficiali\u0173 prane\u0161im\u0173 apie galimus vizitus nepaskelb\u0117. Tuo pat metu \u201eNK News\u201c analitikai teigia, kad Rusijos prezidentas Vladimiras Putinas gali tapti vienu i\u0161 potenciali\u0173 sve\u010di\u0173, nes vis gerinami Maskvos ir Pchenjano santykiai. Paskutinis lyderi\u0173 susitikimas akis \u012f ak\u012f \u012fvyko 2025 m. rugs\u0117j\u012f per karin\u012f parad\u0105 Pekine.<\/p>\n<p class=\"western\">Kiti galimi nauj\u0173j\u0173 rezidencij\u0173 sve\u010diai yra Kinijos lyderis Xi Jinpingas ir JAV prezidentas Donaldas Trumpas. Vis\u0173 pirma, spal\u012f D. Trumpas pasi\u016bl\u0117 atvykti \u012f KLDR aptarti sankcij\u0173 klausimo, ta\u010diau Kim Jong Unas vie\u0161ai neatsak\u0117 \u012f \u0161i\u0105 iniciatyv\u0105.<\/p>\n<p class=\"western\">Naujieji dvarai savo mastu yra pana\u0161\u016bs \u012f dvi rezidencijas, pastatytas 2019 m. specialiai Xi Jinpingo vizitui. Tada Pchenjanas statybas baig\u0117 vos per keturis m\u0117nesius \u2013 nuo pamat\u0173 iki pasirengimo priimti auk\u0161to rango sve\u010di\u0105. V\u0117liau \u0161is kompleksas taip pat buvo naudojamas Rusijos pareig\u016bnams, \u012fskaitant Sergej\u0173 \u0160oigu, Andrej\u0173 Belousov\u0105 ir Dmitrij\u0173 Medvedev\u0105 2024\u20132025 m., priimti.<\/p>\n<p class=\"western\">\u201e\u0160iaur\u0117s Kor\u0117jos valstybin\u0117 \u017einiasklaida ne visada atskleid\u017eia informacij\u0105 apie auk\u0161to rango u\u017esienio pareig\u016bn\u0173 vie\u0161nages, o tai rei\u0161kia, kad sve\u010di\u0173 s\u0105ra\u0161as \u201e Kumsusan\u201c grei\u010diausiai yra ilgesnis\u201c, \u2013 sakoma leidinyje.<\/p>\n","protected":false},"excerpt":{"rendered":"Kaip pa\u017eym\u0117jo \u201eNK News\u201c analitikai, kiekvieno i\u0161 \u0161i\u0173 objekt\u0173 plotas yra apie 13 t\u016bkstan\u010di\u0173 kvadratini\u0173 metr\u0173, o palydovin\u0117s&hellip;\n","protected":false},"author":2,"featured_media":59000,"comment_status":"","ping_status":"","sticky":false,"template":"","format":"standard","meta":{"footnotes":""},"categories":[15],"tags":[25,30,31,34,35,24,32,33,37,39,36,38,40,23,22,44,28,29,528,26,27,74,75,76],"class_list":{"0":"post-58999","1":"post","2":"type-post","3":"status-publish","4":"format-standard","5":"has-post-thumbnail","7":"category-pasaulis","8":"tag-antrastes","9":"tag-breaking-news","10":"tag-breakingnews","11":"tag-featured-news","12":"tag-featurednews","13":"tag-headlines","14":"tag-latest-news","15":"tag-latestnews","16":"tag-lietuva","17":"tag-lietuviu","18":"tag-lithuania","19":"tag-lithuanian","20":"tag-lt","21":"tag-naujienos","22":"tag-news","23":"tag-pasaulis","24":"tag-populiariausios-naujienos","25":"tag-populiariausiosnaujienos","26":"tag-siaures-koreja","27":"tag-top-stories","28":"tag-topstories","29":"tag-world","30":"tag-world-news","31":"tag-worldnews"},"share_on_mastodon":{"url":"https:\/\/pubeurope.com\/@lt\/115696934929551779","error":""},"_links":{"self":[{"href":"https:\/\/www.europesays.com\/lt\/wp-json\/wp\/v2\/posts\/58999","targetHints":{"allow":["GET"]}}],"collection":[{"href":"https:\/\/www.europesays.com\/lt\/wp-json\/wp\/v2\/posts"}],"about":[{"href":"https:\/\/www.europesays.com\/lt\/wp-json\/wp\/v2\/types\/post"}],"author":[{"embeddable":true,"href":"https:\/\/www.europesays.com\/lt\/wp-json\/wp\/v2\/users\/2"}],"replies":[{"embeddable":true,"href":"https:\/\/www.europesays.com\/lt\/wp-json\/wp\/v2\/comments?post=58999"}],"version-history":[{"count":0,"href":"https:\/\/www.europesays.com\/lt\/wp-json\/wp\/v2\/posts\/58999\/revisions"}],"wp:featuredmedia":[{"embeddable":true,"href":"https:\/\/www.europesays.com\/lt\/wp-json\/wp\/v2\/media\/59000"}],"wp:attachment":[{"href":"https:\/\/www.europesays.com\/lt\/wp-json\/wp\/v2\/media?parent=58999"}],"wp:term":[{"taxonomy":"category","embeddable":true,"href":"https:\/\/www.europesays.com\/lt\/wp-json\/wp\/v2\/categories?post=58999"},{"taxonomy":"post_tag","embeddable":true,"href":"https:\/\/www.europesays.com\/lt\/wp-json\/wp\/v2\/tags?post=58999"}],"curies":[{"name":"wp","href":"https:\/\/api.w.org\/{rel}","templated":true}]}}