{"id":59038,"date":"2025-12-10T20:37:10","date_gmt":"2025-12-10T20:37:10","guid":{"rendered":"https:\/\/www.europesays.com\/lt\/59038\/"},"modified":"2025-12-10T20:37:10","modified_gmt":"2025-12-10T20:37:10","slug":"vokietijoje-apgadintas-naftos-perdirbimo-gamyklos-pck-naftotiekis","status":"publish","type":"post","link":"https:\/\/www.europesays.com\/lt\/59038\/","title":{"rendered":"Vokietijoje apgadintas naftos perdirbimo gamyklos PCK naftotiekis\u00a0"},"content":{"rendered":"<p>Skelbiama, kad d\u0117l \u0161io incidento i\u0161siliejo didelis naftos kiekis.\u00a0<\/p>\n<p>PCK naftos perdirbimo gamykla yra netoli Vokietijos ir Lenkijos sienos ir priklauso Rusijos naftos mil\u017ein\u0117s dukterinei \u012fmonei \u201eRosneft Deutschland\u201c, kuri\u0105 administruoja Berlynas.<\/p>\n<p>\u201ePCK naftotiekyje netoli Gramzovo \u012fvyko avarija, d\u0117l kurios i\u0161siliejo didelis kiekis naftos. \u012e viet\u0105 atvyko avarin\u0117s tarnybos. \u0160iuo metu negalima pateikti jokios informacijos apie avarijos prie\u017eastis ar tiksli\u0105 \u017ealos apimt\u012f\u201c, \u2013 parei\u0161k\u0117 atstovas spaudai.\u00a0<\/p>\n<p>Jis prid\u016br\u0117, kad ketvirtadienio ryt\u0105 incidento vietoje tur\u0117t\u0173 lankytis Brandenburgo \u017eem\u0117s aplinkos ministr\u0117. Skelbiama, kad vizito metu ministr\u0117 \u012fvertins padaryt\u0105 \u017eal\u0105.<\/p>\n<p>Vietos laikra\u0161tis \u201eMarkische Oderzeitung\u201c prane\u0161\u0117, kad netoli Gramzovo savivaldyb\u0117s tryk\u0161ta ma\u017edaug 10\u201312 metr\u0173 auk\u0161\u010dio naftos fontanas.<\/p>\n<p>PCK atstov\u0117 spaudai parei\u0161k\u0117, kad \u012fvykio vietoje dirba ugniagesiai ir specialus pavojing\u0173 med\u017eiag\u0173 likvidavimo padalinys.<\/p>\n<p>\u201eSvarbiausi prioritetai \u2013 vis\u0173 susijusi\u0173 asmen\u0173 saugumas ir aplinkos apsauga\u201c,\u00a0 \u2013 sak\u0117 ji.\u00a0<\/p>\n<p>\u201ePirminiais duomenimis, incident\u0105 suk\u0117l\u0117 pasirengimas rytoj numatytam dujotiekio saugos bandymui\u201c, \u2013 prid\u016br\u0117 PCK atstov\u0117 spaudai.\u00a0<\/p>\n<p>Ji prid\u016br\u0117, kad kol kas atmesta ty\u010dinio i\u0161orinio poveikio versija.<\/p>\n","protected":false},"excerpt":{"rendered":"Skelbiama, kad d\u0117l \u0161io incidento i\u0161siliejo didelis naftos kiekis.\u00a0 PCK naftos perdirbimo gamykla yra netoli Vokietijos ir Lenkijos&hellip;\n","protected":false},"author":2,"featured_media":59039,"comment_status":"","ping_status":"","sticky":false,"template":"","format":"standard","meta":{"footnotes":""},"categories":[15],"tags":[25,30,31,34,35,24,32,33,37,39,36,38,40,23,22,44,28,29,26,27,74,75,76],"class_list":{"0":"post-59038","1":"post","2":"type-post","3":"status-publish","4":"format-standard","5":"has-post-thumbnail","7":"category-pasaulis","8":"tag-antrastes","9":"tag-breaking-news","10":"tag-breakingnews","11":"tag-featured-news","12":"tag-featurednews","13":"tag-headlines","14":"tag-latest-news","15":"tag-latestnews","16":"tag-lietuva","17":"tag-lietuviu","18":"tag-lithuania","19":"tag-lithuanian","20":"tag-lt","21":"tag-naujienos","22":"tag-news","23":"tag-pasaulis","24":"tag-populiariausios-naujienos","25":"tag-populiariausiosnaujienos","26":"tag-top-stories","27":"tag-topstories","28":"tag-world","29":"tag-world-news","30":"tag-worldnews"},"share_on_mastodon":{"url":"https:\/\/pubeurope.com\/@lt\/115697198283907203","error":""},"_links":{"self":[{"href":"https:\/\/www.europesays.com\/lt\/wp-json\/wp\/v2\/posts\/59038","targetHints":{"allow":["GET"]}}],"collection":[{"href":"https:\/\/www.europesays.com\/lt\/wp-json\/wp\/v2\/posts"}],"about":[{"href":"https:\/\/www.europesays.com\/lt\/wp-json\/wp\/v2\/types\/post"}],"author":[{"embeddable":true,"href":"https:\/\/www.europesays.com\/lt\/wp-json\/wp\/v2\/users\/2"}],"replies":[{"embeddable":true,"href":"https:\/\/www.europesays.com\/lt\/wp-json\/wp\/v2\/comments?post=59038"}],"version-history":[{"count":0,"href":"https:\/\/www.europesays.com\/lt\/wp-json\/wp\/v2\/posts\/59038\/revisions"}],"wp:featuredmedia":[{"embeddable":true,"href":"https:\/\/www.europesays.com\/lt\/wp-json\/wp\/v2\/media\/59039"}],"wp:attachment":[{"href":"https:\/\/www.europesays.com\/lt\/wp-json\/wp\/v2\/media?parent=59038"}],"wp:term":[{"taxonomy":"category","embeddable":true,"href":"https:\/\/www.europesays.com\/lt\/wp-json\/wp\/v2\/categories?post=59038"},{"taxonomy":"post_tag","embeddable":true,"href":"https:\/\/www.europesays.com\/lt\/wp-json\/wp\/v2\/tags?post=59038"}],"curies":[{"name":"wp","href":"https:\/\/api.w.org\/{rel}","templated":true}]}}