{"id":59048,"date":"2025-12-10T20:49:25","date_gmt":"2025-12-10T20:49:25","guid":{"rendered":"https:\/\/www.europesays.com\/lt\/59048\/"},"modified":"2025-12-10T20:49:25","modified_gmt":"2025-12-10T20:49:25","slug":"storosios-zarnos-vezys-moteriai-issidave-neiprastu-budu-simptomai-primine-virusa","status":"publish","type":"post","link":"https:\/\/www.europesays.com\/lt\/59048\/","title":{"rendered":"Storosios \u017earnos v\u0117\u017eys moteriai i\u0161sidav\u0117 ne\u012fprastu b\u016bdu \u2013 simptomai primin\u0117 virus\u0105"},"content":{"rendered":"<p>V\u0117liau ji prad\u0117jo b\u0117gioti maratonus. Analitike dirbanti Katelyn reguliariai 4 ar 5 valand\u0105 ryto, kad prie\u0161 darb\u0105 dvi valandas gal\u0117t\u0173 skirti sportui. 2024 m. ji gavo viet\u0105 Bostono maratone. Moteris nekantriai lauk\u0117 2025 m., kai gal\u0117s sudalyvauti i\u0161skirtin\u0117je sporto \u0161vent\u0117je.<\/p>\n<p>Ta\u010diau vasar\u012f ji staiga pajuto stipr\u0173 skrand\u017eio skausm\u0105. Katelyn taip pat pasirei\u0161k\u0117 \u012f grip\u0105 pana\u0161\u016bs simptomai ir v\u0117mimas. Ji pagalvojo, kad u\u017esikr\u0117t\u0117 norovirsu, kuris tuo metu plito apylink\u0117se.<\/p>\n<p>Moters pilvas ne\u012fprastai i\u0161sip\u016bt\u0117, beveik kaip n\u0117\u0161\u010diosios. Bet ir tai Katelyn nura\u0161\u0117 norovirusui.<\/p>\n<p>Kai skausmas sustipr\u0117jo, draug\u0117s paragino j\u0105 kreiptis \u012f ligonin\u0117s skubios pagalbos skyri\u0173, o ne laukti dar vien\u0105 dien\u0105. Katelyn paklaus\u0117 j\u0173, nors man\u0117, kad blogiausiu atveju bus apendicitas.<\/p>\n<p>Po skubios operacijos, kurios metu buvo pa\u0161alinta dalis storosios \u017earnos, ji su\u017einojo, kad serga 3 stadijos storosios \u017earnos v\u0117\u017eiu, kuris i\u0161plito \u012f pilv\u0105.<\/p>\n<p>Pasak Katelyn, \u0161iurpi\u0105 \u017eini\u0105 priimti pad\u0117jo sportinink\u0117s filosofija: \u201eEsu \u017emogus, kuris \u017ei\u016bri tik \u012f ateit\u012f. Paverkiau apie 30 sekund\u017ei\u0173. Tada pa\u017evelgiau \u012f gydytoj\u0105 ir paklausiau: \u201eKoks planas? K\u0105 darysime?\u201c<\/p>\n<p>Auglys augo tyliai<\/p>\n<p>Katelyn prisimin\u0117, kad skubiosios pagalbos gydytojai nebuvo link\u0119 rimtai vertinti jos negalavim\u0173. Ta\u010diau moteris myg\u0117 juos, kad gerai toleruoja skausm\u0105 ir \u012f medikus nesikreipt\u0173, jei tikrai neb\u016bt\u0173 blogai.<\/p>\n<p>Gal\u0173 gale jai buvo atliktas magnetinio rezonanso tomografijos (MRT) tyrimas \u2013 nuotraukoje pasimat\u0117 nema\u017eas auglys storojoje \u017earnoje.<\/p>\n<p>Katelyn nedelsiant atlikta kolostomija, kurios metu buvo pa\u0161alinta tre\u010ddalis storosios \u017earnos ir \u012fd\u0117ti kolostomijos mai\u0161eliai. \u201eBuvau tokia sukr\u0117sta ir nesupratau, kas vyksta aplink\u201c, \u2013 sak\u0117 Katelyn.<\/p>\n<p>Po 10 dien\u0173 ji su\u017einojo tiksli\u0105 diagnoz\u0119. Gydytojo nuomone, piktybinis navikas augo apie de\u0161imtmet\u012f.<\/p>\n<p>\u201eKaip a\u0161 gal\u0117jau b\u0117gti maratonus? Kaip a\u0161 gal\u0117jau sportuoti su augliu skrandyje?\u201c, \u2013 steb\u0117josi Katelyn.<\/p>\n<p>I\u0161moko nesig\u0117dyti operacijos pasekmi\u0173 <\/p>\n<p>Po operacijos pra\u0117jus kelioms savait\u0117ms, Katelyn prad\u0117jo chemoterapijos gydym\u0105. I\u0161 prad\u017ei\u0173 ji i\u0161laik\u0117 pozityvum\u0105: namuose prikabino plakat\u0173 su optimistiniais u\u017era\u0161ais.<\/p>\n<p>Ta\u010diau \u0117m\u0117 slinkti plaukai, dingo skonio poj\u016btis, i\u0161sivyst\u0117 neuropatija \u2013 moteris prarado jautrum\u0105 rankose ir kojose. Tada ji pajuto, kad v\u0117\u017eys nebus dar vienas gyvenimo nuotykis.<\/p>\n<p>Katelyn sunku buvo priimti ir tai, kad gydymas i\u0161mu\u0161\u0117 i\u0161 \u012fprasto treniruo\u010di\u0173 ritmo. Sunkum\u0173 kilnojimus ir ilgas treniruotes pakeit\u0117 pasivaik\u0161\u010diojimas lauke ir 5 kilometr\u0173 krosas.<\/p>\n<p>Did\u017eiausia kli\u016btis buvo kolostomijos mai\u0161elis \u2013 jame kaup\u0117si \u0161alutiniai organizmo reakcij\u0173 produktai po operacijos negal\u0117j\u0119 pasi\u0161alinti anatomi\u0161kai \u012fprastu b\u016bdu. Ta\u010diau Katelyn pabendravo su kitais pacientais ir ties juosmeniu pritvirtint\u0105 mai\u0161el\u012f \u0117m\u0117 matyti kaip normal\u0173 dalyk\u0105.<\/p>\n<p>\u201eEidavau \u012f basein\u0105 arba sporto sal\u0117je pakeldavau mar\u0161kin\u0117lius ir leisdavau \u017emon\u0117ms \u017einoti, kad turiu mai\u0161el\u012f, o tai, manau, pad\u0117jo man \u012fgyti pasitik\u0117jimo\u201c, \u2013 sak\u0117 ji.<\/p>\n<p>V\u0117l b\u0117gs maraton\u0105<\/p>\n<p>Po septyni\u0173 m\u0117nesi\u0173 gydymo Katelyn pasiek\u0117 remisij\u0105. Lapkrit\u012f jai buvo atlikta kolostomijos atstatymo operacija, gydytojai dar sud\u0117lios grafik\u0105, kaip da\u017enai jai reik\u0117s kolonoskopijos. D\u0117l viso pikto \u2013 patikrinti ar v\u0117\u017eys neatsinaujino.<\/p>\n<p>Gydytojai tuoj oficialiai leis sportuoti \u2013 Katelyn nekantrauja gr\u012f\u017eti prie savo senosios rutinos.<\/p>\n<p>2026 m. ji planuoja dalyvauti trijuose maratonuose ir tikisi parodyti laik\u0105, kuris v\u0117l garantuot\u0173 viet\u0105 Bostono maratone.<\/p>\n<p>Ji ypa\u010d d\u017eiaugiasi d\u0117l gegu\u017e\u0117s m\u0117nes\u012f vyksian\u010dio Klyvlendo maratono. Katelyn b\u0117gs kaip v\u0117\u017eio paramos grup\u0117s komandos kapiton\u0117. \u201eMan patinka ginti kit\u0173 interesus, bendrauti su \u017emon\u0117mis\u201c, \u2013 sak\u0117 ji. \u201eA\u0161 visada tai m\u0117gau, tik anks\u010diau tr\u016bko pasitik\u0117jimo savimi.\u201c<\/p>\n<p>Moteris mano, kad akistata su liga jai suteik\u0117 nema\u017eai gero.<\/p>\n<p>\u201e\u017dmon\u0117s mano, kad esu pami\u0161usi. Bet tikiu, kad tai buvo vienas i\u0161 geriausi\u0173 man nutikusi\u0173 dalyk\u0173. \u0160ios patirties nemainy\u010diau \u012f niek\u0105\u201c \u2013 patikino Katelyn.<\/p>\n<p>Parengta pagal \u201eBusiness Insider\u201c inf.<\/p>\n","protected":false},"excerpt":{"rendered":"V\u0117liau ji prad\u0117jo b\u0117gioti maratonus. Analitike dirbanti Katelyn reguliariai 4 ar 5 valand\u0105 ryto, kad prie\u0161 darb\u0105 dvi&hellip;\n","protected":false},"author":2,"featured_media":59049,"comment_status":"","ping_status":"","sticky":false,"template":"","format":"standard","meta":{"footnotes":""},"categories":[15],"tags":[25,30,31,34,35,24,32,33,37,39,36,38,40,23,22,44,28,29,26,27,74,75,76],"class_list":{"0":"post-59048","1":"post","2":"type-post","3":"status-publish","4":"format-standard","5":"has-post-thumbnail","7":"category-pasaulis","8":"tag-antrastes","9":"tag-breaking-news","10":"tag-breakingnews","11":"tag-featured-news","12":"tag-featurednews","13":"tag-headlines","14":"tag-latest-news","15":"tag-latestnews","16":"tag-lietuva","17":"tag-lietuviu","18":"tag-lithuania","19":"tag-lithuanian","20":"tag-lt","21":"tag-naujienos","22":"tag-news","23":"tag-pasaulis","24":"tag-populiariausios-naujienos","25":"tag-populiariausiosnaujienos","26":"tag-top-stories","27":"tag-topstories","28":"tag-world","29":"tag-world-news","30":"tag-worldnews"},"share_on_mastodon":{"url":"https:\/\/pubeurope.com\/@lt\/115697245451175242","error":""},"_links":{"self":[{"href":"https:\/\/www.europesays.com\/lt\/wp-json\/wp\/v2\/posts\/59048","targetHints":{"allow":["GET"]}}],"collection":[{"href":"https:\/\/www.europesays.com\/lt\/wp-json\/wp\/v2\/posts"}],"about":[{"href":"https:\/\/www.europesays.com\/lt\/wp-json\/wp\/v2\/types\/post"}],"author":[{"embeddable":true,"href":"https:\/\/www.europesays.com\/lt\/wp-json\/wp\/v2\/users\/2"}],"replies":[{"embeddable":true,"href":"https:\/\/www.europesays.com\/lt\/wp-json\/wp\/v2\/comments?post=59048"}],"version-history":[{"count":0,"href":"https:\/\/www.europesays.com\/lt\/wp-json\/wp\/v2\/posts\/59048\/revisions"}],"wp:featuredmedia":[{"embeddable":true,"href":"https:\/\/www.europesays.com\/lt\/wp-json\/wp\/v2\/media\/59049"}],"wp:attachment":[{"href":"https:\/\/www.europesays.com\/lt\/wp-json\/wp\/v2\/media?parent=59048"}],"wp:term":[{"taxonomy":"category","embeddable":true,"href":"https:\/\/www.europesays.com\/lt\/wp-json\/wp\/v2\/categories?post=59048"},{"taxonomy":"post_tag","embeddable":true,"href":"https:\/\/www.europesays.com\/lt\/wp-json\/wp\/v2\/tags?post=59048"}],"curies":[{"name":"wp","href":"https:\/\/api.w.org\/{rel}","templated":true}]}}