{"id":59426,"date":"2025-12-11T11:26:13","date_gmt":"2025-12-11T11:26:13","guid":{"rendered":"https:\/\/www.europesays.com\/lt\/59426\/"},"modified":"2025-12-11T11:26:13","modified_gmt":"2025-12-11T11:26:13","slug":"latvijos-smartlynx-airlines-pateike-teismui-bankroto-paskelbimo-pareiskima","status":"publish","type":"post","link":"https:\/\/www.europesays.com\/lt\/59426\/","title":{"rendered":"Latvijos \u201eSmartLynx Airlines\u201c pateik\u0117 teismui bankroto paskelbimo parei\u0161kim\u0105"},"content":{"rendered":"<p class=\"content-paragraph\">Edvinas Demenius, \u201eSmartLynx Airlines\u201c generalinis direktorius, paai\u0161kino, jog bendrov\u0117 planavo savo restrukt\u016brizavimo plan\u0105 \u012fgyvendinti iki \u0161i\u0173 met\u0173 gruod\u017eio 15-osios,\u00a0pasi\u016blydama kreditoriams akcij\u0173 paket\u0105 ir atlikdama atsiskaitymus per nustatyt\u0105 laikotarp\u012f, bet \u201eklaidinga ir klaidinanti informacija i\u0161 \u012fvairi\u0173 suinteresuot\u0173j\u0173 \u0161ali\u0173\u201c l\u0117m\u0117 orlaivi\u0173 ir klient\u0173 sutar\u010di\u0173 praradim\u0105.<\/p>\n<p class=\"content-paragraph\">\u201eTod\u0117l bendrov\u0117 nebesieks teisin\u0117s apsaugos ir pateik\u0117 parei\u0161kim\u0105 d\u0117l bankroto\u201c, \u2013 prid\u016br\u0117 E. Demenius.<\/p>\n<p class=\"content-paragraph\">Jis pripa\u017eino, kad veikl\u0105 lapkri\u010dio 24-\u0105j\u0105 nutraukusios \u201eSmartLynx Airlines\u201c \u012fsipareigojimai daugiau kaip 700 kreditori\u0173 siekia ma\u017edaug 238 mln. Eur, i\u0161 kuri\u0173 170 mln. Eur \u2013 skolos ankstesnei savininkei \u201eAvia Solutions Group\u201c.<\/p>\n<p class=\"content-paragraph\">Rygos apylink\u0117s teismas spalio pabaigoje \u0161iai bendrovei <a href=\"https:\/\/www.vz.lt\/logistika-ir-transportas\/2025\/10\/31\/latvijos-smartlynx-airlines-siekia-teisines-apsaugos-nuo-kreditoriu-575146\" rel=\"nofollow noopener\" target=\"_blank\">i\u0161k\u0117l\u0117 teisin\u0117s apsaugos byl\u0105<\/a>, nurod\u0117 su jos kreditoriais suderint\u0105 teisin\u0117s apsaugos plan\u0105 pateikti iki vasario pabaigos.<\/p>\n<p class=\"content-paragraph\">Anks\u010diau spal\u012f pasikeit\u0117 \u201eSmartLynx Airlines\u201c savininkai \u2013 90% akcij\u0173 per\u0117m\u0117 Nyderland\u0173 \u201eStichting Break Point Distressed Assets Management\u201c, o po 5% \u2013 Lietuvos pilie\u010diai Mindaugas Kazakevi\u010dius ir E. Demenius, kurie yra bendrov\u0117s valdybos nariai.<\/p>\n<p class=\"content-paragraph\">Prie\u0161 tai vienintel\u0117 bendrov\u0117s savinink\u0117 buvo \u201eSmart Aviation Holding LLC\u201c, priklausanti \u201eAvia Solutions Group\u201c, kurios tikrasis savininkas yra G. \u017diemelis.<\/p>\n<p class=\"author-disclaimer\">Naujien\u0173 agent\u016bros BNS informacij\u0105 atgaminti visuomen\u0117s informavimo priemon\u0117se bei interneto tinklalapiuose be ra\u0161ti\u0161ko UAB BNS sutikimo draud\u017eiama.<\/p>\n","protected":false},"excerpt":{"rendered":"Edvinas Demenius, \u201eSmartLynx Airlines\u201c generalinis direktorius, paai\u0161kino, jog bendrov\u0117 planavo savo restrukt\u016brizavimo plan\u0105 \u012fgyvendinti iki \u0161i\u0173 met\u0173 gruod\u017eio&hellip;\n","protected":false},"author":2,"featured_media":59427,"comment_status":"","ping_status":"","sticky":false,"template":"","format":"standard","meta":{"footnotes":""},"categories":[17],"tags":[81,37,39,36,38,40,46],"class_list":{"0":"post-59426","1":"post","2":"type-post","3":"status-publish","4":"format-standard","5":"has-post-thumbnail","7":"category-verslas","8":"tag-business","9":"tag-lietuva","10":"tag-lietuviu","11":"tag-lithuania","12":"tag-lithuanian","13":"tag-lt","14":"tag-verslas"},"share_on_mastodon":{"url":"https:\/\/pubeurope.com\/@lt\/115700693935681518","error":""},"_links":{"self":[{"href":"https:\/\/www.europesays.com\/lt\/wp-json\/wp\/v2\/posts\/59426","targetHints":{"allow":["GET"]}}],"collection":[{"href":"https:\/\/www.europesays.com\/lt\/wp-json\/wp\/v2\/posts"}],"about":[{"href":"https:\/\/www.europesays.com\/lt\/wp-json\/wp\/v2\/types\/post"}],"author":[{"embeddable":true,"href":"https:\/\/www.europesays.com\/lt\/wp-json\/wp\/v2\/users\/2"}],"replies":[{"embeddable":true,"href":"https:\/\/www.europesays.com\/lt\/wp-json\/wp\/v2\/comments?post=59426"}],"version-history":[{"count":0,"href":"https:\/\/www.europesays.com\/lt\/wp-json\/wp\/v2\/posts\/59426\/revisions"}],"wp:featuredmedia":[{"embeddable":true,"href":"https:\/\/www.europesays.com\/lt\/wp-json\/wp\/v2\/media\/59427"}],"wp:attachment":[{"href":"https:\/\/www.europesays.com\/lt\/wp-json\/wp\/v2\/media?parent=59426"}],"wp:term":[{"taxonomy":"category","embeddable":true,"href":"https:\/\/www.europesays.com\/lt\/wp-json\/wp\/v2\/categories?post=59426"},{"taxonomy":"post_tag","embeddable":true,"href":"https:\/\/www.europesays.com\/lt\/wp-json\/wp\/v2\/tags?post=59426"}],"curies":[{"name":"wp","href":"https:\/\/api.w.org\/{rel}","templated":true}]}}