{"id":59493,"date":"2025-12-11T12:56:19","date_gmt":"2025-12-11T12:56:19","guid":{"rendered":"https:\/\/www.europesays.com\/lt\/59493\/"},"modified":"2025-12-11T12:56:19","modified_gmt":"2025-12-11T12:56:19","slug":"akola-group-suplanavo-13-mln-euru-investicijas-i-modernizavima-pletra-verslas","status":"publish","type":"post","link":"https:\/\/www.europesays.com\/lt\/59493\/","title":{"rendered":"\u201eAkola group\u201c suplanavo 13 mln. eur\u0173 investicijas \u012f modernizavim\u0105, pl\u0117tr\u0105 | Verslas"},"content":{"rendered":"<p>Did\u017eiausi projektai numatyti Vilniaus pauk\u0161tyne, kur jau prad\u0117tas gamybos modernizavimas. \u0160vie\u017eios m\u0117sos ceche atnaujinama \u012franga ir diegiami dirbtiniu intelektu paremti skerdenos paruo\u0161imo sprendimai, prane\u0161\u0117 grup\u0117.<\/p>\n<p>\u201e2024\u20132025 finansiniais metais pauk\u0161tininkyst\u0117s verslo pardavim\u0173 pajamos Lietuvoje ir Latvijoje pasiek\u0117 325 mln. eur\u0173, bendrasis pelnas \u2013 69 mln. eur\u0173. Per metus abiejose \u0161alyse u\u017eauginome daugiau kaip 120 t\u016bkst. ton\u0173 gyvo svorio pauk\u0161tienos ir pardav\u0117me 108 t\u016bkst. ton\u0173 produkcijos. \u0160ie rezultatai atspindi augant\u012f veiklos mast\u0105 ir efektyvum\u0105\u201c, \u2013 prane\u0161ime sak\u0117 \u201eAkola group\u201c valdybos pirmininko pavaduotojas Andrius Pranckevi\u010dius.<\/p>\n","protected":false},"excerpt":{"rendered":"Did\u017eiausi projektai numatyti Vilniaus pauk\u0161tyne, kur jau prad\u0117tas gamybos modernizavimas. \u0160vie\u017eios m\u0117sos ceche atnaujinama \u012franga ir diegiami dirbtiniu&hellip;\n","protected":false},"author":2,"featured_media":59494,"comment_status":"","ping_status":"","sticky":false,"template":"","format":"standard","meta":{"footnotes":""},"categories":[17],"tags":[81,37,39,36,38,40,46],"class_list":{"0":"post-59493","1":"post","2":"type-post","3":"status-publish","4":"format-standard","5":"has-post-thumbnail","7":"category-verslas","8":"tag-business","9":"tag-lietuva","10":"tag-lietuviu","11":"tag-lithuania","12":"tag-lithuanian","13":"tag-lt","14":"tag-verslas"},"share_on_mastodon":{"url":"https:\/\/pubeurope.com\/@lt\/115701047784184658","error":""},"_links":{"self":[{"href":"https:\/\/www.europesays.com\/lt\/wp-json\/wp\/v2\/posts\/59493","targetHints":{"allow":["GET"]}}],"collection":[{"href":"https:\/\/www.europesays.com\/lt\/wp-json\/wp\/v2\/posts"}],"about":[{"href":"https:\/\/www.europesays.com\/lt\/wp-json\/wp\/v2\/types\/post"}],"author":[{"embeddable":true,"href":"https:\/\/www.europesays.com\/lt\/wp-json\/wp\/v2\/users\/2"}],"replies":[{"embeddable":true,"href":"https:\/\/www.europesays.com\/lt\/wp-json\/wp\/v2\/comments?post=59493"}],"version-history":[{"count":0,"href":"https:\/\/www.europesays.com\/lt\/wp-json\/wp\/v2\/posts\/59493\/revisions"}],"wp:featuredmedia":[{"embeddable":true,"href":"https:\/\/www.europesays.com\/lt\/wp-json\/wp\/v2\/media\/59494"}],"wp:attachment":[{"href":"https:\/\/www.europesays.com\/lt\/wp-json\/wp\/v2\/media?parent=59493"}],"wp:term":[{"taxonomy":"category","embeddable":true,"href":"https:\/\/www.europesays.com\/lt\/wp-json\/wp\/v2\/categories?post=59493"},{"taxonomy":"post_tag","embeddable":true,"href":"https:\/\/www.europesays.com\/lt\/wp-json\/wp\/v2\/tags?post=59493"}],"curies":[{"name":"wp","href":"https:\/\/api.w.org\/{rel}","templated":true}]}}