{"id":59726,"date":"2025-12-11T18:09:18","date_gmt":"2025-12-11T18:09:18","guid":{"rendered":"https:\/\/www.europesays.com\/lt\/59726\/"},"modified":"2025-12-11T18:09:18","modified_gmt":"2025-12-11T18:09:18","slug":"ukraina-vel-atakavo-tanklaivi-juodojoje-juroje-respublika-lt","status":"publish","type":"post","link":"https:\/\/www.europesays.com\/lt\/59726\/","title":{"rendered":"Ukraina v\u0117l atakavo tanklaiv\u012f Juodojoje j\u016broje &#8211; Respublika.lt"},"content":{"rendered":"<p><img loading=\"lazy\" decoding=\"async\" src=\"https:\/\/www.respublika.lt\/lt\/naujienos\/pasaulis\/kitos_pasaulio_naujienos\/ukraina-vel-atakavo-tanklaivi-juodojoje-juroje\/images\/ico_camera_white.gif\" class=\"camera\" width=\"22\" height=\"15\" alt=\"nuotr.\" style=\"position:relative; top:-2px; right:2px;\"\/> 1 nuotr.<\/p>\n<p>Socialinio tinklo nuotr.<\/p>\n<p style=\"text-align: left;\">Ukraina, anot \u017einiasklaidos, v\u0117l atakavo tanklaiv\u012f Juodojoje j\u016broje \u2013 buvo panaudotas j\u016brinis dronas \u201eSea Baby\u201c.<\/p>\n<p style=\"text-align: justify;\" class=\"desktop_banner\">\u00a0<\/p>\n<p style=\"text-align: left;\">Apie tai prane\u0161\u0117 kelios Ukrainos \u017einiasklaidos priemon\u0117s, nurodydamos \u012f \u017evalgybos \u0161altinius.<\/p>\n<p style=\"text-align: left;\">Ukrainos atakuotas laivas, \u0161iais duomenimis, priklaus\u0117 Rusijos \u0161e\u0161\u0117liniam laivynui ir su Komor\u0173 v\u0117liava plauk\u0117 \u012f Rusijos Juodosios j\u016bros Novorosijsko uost\u0105.<\/p>\n<p style=\"text-align: left;\">Jis su i\u0161jungtu transponderiu, kuriuo, be kita ko, perduoda laivo buvimo vieta, buvo Ukrainos i\u0161skirtin\u0117je ekonomin\u0117je zonoje, teigiama \u017einiasklaidos prane\u0161imuose.\u00a0<\/p>\n<p style=\"text-align: left;\">Pastaruoju metu Juodojoje j\u016broje b\u016bta incident\u0173, kai atakuoti prekybos laivai.<\/p>\n<p style=\"text-align: left;\">Turkijos prezidentas Recepas Tayyipas Erdoganas atakas prie\u0161 prekybos laivus gruod\u017eio prad\u017eioje pavadino \u201enerim\u0105 kelian\u010dia\u201c Rusijos ir Ukrainos karo eskalacija.<\/p>\n<p style=\"text-align: left;\">Ukrainos \u017einiasklaida, remdamasi Ukrainos \u017evalgyba SBU, tada po sprogim\u0173 dvejuose tu\u0161\u010diuose naftos tanklaiviuose Juodojoje j\u016broje prane\u0161\u0117, kad Kijevas atakoms panaudojo j\u016brinius dronus \u201eSea Baby\u201c.\u00a0<\/p>\n<p style=\"text-align: left;\">Rusijos prezidentas Vladmiras Putinas d\u0117l atak\u0173 apkaltino Ukrain\u0105 \u00a0ir pagrasino gie\u017eta reakcija.<\/p>\n<p style=\"text-align: left;\">\u00a0<\/p>\n<p>Patiko straipsnis? Leisk mums apie tai su\u017einoti. Nepamir\u0161k pasidalinti Facebook! <\/p>\n<p><img loading=\"lazy\" decoding=\"async\" class=\"p2_social_circle_icon\" src=\"https:\/\/www.respublika.lt\/images\/thumbs_up.svg\" width=\"21\" height=\"22\" alt=\"L\"\/><\/p>\n<p><img loading=\"lazy\" decoding=\"async\" class=\"p2_social_circle_icon\" src=\"https:\/\/www.respublika.lt\/images\/facebook.svg\" alt=\"F\" width=\"22\" height=\"22\" style=\"filter: invert(37%) sepia(55%) saturate(2351%) hue-rotate(187deg) brightness(102%) contrast(106%);\"\/><\/p>\n<p>&#13;<br \/>\n\tNesutinkate &#8211; diskutuokime!<br \/>&#13;<br \/>\n\tNepykite komentatoriai, bet komentarai su keiksma\u017eod\u017eiais bus \u0161alinami automati\u0161kai, be atsipra\u0161ymo.\n    <\/p>\n<p>&#13;<br \/>\n              Respublika.lt pasilieka teis\u0119 pa\u0161alinti nekult\u016bringus, keiksma\u017eod\u017eiais pagardintus, su tema nesusijusius, kito asmens vardu pasira\u0161ytus, \u012fstatymus pa\u017eeid\u017eian\u010dius, \u0161lam\u0161t\u0105 reklamuojan\u010dius ar nusikalsti kurstan\u010dius komentarus. Jei kurstysite smurt\u0105, rasin\u0119, tautin\u0119, religin\u0119 ar kitokio pob\u016bd\u017eio neapykant\u0105, \u017evirbliu i\u0161skrid\u0119 j\u016bs\u0173 \u017eod\u017eiai gr\u012f\u017edami gali virsti ton\u0105 sverian\u010diu jau\u010diu &#8211; specialiosioms Lietuvos tarnyboms pareikalavus suteiksime j\u016bs\u0173 duomenis.\n            <\/p>\n","protected":false},"excerpt":{"rendered":"1 nuotr. Socialinio tinklo nuotr. Ukraina, anot \u017einiasklaidos, v\u0117l atakavo tanklaiv\u012f Juodojoje j\u016broje \u2013 buvo panaudotas j\u016brinis dronas&hellip;\n","protected":false},"author":2,"featured_media":59727,"comment_status":"","ping_status":"","sticky":false,"template":"","format":"standard","meta":{"footnotes":""},"categories":[15],"tags":[25,30,31,34,35,24,10233,2284,32,33,37,39,36,38,40,23,22,44,28,29,119,728,26,27,360,74,75,76],"class_list":{"0":"post-59726","1":"post","2":"type-post","3":"status-publish","4":"format-standard","5":"has-post-thumbnail","7":"category-pasaulis","8":"tag-antrastes","9":"tag-breaking-news","10":"tag-breakingnews","11":"tag-featured-news","12":"tag-featurednews","13":"tag-headlines","14":"tag-juodoji","15":"tag-jura","16":"tag-latest-news","17":"tag-latestnews","18":"tag-lietuva","19":"tag-lietuviu","20":"tag-lithuania","21":"tag-lithuanian","22":"tag-lt","23":"tag-naujienos","24":"tag-news","25":"tag-pasaulis","26":"tag-populiariausios-naujienos","27":"tag-populiariausiosnaujienos","28":"tag-rusija","29":"tag-tanklaivis","30":"tag-top-stories","31":"tag-topstories","32":"tag-ukraina","33":"tag-world","34":"tag-world-news","35":"tag-worldnews"},"share_on_mastodon":{"url":"https:\/\/pubeurope.com\/@lt\/115702278938741430","error":""},"_links":{"self":[{"href":"https:\/\/www.europesays.com\/lt\/wp-json\/wp\/v2\/posts\/59726","targetHints":{"allow":["GET"]}}],"collection":[{"href":"https:\/\/www.europesays.com\/lt\/wp-json\/wp\/v2\/posts"}],"about":[{"href":"https:\/\/www.europesays.com\/lt\/wp-json\/wp\/v2\/types\/post"}],"author":[{"embeddable":true,"href":"https:\/\/www.europesays.com\/lt\/wp-json\/wp\/v2\/users\/2"}],"replies":[{"embeddable":true,"href":"https:\/\/www.europesays.com\/lt\/wp-json\/wp\/v2\/comments?post=59726"}],"version-history":[{"count":0,"href":"https:\/\/www.europesays.com\/lt\/wp-json\/wp\/v2\/posts\/59726\/revisions"}],"wp:featuredmedia":[{"embeddable":true,"href":"https:\/\/www.europesays.com\/lt\/wp-json\/wp\/v2\/media\/59727"}],"wp:attachment":[{"href":"https:\/\/www.europesays.com\/lt\/wp-json\/wp\/v2\/media?parent=59726"}],"wp:term":[{"taxonomy":"category","embeddable":true,"href":"https:\/\/www.europesays.com\/lt\/wp-json\/wp\/v2\/categories?post=59726"},{"taxonomy":"post_tag","embeddable":true,"href":"https:\/\/www.europesays.com\/lt\/wp-json\/wp\/v2\/tags?post=59726"}],"curies":[{"name":"wp","href":"https:\/\/api.w.org\/{rel}","templated":true}]}}