{"id":59821,"date":"2025-12-11T20:58:18","date_gmt":"2025-12-11T20:58:18","guid":{"rendered":"https:\/\/www.europesays.com\/lt\/59821\/"},"modified":"2025-12-11T20:58:18","modified_gmt":"2025-12-11T20:58:18","slug":"olekas-apie-galimus-procedurinius-pazeidimus-teikiant-lrt-pataisas-atsakys-etikos-komisija","status":"publish","type":"post","link":"https:\/\/www.europesays.com\/lt\/59821\/","title":{"rendered":"Olekas apie galimus proced\u016brinius pa\u017eeidimus teikiant LRT pataisas: atsakys etikos komisija"},"content":{"rendered":"<p>\u201eJeigu toki\u0173 buvo \u2013 yra etikos komisija ir tur\u0117sime atsakym\u0105. Man sunku vertinti. \u010cia turb\u016bt did\u017eiausias klausimas yra registracijos laikas ir eiga toliau. Palikime t\u0105 etikos komisijai, kuri turi t\u0105 kompetencij\u0105\u201c, \u2013 \u017eurnalistams Seime teig\u0117 J. Olekas. <\/p>\n<p>\u201eJeigu bus proced\u016brinis pa\u017eeidimas, tai gr\u012f\u0161ime \u012f t\u0105 stadij\u0105 iki proced\u016brinio pa\u017eeidimo ir toliau darbuosim\u0117s. Ne\u017einau, ar b\u016bt\u0173 d\u0117l pateikimo i\u0161 naujo, ar d\u0117l ekspertinio vertinimo\u201c, \u2013 pabr\u0117\u017e\u0117 jis. <\/p>\n<p>Buv\u0119s kult\u016bros ministras, socialdemokratas \u0160ar\u016bnas Birutis pasi\u016bl\u0117 Seimui spr\u0119sti \u0161\u012f klausim\u0105 skubos tvarka. Nors \u0161\u012f si\u016blym\u0105 lyd\u0117jo opozicijos pasipiktinimas ir \u0161\u016bksniai \u201eg\u0117da\u201c, parlamento dauguma pritar\u0117 taikyti skub\u0105 \u2013 u\u017e tai pasisak\u0117 73 Seimo nariai, 37 balsavo prie\u0161, 1 susilaik\u0117.<\/p>\n<p>Tiesa, dar iki \u0160. Biru\u010diui pra\u0161ant skubos tvarkos, opozicijos nariai prane\u0161\u0117 surink\u0119 para\u0161us d\u0117l ekspertinio \u012fstatymo projekto vertinimo. Vis tik, pirmiau Seimui teiktas si\u016blymas pritaikyti skubos tvark\u0105. Tvirtindami, jog pos\u0117d\u017eiui pirmininkav\u0119s Raimondas \u0160ukys galimai nepais\u0117 Seimo statuto norm\u0173, opozicijos atstovai paliko plenarini\u0173 pos\u0117d\u017ei\u0173 sal\u0119.<\/p>\n<p>Tuo metu pats skubos tvarkos taikym\u0105 palaik\u0119s J. Olekas tikina, kad tokiu b\u016bdu siekiama grei\u010diau i\u0161spr\u0119sti \u0161\u012f klausim\u0105. Pasak jo, kitu atveju gali tekti prat\u0119sti Seimo rudens sesij\u0105. <\/p>\n<p>\u201eA\u0161 manau, kad reikia, kad mes gal\u0117tume svarstyti t\u0105 klausim\u0105 ir tur\u0117ti koki\u0105 tai pozicij\u0105, ai\u0161kesn\u012f atsakym\u0105. Dabar, kada yra pateiktas \u012fstatymo projektas, kuriam net ir patys autoriai nepritaria \u2013 tokia situacija kelia papildomas \u012ftampas ir reikia tur\u0117ti ai\u0161kesn\u0119 Seimo pozicij\u0105\u201c, \u2013 sak\u0117 Seimo pirmininkas. <\/p>\n<p>\u201eMatysime, jeigu bus kokie nors pa\u017eeidimai ar neatitikimai, tai sustos, lauksime ilgesnio periodo. Mes planavome, kad gruod\u017eio 23 d. pabaigsime plenarinius pos\u0117d\u017eius ir kiti sprendimai prasid\u0117s jau kovo m\u0117nes\u012f, pavasario sesijoje. Jeigu vis\u0173 klausim\u0173 nei\u0161spr\u0119sime \u2013 matyt, reik\u0117s organizuoti neeilin\u0119 sesij\u0105\u201c, \u2013 pabr\u0117\u017e\u0117 jis. <\/p>\n<p>Kiek anks\u010diau pats J. Olekas tikino nepra\u0161ysiantis \u0161io klausimo svarstyti skubos tvarka. Pastarasis teigia ne\u017einoj\u0119s apie tokius socialdemokrat\u0173 frakcijos planus. <\/p>\n<p>\u201eNe, mes nebuvome apie tai kalb\u0117j\u0119\u201c, \u2013 paklaustas, ar \u017einojo, jog frakcija pra\u0161ys \u0161iam \u012fstatymo projektui taikyti skubos tvark\u0105, teig\u0117 jis. <\/p>\n<p>\u201eA\u0161 nesu frakcijos narys, kaip \u017einote\u201c, \u2013 \u012f teigin\u012f, kad skubos tvarkos taikymo pra\u0161yta frakcijos vardu, reagavo Seimo pirmininkas. <\/p>\n<p>Kaip skelbta, ketvirtadien\u012f Seimui pateikiant valdan\u010di\u0173j\u0173 si\u016blym\u0105 supaprastinti LRT generalinio direktoriaus atleidimo tvark\u0105, plenarini\u0173 pos\u0117d\u017ei\u0173 sal\u0117je kilo chaosas. Parlamentarams susigin\u010dijus d\u0117l statutini\u0173 proced\u016br\u0173 ir tvark\u0173, Seimo opozicija paliko sal\u0119 ir tvirtina, kad negr\u012f\u0161 \u012f pos\u0117d\u017eius tol, kol nebus prad\u0117tas j\u0173 inicijuojamas LRT \u012fstatymo patais\u0173 ekspertinis vertinimas.<\/p>\n<p>Nors \u012fstatymo projektas \u012fveik\u0117 pirm\u0105j\u012f balsavim\u0105 Seime \u2013 po pateikimo jam buvo pritarta, netrukus konservatori\u0173 atstovai nuo \u0161oninio mikrofono prane\u0161\u0117 surink\u0119 para\u0161us ekspertiniam vertinimui.<\/p>\n<p>Tiesa, politik\u0173 nesutarimai d\u0117l \u012fstatymo patais\u0173 kilo dar pos\u0117d\u017eio prad\u017eioje, kai Seimo pirmininko pavaduotojas Raimondas \u0160ukys prane\u0161\u0117, jog klausimui skelbiama pusvaland\u017eio pertrauka. Savo ruo\u017etu tokia pos\u0117d\u017eio vedimo tvarka pasipiktin\u0119s liberalas Eugenijus Gentvilas prane\u0161\u0117 kreip\u0119sis \u012f Seimo Etikos ir proced\u016br\u0173 komisij\u0105. Anot jo, R. \u0160ukys prane\u0161\u0117 apie klausimo pertrauk\u0105 dar neprasid\u0117jus vakariniam Seimo pos\u0117d\u017eiui, mat nebuvo paskelbta registracija.<\/p>\n<p>Klausimas svarstymui \u012f Seimo plenarini\u0173 pos\u0117d\u017ei\u0173 sal\u0119 tur\u0117t\u0173 gr\u012f\u017eti jau kit\u0105 savait\u0119 \u2013 gruod\u017eio 16 d. Iki tol j\u012f tur\u0117s apsvarstyti Kult\u016bros komitetas.<\/p>\n<p>Kaip skelbta, tre\u010diadien\u012f valdan\u010di\u0173j\u0173 atstovai pareng\u0117 ir \u012fregistravo nauj\u0105 \u012fstatymo projekt\u0105 d\u0117l supaprastintos LRT vadovo atleidimo tvarkos. <\/p>\n<p>Skiriant ir atleid\u017eiant LRT generalin\u012f direktori\u0173 si\u016bloma numatyti slapt\u0105 balsavim\u0105. Be to, projekte numatoma, kad visuomeninio transliuotojo generalinis direktorius gal\u0117t\u0173 b\u016bti atleistas i\u0161 pareig\u0173 i\u0161rei\u0161kus nepasitik\u0117jimo d\u0117l netinkamai vykdom\u0173 funkcij\u0173 arba tarybai nepatvirtinus metin\u0117s veiklos ataskaitos. Be to, u\u017e \u0161\u012f sprendim\u0105 tur\u0117t\u0173 balsuoti daugiau nei 1\/2 tarybos nari\u0173, t. y., bent 7 ir 12. <\/p>\n<p>Projekt\u0105 kritikuojanti \u017eurnalist\u0173 bendruomen\u0117 bei opozicija tikina, kad valdan\u010di\u0173j\u0173 si\u016blomas projektas ma\u017eai kuo tesiskiria nuo anks\u010diau \u201eau\u0161rie\u010di\u0173\u201c ir jungtin\u0117s \u201evalstie\u010di\u0173\u201c frakcijos atstov\u0173 teiktos iniciatyvos. <\/p>\n<p>Ja si\u016blyta, kad visuomeninio transliuotojo taryba LRT vadov\u0105 gal\u0117t\u0173 atleisti slaptu balsavimu, ne ma\u017eiau kaip 1\/2 vis\u0173 tarybos nari\u0173 balsais bei tokio sprendimo nereikalaujant argumentuoti vie\u0161uoju interesu.<\/p>\n<p>D\u0117l inicijuot\u0173 patais\u0173 \u017eurnalist\u0173 bendruomen\u0117 organizavo protest\u0105 prie Seimo, iki \u0161iol ragina pasira\u0161yti peticij\u0105 prie\u0161 LRT politin\u012f u\u017evaldym\u0105.<\/p>\n","protected":false},"excerpt":{"rendered":"\u201eJeigu toki\u0173 buvo \u2013 yra etikos komisija ir tur\u0117sime atsakym\u0105. Man sunku vertinti. \u010cia turb\u016bt did\u017eiausias klausimas yra&hellip;\n","protected":false},"author":2,"featured_media":59822,"comment_status":"","ping_status":"","sticky":false,"template":"","format":"standard","meta":{"footnotes":""},"categories":[13],"tags":[25,30,31,34,35,24,1022,32,33,37,39,36,38,519,40,23,22,28,29,26,27],"class_list":{"0":"post-59821","1":"post","2":"type-post","3":"status-publish","4":"format-standard","5":"has-post-thumbnail","7":"category-lietuva","8":"tag-antrastes","9":"tag-breaking-news","10":"tag-breakingnews","11":"tag-featured-news","12":"tag-featurednews","13":"tag-headlines","14":"tag-juozas-olekas","15":"tag-latest-news","16":"tag-latestnews","17":"tag-lietuva","18":"tag-lietuviu","19":"tag-lithuania","20":"tag-lithuanian","21":"tag-lrt","22":"tag-lt","23":"tag-naujienos","24":"tag-news","25":"tag-populiariausios-naujienos","26":"tag-populiariausiosnaujienos","27":"tag-top-stories","28":"tag-topstories"},"share_on_mastodon":{"url":"https:\/\/pubeurope.com\/@lt\/115702943235711407","error":""},"_links":{"self":[{"href":"https:\/\/www.europesays.com\/lt\/wp-json\/wp\/v2\/posts\/59821","targetHints":{"allow":["GET"]}}],"collection":[{"href":"https:\/\/www.europesays.com\/lt\/wp-json\/wp\/v2\/posts"}],"about":[{"href":"https:\/\/www.europesays.com\/lt\/wp-json\/wp\/v2\/types\/post"}],"author":[{"embeddable":true,"href":"https:\/\/www.europesays.com\/lt\/wp-json\/wp\/v2\/users\/2"}],"replies":[{"embeddable":true,"href":"https:\/\/www.europesays.com\/lt\/wp-json\/wp\/v2\/comments?post=59821"}],"version-history":[{"count":0,"href":"https:\/\/www.europesays.com\/lt\/wp-json\/wp\/v2\/posts\/59821\/revisions"}],"wp:featuredmedia":[{"embeddable":true,"href":"https:\/\/www.europesays.com\/lt\/wp-json\/wp\/v2\/media\/59822"}],"wp:attachment":[{"href":"https:\/\/www.europesays.com\/lt\/wp-json\/wp\/v2\/media?parent=59821"}],"wp:term":[{"taxonomy":"category","embeddable":true,"href":"https:\/\/www.europesays.com\/lt\/wp-json\/wp\/v2\/categories?post=59821"},{"taxonomy":"post_tag","embeddable":true,"href":"https:\/\/www.europesays.com\/lt\/wp-json\/wp\/v2\/tags?post=59821"}],"curies":[{"name":"wp","href":"https:\/\/api.w.org\/{rel}","templated":true}]}}