{"id":60398,"date":"2025-12-12T16:04:15","date_gmt":"2025-12-12T16:04:15","guid":{"rendered":"https:\/\/www.europesays.com\/lt\/60398\/"},"modified":"2025-12-12T16:04:15","modified_gmt":"2025-12-12T16:04:15","slug":"vyriausieji-prokurorai-palaiko-grunskiene-profsajunga-pateike-tikroves-neatitinkancia-informacija-respublika","status":"publish","type":"post","link":"https:\/\/www.europesays.com\/lt\/60398\/","title":{"rendered":"Vyriausieji prokurorai palaiko Grunskien\u0119: profs\u0105junga pateik\u0117 tikrov\u0117s neatitinkan\u010di\u0105 informacij\u0105 &#8211; Respublika"},"content":{"rendered":"<ol>\n<li><a href=\"https:\/\/news.google.com\/rss\/articles\/CBMi-wFBVV95cUxNZUc4TmE1MXlMeko1LUMxTEVNY0xaaG80YUFyVjItTlQxQ0tMTGpnQW5QX2NVdUhJMG9HU0hOY0xvRzFHQWdsY2NBWERERnlQZ3lOa0p3VzlIUXhFTzc3bFJpWUREOWFRQnpJZDFkdi1XM2dHUkZydThEY3dpWll4M1dIZGN4TlhYazRNcko1Zk4xRnc4UHpuV3lDYXQySzNiZkdqZGxyY3ZxS3BJekc0bnBQeEpoRlktdXgyZGllME95aURQY2ZqSFRzZkdLOTVnNnNFMFlYb1JRZ1l4aWVBdVlmY2FVNkc2WFBYVE9HdUdoNExNRVgxOFRoWQ?oc=5\" target=\"_blank\" rel=\"nofollow noopener\">Vyriausieji prokurorai palaiko Grunskien\u0119: profs\u0105junga pateik\u0117 tikrov\u0117s neatitinkan\u010di\u0105 informacij\u0105<\/a>&nbsp;&nbsp;Respublika<\/li>\n<li><a href=\"https:\/\/news.google.com\/rss\/articles\/CBMipAFBVV95cUxNc1BYU1laM1RYb0N3d1RQdjM4YUNhdHhzU0l0M2doNkZXdGNWX2kwODZOc0xaRFB2enE5eGQ2RzY4LVlDakVHR3FkVmRaNXZtRUlueEhGeERnTndGdENhVkNhbjdMNnk3UVNMcFFqXzdzS1FZWkdubWt3OGVSMlZGZnl6ZXZJalZjU3RrdFRhWXdLV0lpd0hqdDIwZEZMSFZrWUNXYg?oc=5\" target=\"_blank\" rel=\"nofollow noopener\">\u012etakingas prokuroras stoja m\u016bru u\u017e Grunskien\u0119<\/a>&nbsp;&nbsp;15min.lt<\/li>\n<li><a href=\"https:\/\/news.google.com\/rss\/articles\/CBMijwFBVV95cUxQcmI2OWNoSGZ6YjNiWlMzMjJ4dHJjWXRjX3A5SVB0bE1SbERRS0ZWQ0wySkN0V3I0QTgyTkk0VnFEOFUwUU5KalFzQ2VmcEl6a3ZrRUJpNGRGeUNtQ1BzNHZhN0pwVmhBNnozbVg0Vzk0UU1ZcUxkbXgzc2MySFNsc0duZHFhRXpmblltU3FRWQ?oc=5\" target=\"_blank\" rel=\"nofollow noopener\">Prokurat\u016br\u0105 purto profs\u0105jungos kaltinimai<\/a>&nbsp;&nbsp;LNK<\/li>\n<li><a href=\"https:\/\/news.google.com\/rss\/articles\/CBMi0AFBVV95cUxPT3FDdjE1R2kyNl9xRlpGT01xRUZ3bl9RQy1KTXZDbUlzbU1UeFBMUlpLSk9EVHRxLUdKeTVtT3R5b3ktcjAzSG5CVFBjTTVON2M5WEtFWVctUlhmNUZlQkN3VmpTZ1lKSmhkeHJ1aUdMcUNYM0dkV0xGMUY1TjVKOVhLQU5vQ1htSEtsWWMxN0pYSVJSdHgtY2lMai05YkxkNjlTdGZNaGc1RUg4VjFzanc1RUJkbzAzNE5VaUlYYnJpbnBac0Zja0V6QVNWMUFh?oc=5\" target=\"_blank\" rel=\"nofollow noopener\">Grunskien\u0117 apie pirm\u0105j\u0105 savo kadencij\u0105: \u0161is laikotarpis buvo intensyvus ir dinami\u0161kas<\/a>&nbsp;&nbsp;Delfi<\/li>\n<li><a href=\"https:\/\/news.google.com\/rss\/articles\/CBMi9AFBVV95cUxPOTV6S0xMcGxTcGdDZ0pJTGVObl9QX19UbmNKQ1cxMU5lNEZOeWNLN3BpRUtocjl5bTZRM2ZuMXBNN1FYYnVEdVlmcFpDMUc5c2FBVVlNa3pSMDBuX3V5elQ4QmhPRk00bDBoRTh6akRpcEVFOEY1RnF2SFVrZ3l5Vk9tTmE1RG8yQjY5Y3IwaWRwR3ljT1Q3WUYzSmVEQXJQUVRWNzQ1R1JRN1ZZeHRORmVMWWFfaTZQalNZdGdRaUVHVzBKYUpXcVdMMENjTFk3QW8wVmFPakQzQW1Za1oyYkpVakdnSVo2SWtmcHBGVzRRaFlK?oc=5\" target=\"_blank\" rel=\"nofollow noopener\">N. Grunskien\u0117 nebijo, kad jos kandidat\u016brai gali b\u016bti nepritarta: \u010dia kiekvieno apsisprendimas<\/a>&nbsp;&nbsp;Lrytas<\/li>\n<\/ol>\n","protected":false},"excerpt":{"rendered":"Vyriausieji prokurorai palaiko Grunskien\u0119: profs\u0105junga pateik\u0117 tikrov\u0117s neatitinkan\u010di\u0105 informacij\u0105&nbsp;&nbsp;Respublika \u012etakingas prokuroras stoja m\u016bru u\u017e Grunskien\u0119&nbsp;&nbsp;15min.lt Prokurat\u016br\u0105 purto profs\u0105jungos&hellip;\n","protected":false},"author":2,"featured_media":59486,"comment_status":"","ping_status":"","sticky":false,"template":"","format":"standard","meta":{"footnotes":""},"categories":[13],"tags":[25,30,31,34,35,24,32,33,37,39,36,38,40,23,22,28,29,26,27],"class_list":{"0":"post-60398","1":"post","2":"type-post","3":"status-publish","4":"format-standard","5":"has-post-thumbnail","7":"category-lietuva","8":"tag-antrastes","9":"tag-breaking-news","10":"tag-breakingnews","11":"tag-featured-news","12":"tag-featurednews","13":"tag-headlines","14":"tag-latest-news","15":"tag-latestnews","16":"tag-lietuva","17":"tag-lietuviu","18":"tag-lithuania","19":"tag-lithuanian","20":"tag-lt","21":"tag-naujienos","22":"tag-news","23":"tag-populiariausios-naujienos","24":"tag-populiariausiosnaujienos","25":"tag-top-stories","26":"tag-topstories"},"share_on_mastodon":{"url":"https:\/\/pubeurope.com\/@lt\/115707449370361861","error":""},"_links":{"self":[{"href":"https:\/\/www.europesays.com\/lt\/wp-json\/wp\/v2\/posts\/60398","targetHints":{"allow":["GET"]}}],"collection":[{"href":"https:\/\/www.europesays.com\/lt\/wp-json\/wp\/v2\/posts"}],"about":[{"href":"https:\/\/www.europesays.com\/lt\/wp-json\/wp\/v2\/types\/post"}],"author":[{"embeddable":true,"href":"https:\/\/www.europesays.com\/lt\/wp-json\/wp\/v2\/users\/2"}],"replies":[{"embeddable":true,"href":"https:\/\/www.europesays.com\/lt\/wp-json\/wp\/v2\/comments?post=60398"}],"version-history":[{"count":0,"href":"https:\/\/www.europesays.com\/lt\/wp-json\/wp\/v2\/posts\/60398\/revisions"}],"wp:featuredmedia":[{"embeddable":true,"href":"https:\/\/www.europesays.com\/lt\/wp-json\/wp\/v2\/media\/59486"}],"wp:attachment":[{"href":"https:\/\/www.europesays.com\/lt\/wp-json\/wp\/v2\/media?parent=60398"}],"wp:term":[{"taxonomy":"category","embeddable":true,"href":"https:\/\/www.europesays.com\/lt\/wp-json\/wp\/v2\/categories?post=60398"},{"taxonomy":"post_tag","embeddable":true,"href":"https:\/\/www.europesays.com\/lt\/wp-json\/wp\/v2\/tags?post=60398"}],"curies":[{"name":"wp","href":"https:\/\/api.w.org\/{rel}","templated":true}]}}