{"id":60557,"date":"2025-12-12T20:19:28","date_gmt":"2025-12-12T20:19:28","guid":{"rendered":"https:\/\/www.europesays.com\/lt\/60557\/"},"modified":"2025-12-12T20:19:28","modified_gmt":"2025-12-12T20:19:28","slug":"pataikuniska-gesta-trumpui-sunku-bus-nustelbti-delfi","status":"publish","type":"post","link":"https:\/\/www.europesays.com\/lt\/60557\/","title":{"rendered":"Pataik\u016bni\u0161k\u0105 gest\u0105 Trumpui sunku bus nustelbti &#8211; Delfi"},"content":{"rendered":"<ol>\n<li><a href=\"https:\/\/news.google.com\/rss\/articles\/CBMingFBVV95cUxOTFJZaDNOdDUya0VFbWtSU1NudkkxSjM0RXFEczgxMW9nZExQZ1ppMktfb0o2RUY2UmMzWlVuVkhnVWdiZURvMm5NX0tmNGVyMFFMQXRvRGZBRUFrcVlEdjRmQWdYbERZWlF3NDJaMUVHZGZPcWxyQ2VIV2Y1VXFMakh5YXRMTjhvbFVTcmNsOFBpdWViWVBlTDFzQlhPQQ?oc=5\" target=\"_blank\" rel=\"nofollow noopener\">Pataik\u016bni\u0161k\u0105 gest\u0105 Trumpui sunku bus nustelbti<\/a>&nbsp;&nbsp;Delfi<\/li>\n<li><a href=\"https:\/\/news.google.com\/rss\/articles\/CBMiwgFBVV95cUxQSkRWbHZpcW5CenA0RUZCSnNidUVhX3hmMzhKV1lTUE81aGxjYVF6RDh0cmRUYzhVektoUHRWanRHaFk1SHZLTFZ3RTBaeFBNQUROSkhueVM4Z2kxaFB4N1ltdGx6WnpwYWpQS3p5ZXNhS0trQTFLTFpKcFE3VERnNjJJeEZMa0V2dnAzdzB1YUcwM3RPZ2hRQTFUeUxodnlWUExVZTlGZHhGSFVkMWZIakdhbERBVUVhNzlvc29oV1hIdw?oc=5\" target=\"_blank\" rel=\"nofollow noopener\">Ar Trumpui priz\u0105 skyrusi FIFA pa\u017eeid\u0117 savo pa\u010dios taisykles?<\/a>&nbsp;&nbsp;15min.lt<\/li>\n<li><a href=\"https:\/\/news.google.com\/rss\/articles\/CBMinAFBVV95cUxPZ2JFUVlwbDc4dHczUHhVNkt6dlRKbklyQkNueWJBSXg0bTNzazA4NnJyS3dGN3Z3VnpGN0dxS1h4d2JzVmZzR1pSclNoUVQtaFRVNExsWVZBX2Jsb3FuR01IbkhfR0ZXdVVwcTRSY19RX3BrSXFDQTdxWWNDVThqNW00N3Z2bk44emkxUGh6ZHJwdlBKZ0R4TEw4eHQ?oc=5\" target=\"_blank\" rel=\"nofollow noopener\">Trumpas gavo pirm\u0105j\u012f FIFA \u012fsteigt\u0105 taikos priz\u0105<\/a>&nbsp;&nbsp;Delfi<\/li>\n<li><a href=\"https:\/\/news.google.com\/rss\/articles\/CBMizwFBVV95cUxPcTM0RTVHeEljcnNXYVpaYkpfVXJyNGdiY19lSkFWckd2UUhGX21vWFpjYWhyWjhVZHQ5ejhpblhZa2lmWTRwU05lMVJvbkR1dEE0VXBxOFA1SVRnWnBTZHF1dTUtM0thN3hhZUpmaWtRN3A2RXNNUnRCdmNsQkxPZ3kzTW1xd29DeVNmenBJOHNxZFNHSXlVcFNkZHRZYlZ5eC1rYmE2OGpkWTJqM2FxMWMxcFFwTVNwOE1ZM3VpVEZldWc0SHcybTZvaTFkeTA?oc=5\" target=\"_blank\" rel=\"nofollow noopener\">\u017dmogaus teisi\u0173 gynimo grup\u0117: skirdama premij\u0105 Trumpui FIFA pa\u017eeid\u0117 neutralumo princip\u0105<\/a>&nbsp;&nbsp;LRT<\/li>\n<li><a href=\"https:\/\/news.google.com\/rss\/articles\/CBMivwFBVV95cUxNQnB1QVMyRXFJcWV3VjByaWQzV1YwcVA4cW9CQmtHVFBJdmhaVlBnMW5jVGQtZXdVdHF1NDNNaUFUUnQxTW0xaHppVnBLWmFrYk9mcjNzSXYzNnVFaWZxMXRLUlNYVU5fTmRhOG5XdS02R0JBRUJpQVVTOFhWQzJmYlNSYUV1Mzd4ZEM1cm1BdnVpY3A4Ty0zM2p1RTNMU0poeDZ5VHFna0x0RXdVeS1ZWWdTLTVtcVVJTkdNcmtUZw?oc=5\" target=\"_blank\" rel=\"nofollow noopener\">Donaldas Trumpas peln\u0117 nauj\u0105j\u012f FIFA taikos priz\u0105<\/a>&nbsp;&nbsp;Kauno diena<\/li>\n<\/ol>\n","protected":false},"excerpt":{"rendered":"Pataik\u016bni\u0161k\u0105 gest\u0105 Trumpui sunku bus nustelbti&nbsp;&nbsp;Delfi Ar Trumpui priz\u0105 skyrusi FIFA pa\u017eeid\u0117 savo pa\u010dios taisykles?&nbsp;&nbsp;15min.lt Trumpas gavo pirm\u0105j\u012f&hellip;\n","protected":false},"author":2,"featured_media":60558,"comment_status":"","ping_status":"","sticky":false,"template":"","format":"standard","meta":{"footnotes":""},"categories":[19],"tags":[194,4334,14273,37,39,36,38,40,47,104],"class_list":{"0":"post-60557","1":"post","2":"type-post","3":"status-publish","4":"format-standard","5":"has-post-thumbnail","7":"category-sportas","8":"tag-donaldas-trumpas","9":"tag-fifa","10":"tag-gianni-infantino","11":"tag-lietuva","12":"tag-lietuviu","13":"tag-lithuania","14":"tag-lithuanian","15":"tag-lt","16":"tag-sportas","17":"tag-sports"},"share_on_mastodon":{"url":"https:\/\/pubeurope.com\/@lt\/115708452068403810","error":""},"_links":{"self":[{"href":"https:\/\/www.europesays.com\/lt\/wp-json\/wp\/v2\/posts\/60557","targetHints":{"allow":["GET"]}}],"collection":[{"href":"https:\/\/www.europesays.com\/lt\/wp-json\/wp\/v2\/posts"}],"about":[{"href":"https:\/\/www.europesays.com\/lt\/wp-json\/wp\/v2\/types\/post"}],"author":[{"embeddable":true,"href":"https:\/\/www.europesays.com\/lt\/wp-json\/wp\/v2\/users\/2"}],"replies":[{"embeddable":true,"href":"https:\/\/www.europesays.com\/lt\/wp-json\/wp\/v2\/comments?post=60557"}],"version-history":[{"count":0,"href":"https:\/\/www.europesays.com\/lt\/wp-json\/wp\/v2\/posts\/60557\/revisions"}],"wp:featuredmedia":[{"embeddable":true,"href":"https:\/\/www.europesays.com\/lt\/wp-json\/wp\/v2\/media\/60558"}],"wp:attachment":[{"href":"https:\/\/www.europesays.com\/lt\/wp-json\/wp\/v2\/media?parent=60557"}],"wp:term":[{"taxonomy":"category","embeddable":true,"href":"https:\/\/www.europesays.com\/lt\/wp-json\/wp\/v2\/categories?post=60557"},{"taxonomy":"post_tag","embeddable":true,"href":"https:\/\/www.europesays.com\/lt\/wp-json\/wp\/v2\/tags?post=60557"}],"curies":[{"name":"wp","href":"https:\/\/api.w.org\/{rel}","templated":true}]}}