{"id":60677,"date":"2025-12-13T04:16:09","date_gmt":"2025-12-13T04:16:09","guid":{"rendered":"https:\/\/www.europesays.com\/lt\/60677\/"},"modified":"2025-12-13T04:16:09","modified_gmt":"2025-12-13T04:16:09","slug":"ziemiski-orai-sugrizta-bet-sinoptikai-turi-prastu-ziniu","status":"publish","type":"post","link":"https:\/\/www.europesays.com\/lt\/60677\/","title":{"rendered":"\u017diemi\u0161ki orai sugr\u012f\u017eta, bet sinoptikai turi prast\u0173 \u017eini\u0173"},"content":{"rendered":"<p>Nakt\u012f i\u0161 \u0161e\u0161tadienio \u012f sekmadien\u012f per m\u016bs\u0173 \u0161alies teritorija ir toliau slinks \u0161iltasis atmosferos frontas kuris visoje Lietuvoje atne\u0161 <a rel=\"noopener nofollow\" target=\"_blank\" href=\"https:\/\/www.delfi.lt\/temos\/sniegas\" tag-id=\"39296391\">snieg\u0105<\/a>, \u0161lapdrib\u0105, pereinan\u010dius \u012f liet\u0173. Kai kur susidarys lijundra, plikledis bei r\u016bkas. V\u0117jas vidutinio stiprumo. Temperat\u016bra nakt\u012f nuo 3 laipsni\u0173 \u0161al\u010dio iki 2 laipsni\u0173 \u0161ilumos, kai kur \u0161ils iki 3\u20135 laipsni\u0173 auk\u0161\u010diau nulio.<\/p>\n<p>Sekmadienio dien\u0105 daug kur sulauksime nedideli\u0173 <a rel=\"noopener nofollow\" target=\"_blank\" href=\"https:\/\/www.delfi.lt\/temos\/krituliai\" tag-id=\"53919425\">krituli\u0173<\/a>, vyraus lietus. V\u0117jas p\u016bs vakarini\u0173 kryp\u010di\u0173, 7\u201312 m\/s, o paj\u016bryje v\u0117jo g\u016bsiai sieks iki 16 m\/s. Temperat\u016bra tarp 3\u20138 laipsni\u0173 \u0161ilumos, kai kuruose rytinuose rajonuose apie 0\u20132 laipsni\u0173 \u0161ilumos.<\/p>\n<p>Kit\u0105 savait\u0119 <a rel=\"noopener nofollow\" target=\"_blank\" href=\"https:\/\/www.delfi.lt\/temos\/orai\" tag-id=\"39131285\">orai<\/a> kiek keisis \u2013 prasid\u0117s su krituliais daug kur, vyraus lietus. V\u0117jas pirmadienio nakt\u012f paj\u016bryje i\u0161liks g\u016bsingas, iki 15\u201317 m\/s. Temperat\u016bra nakt\u012f 0\u20135 laipsniai \u0161ilumos, paj\u016bryje iki 7 \u0161ilumos, dien\u0105 rudeni\u0161ki 3\u20138 laipsniai.<\/p>\n","protected":false},"excerpt":{"rendered":"Nakt\u012f i\u0161 \u0161e\u0161tadienio \u012f sekmadien\u012f per m\u016bs\u0173 \u0161alies teritorija ir toliau slinks \u0161iltasis atmosferos frontas kuris visoje Lietuvoje&hellip;\n","protected":false},"author":2,"featured_media":60678,"comment_status":"","ping_status":"","sticky":false,"template":"","format":"standard","meta":{"footnotes":""},"categories":[13],"tags":[25,30,31,34,35,24,12584,32,33,37,39,36,38,40,23,22,260,28,29,5630,26,27],"class_list":{"0":"post-60677","1":"post","2":"type-post","3":"status-publish","4":"format-standard","5":"has-post-thumbnail","7":"category-lietuva","8":"tag-antrastes","9":"tag-breaking-news","10":"tag-breakingnews","11":"tag-featured-news","12":"tag-featurednews","13":"tag-headlines","14":"tag-krituliai","15":"tag-latest-news","16":"tag-latestnews","17":"tag-lietuva","18":"tag-lietuviu","19":"tag-lithuania","20":"tag-lithuanian","21":"tag-lt","22":"tag-naujienos","23":"tag-news","24":"tag-orai","25":"tag-populiariausios-naujienos","26":"tag-populiariausiosnaujienos","27":"tag-sniegas","28":"tag-top-stories","29":"tag-topstories"},"share_on_mastodon":{"url":"https:\/\/pubeurope.com\/@lt\/115710327710111712","error":""},"_links":{"self":[{"href":"https:\/\/www.europesays.com\/lt\/wp-json\/wp\/v2\/posts\/60677","targetHints":{"allow":["GET"]}}],"collection":[{"href":"https:\/\/www.europesays.com\/lt\/wp-json\/wp\/v2\/posts"}],"about":[{"href":"https:\/\/www.europesays.com\/lt\/wp-json\/wp\/v2\/types\/post"}],"author":[{"embeddable":true,"href":"https:\/\/www.europesays.com\/lt\/wp-json\/wp\/v2\/users\/2"}],"replies":[{"embeddable":true,"href":"https:\/\/www.europesays.com\/lt\/wp-json\/wp\/v2\/comments?post=60677"}],"version-history":[{"count":0,"href":"https:\/\/www.europesays.com\/lt\/wp-json\/wp\/v2\/posts\/60677\/revisions"}],"wp:featuredmedia":[{"embeddable":true,"href":"https:\/\/www.europesays.com\/lt\/wp-json\/wp\/v2\/media\/60678"}],"wp:attachment":[{"href":"https:\/\/www.europesays.com\/lt\/wp-json\/wp\/v2\/media?parent=60677"}],"wp:term":[{"taxonomy":"category","embeddable":true,"href":"https:\/\/www.europesays.com\/lt\/wp-json\/wp\/v2\/categories?post=60677"},{"taxonomy":"post_tag","embeddable":true,"href":"https:\/\/www.europesays.com\/lt\/wp-json\/wp\/v2\/tags?post=60677"}],"curies":[{"name":"wp","href":"https:\/\/api.w.org\/{rel}","templated":true}]}}