{"id":61021,"date":"2025-12-13T14:29:11","date_gmt":"2025-12-13T14:29:11","guid":{"rendered":"https:\/\/www.europesays.com\/lt\/61021\/"},"modified":"2025-12-13T14:29:11","modified_gmt":"2025-12-13T14:29:11","slug":"krize-real-klube-nesurenka-vienuolikos-zaisti-galinciu-pirmos-komandos-zaideju","status":"publish","type":"post","link":"https:\/\/www.europesays.com\/lt\/61021\/","title":{"rendered":"Kriz\u0117 \u201eReal\u201c klube: nesurenka vienuolikos \u017eaisti galin\u010di\u0173 pirmos komandos \u017eaid\u0117j\u0173"},"content":{"rendered":"<p>Madrido \u201eReal\u201c sekmadienio i\u0161vyk\u0105 \u012f \u201eAlaves\u201c tvirtov\u0119 bei laukian\u010dias rungtynes pasitinka prakti\u0161kai be pus\u0117s komandos \u2013 Xabi Alonso dispozicijoje gali likti vos de\u0161imt sveik\u0173 aik\u0161t\u0117s \u017eaid\u0117j\u0173.<\/p>\n<p>Skelbiama, kad d\u0117l traum\u0173 ir diskvalifikacij\u0173 i\u0161krit\u0119 net 11 pagrindin\u0117s sud\u0117ties futbolinink\u0173, o situacija gynyboje \u2013 itin prasta.<\/p>\n<p>Did\u017eiausias sm\u016bgis \u2013 gynybos linijoje. I\u0161 de\u0161imties pirmos komandos gyn\u0117j\u0173 rungtyn\u0117ms visi\u0161kai pasiruo\u0161\u0119s tik Raulis Asencio \u2013 vienintelis \u017eaisti galintis savo pozicijos \u017eaid\u0117jas \u201eReal\u201c gretose. Deanas Huijsenas treniruot\u0117se gr\u012f\u017eo \u012f bendr\u0105 grup\u0119, ta\u010diau jo forma ir pasirengimas dar kelia abejoni\u0173, tod\u0117l iki galo n\u0117ra ai\u0161ku, ar jis bus pasiruo\u0161\u0119s startui Vitorijoje.<\/p>\n<p>Visi kiti gynybos grandies \u017eaid\u0117jai \u2013 u\u017e borto. Antonio Rudigeris, Dani Carvajalis, Trentas Alexanderis-Arnoldas, Ferlandas Mendy, Davidas Alaba ir Ederis Militao t\u0119sia reabilitacij\u0105 po traum\u0173, o Franas Garcia ir Alvaro Carrerasas prival\u0117s praleisti ma\u010d\u0105 d\u0117l diskvalifikacij\u0173 po raudon\u0173 korteli\u0173 rungtyn\u0117se su \u201eCelta\u201c. Prie to prisideda ir Endricko diskvalifikacija, taip pat kyla klausim\u0173 d\u0117l Kyliano Mbappe, kuris vis dar jau\u010dia raumen\u0173 nuovarg\u012f ir gali b\u016bti paliktas ant suolo siekiant i\u0161vengti rizikos situacijos pablog\u0117jimui.<\/p>\n<p>Tokioje situacijoje X. Alonso grei\u010diausiai bus priverstas improvizuoti: Fede Valverde numatomas \u017eaisti de\u0161in\u0117je gynybos pus\u0117je, R. Asencio \u2013 viduryje, o kairiajame kra\u0161te gali debiutuoti vienas i\u0161 \u201eCastilla\u201c gyn\u0117j\u0173, toki\u0173 kaip Diego Aguado ar Manu Serrano.  <\/p>\n<p>\u00a0<\/p>\n","protected":false},"excerpt":{"rendered":"Madrido \u201eReal\u201c sekmadienio i\u0161vyk\u0105 \u012f \u201eAlaves\u201c tvirtov\u0119 bei laukian\u010dias rungtynes pasitinka prakti\u0161kai be pus\u0117s komandos \u2013 Xabi Alonso&hellip;\n","protected":false},"author":2,"featured_media":61022,"comment_status":"","ping_status":"","sticky":false,"template":"","format":"standard","meta":{"footnotes":""},"categories":[19],"tags":[57,43,55,48,54,51,49,50,37,39,36,38,40,45,23,44,53,42,56,47,112,104,46,58,52],"class_list":{"0":"post-61021","1":"post","2":"type-post","3":"status-publish","4":"format-standard","5":"has-post-thumbnail","7":"category-sportas","8":"tag-daiktai","9":"tag-dienos-kronika","10":"tag-gatves-tekstai","11":"tag-gyvenimas","12":"tag-interneto-pievos","13":"tag-keliones","14":"tag-kultura","15":"tag-laisvalaikis","16":"tag-lietuva","17":"tag-lietuviu","18":"tag-lithuania","19":"tag-lithuanian","20":"tag-lt","21":"tag-mokslas-ir-it","22":"tag-naujienos","23":"tag-pasaulis","24":"tag-projektai","25":"tag-rinktiniai-tekstai","26":"tag-simtmecio-portalas","27":"tag-sportas","28":"tag-sportas-lt","29":"tag-sports","30":"tag-verslas","31":"tag-video","32":"tag-zaidimai"},"share_on_mastodon":{"url":"https:\/\/pubeurope.com\/@lt\/115712738263190369","error":""},"_links":{"self":[{"href":"https:\/\/www.europesays.com\/lt\/wp-json\/wp\/v2\/posts\/61021","targetHints":{"allow":["GET"]}}],"collection":[{"href":"https:\/\/www.europesays.com\/lt\/wp-json\/wp\/v2\/posts"}],"about":[{"href":"https:\/\/www.europesays.com\/lt\/wp-json\/wp\/v2\/types\/post"}],"author":[{"embeddable":true,"href":"https:\/\/www.europesays.com\/lt\/wp-json\/wp\/v2\/users\/2"}],"replies":[{"embeddable":true,"href":"https:\/\/www.europesays.com\/lt\/wp-json\/wp\/v2\/comments?post=61021"}],"version-history":[{"count":0,"href":"https:\/\/www.europesays.com\/lt\/wp-json\/wp\/v2\/posts\/61021\/revisions"}],"wp:featuredmedia":[{"embeddable":true,"href":"https:\/\/www.europesays.com\/lt\/wp-json\/wp\/v2\/media\/61022"}],"wp:attachment":[{"href":"https:\/\/www.europesays.com\/lt\/wp-json\/wp\/v2\/media?parent=61021"}],"wp:term":[{"taxonomy":"category","embeddable":true,"href":"https:\/\/www.europesays.com\/lt\/wp-json\/wp\/v2\/categories?post=61021"},{"taxonomy":"post_tag","embeddable":true,"href":"https:\/\/www.europesays.com\/lt\/wp-json\/wp\/v2\/tags?post=61021"}],"curies":[{"name":"wp","href":"https:\/\/api.w.org\/{rel}","templated":true}]}}