{"id":61025,"date":"2025-12-13T14:32:08","date_gmt":"2025-12-13T14:32:08","guid":{"rendered":"https:\/\/www.europesays.com\/lt\/61025\/"},"modified":"2025-12-13T14:32:08","modified_gmt":"2025-12-13T14:32:08","slug":"teisesauga-del-ausrieciu-lyderio-pasisakymu-apie-aruna-geluna-tiria-ir-itariama-smeizta","status":"publish","type":"post","link":"https:\/\/www.europesays.com\/lt\/61025\/","title":{"rendered":"Teis\u0117sauga d\u0117l \u201eau\u0161rie\u010di\u0173\u201c lyderio pasisakym\u0173 apie Ar\u016bn\u0105 Gel\u016bn\u0105 tiria ir \u012ftariam\u0105 \u0161mei\u017et\u0105"},"content":{"rendered":"<p>Kaip BNS pra\u0117jusi\u0105 savait\u0119 nurod\u0117 Generalin\u0117s prokurat\u016bros atstov\u0117 Gintar\u0117 Vitkauskait\u0117-\u0160atkauskien\u0117, ikiteisminis tyrimas t\u0119siamas d\u0117l \u0161mei\u017eimo bei kurstymo prie\u0161 bet kokios tautos, ras\u0117s, etnin\u0119, religin\u0119 ar kitoki\u0105 \u017emoni\u0173 grup\u0119.<\/p>\n<p>\u201eAtliekami suplanuoti tyrimo veiksmai, renkami tyrimui reik\u0161mingi duomenys\u201c, \u2013 pa\u017eym\u0117jo prokurat\u016bros atstov\u0117.<\/p>\n<p>Jos duomenimis, tyrime nukent\u0117jusiuoju yra pripa\u017eintas Lietuvos nacionalinio dail\u0117s muziejaus (LNMD) generalinis direktorius A. Gel\u016bnas. \u012etarimai \u0161iuo metu niekam n\u0117ra pareik\u0161ti.<\/p>\n<p>\u201eSiekiant nepakenkti atliekamam ikiteisminiam tyrimui, detalesn\u0117 informacija \u0161iuo metu nevie\u0161inama\u201c, \u2013 prid\u016br\u0117 G. Vitkauskait\u0117-\u0160atkauskien\u0117.<\/p>\n<p>Kaip ra\u0161\u0117 BNS, Vilniaus apskrities policija d\u0117l R. \u017demaitai\u010dio pasisakym\u0173 apie A. Gel\u016bn\u0105 ikiteismin\u012f tyrim\u0105 prad\u0117jo spalio pirmoje pus\u0117je. Tuomet skelbta, kad tiriamas \u012ftariamas neapykantos kurstymas.<\/p>\n<p>Tyrimas prad\u0117tas po to, kai \u201eau\u0161rie\u010di\u0173\u201c vedlys socialiniame tinkle \u201eFacebook\u201c parei\u0161k\u0117, jog A. Gel\u016bnas yra \u201eprad\u0117t\u0173 perversm\u0173 valstyb\u0117je organizatorius \u2013 nuteistos partijos narys\u201c ir spekuliavo tariama \u017eydi\u0161ka LNDM vadovo kilme.<\/p>\n<p>Taip politikas reagavo \u012f \u017eini\u0105, kad kult\u016brinink\u0173 protest\u0173 prad\u017eioje A. Gel\u016bnas susistabd\u0117 naryst\u0119 opoziciniame Liberal\u0173 s\u0105j\u016bdyje. Pats \u201eNemuno au\u0161ros\u201c pirmininkas teig\u0117, kad jo \u012fra\u0161as nesusij\u0119s su \u017eydais.<\/p>\n<p>\u0160i R. \u017demaitai\u010dio \u017einut\u0117 sulauk\u0117 prezidento, Seimo pirmininko, premjer\u0117s, valdan\u010di\u0173j\u0173 socialdemokrat\u0173 ir parlamento opozicijos pasmerkimo d\u0117l antisemitizmo, neapykantos kurstymo.<\/p>\n<p>Po \u201eau\u0161rie\u010di\u0173\u201c lyderio pasisakym\u0173 prezidentas prane\u0161\u0117 netvirtinsi\u0105s n\u0117 vieno \u201eau\u0161rie\u010di\u0173\u201c pasi\u016blyto kandidato kult\u016bros ministru, o socialdemokratai nusprend\u0117 perimti \u0161i\u0105 ministerij\u0105 i\u0161 \u201eNemuno au\u0161ros\u201c.<\/p>\n<p>Prie poky\u010di\u0173 ministerijoje prisid\u0117jo Kult\u016bros asambl\u0117jos surengti protestai, A. Gel\u016bnas buvo vienu j\u0173 lyderi\u0173. Galop lapkri\u010dio pirmoje pus\u0117je prezidentas kult\u016bros ministre paskyr\u0117 socdem\u0119 Vaid\u0105 Aleknavi\u010dien\u0119.<\/p>\n","protected":false},"excerpt":{"rendered":"Kaip BNS pra\u0117jusi\u0105 savait\u0119 nurod\u0117 Generalin\u0117s prokurat\u016bros atstov\u0117 Gintar\u0117 Vitkauskait\u0117-\u0160atkauskien\u0117, ikiteisminis tyrimas t\u0119siamas d\u0117l \u0161mei\u017eimo bei kurstymo prie\u0161&hellip;\n","protected":false},"author":2,"featured_media":61026,"comment_status":"","ping_status":"","sticky":false,"template":"","format":"standard","meta":{"footnotes":""},"categories":[13],"tags":[25,30,31,34,35,24,32,33,37,39,36,38,40,23,22,28,29,26,27],"class_list":{"0":"post-61025","1":"post","2":"type-post","3":"status-publish","4":"format-standard","5":"has-post-thumbnail","7":"category-lietuva","8":"tag-antrastes","9":"tag-breaking-news","10":"tag-breakingnews","11":"tag-featured-news","12":"tag-featurednews","13":"tag-headlines","14":"tag-latest-news","15":"tag-latestnews","16":"tag-lietuva","17":"tag-lietuviu","18":"tag-lithuania","19":"tag-lithuanian","20":"tag-lt","21":"tag-naujienos","22":"tag-news","23":"tag-populiariausios-naujienos","24":"tag-populiariausiosnaujienos","25":"tag-top-stories","26":"tag-topstories"},"share_on_mastodon":{"url":"https:\/\/pubeurope.com\/@lt\/115712749941927280","error":""},"_links":{"self":[{"href":"https:\/\/www.europesays.com\/lt\/wp-json\/wp\/v2\/posts\/61025","targetHints":{"allow":["GET"]}}],"collection":[{"href":"https:\/\/www.europesays.com\/lt\/wp-json\/wp\/v2\/posts"}],"about":[{"href":"https:\/\/www.europesays.com\/lt\/wp-json\/wp\/v2\/types\/post"}],"author":[{"embeddable":true,"href":"https:\/\/www.europesays.com\/lt\/wp-json\/wp\/v2\/users\/2"}],"replies":[{"embeddable":true,"href":"https:\/\/www.europesays.com\/lt\/wp-json\/wp\/v2\/comments?post=61025"}],"version-history":[{"count":0,"href":"https:\/\/www.europesays.com\/lt\/wp-json\/wp\/v2\/posts\/61025\/revisions"}],"wp:featuredmedia":[{"embeddable":true,"href":"https:\/\/www.europesays.com\/lt\/wp-json\/wp\/v2\/media\/61026"}],"wp:attachment":[{"href":"https:\/\/www.europesays.com\/lt\/wp-json\/wp\/v2\/media?parent=61025"}],"wp:term":[{"taxonomy":"category","embeddable":true,"href":"https:\/\/www.europesays.com\/lt\/wp-json\/wp\/v2\/categories?post=61025"},{"taxonomy":"post_tag","embeddable":true,"href":"https:\/\/www.europesays.com\/lt\/wp-json\/wp\/v2\/tags?post=61025"}],"curies":[{"name":"wp","href":"https:\/\/api.w.org\/{rel}","templated":true}]}}