{"id":61027,"date":"2025-12-13T14:35:07","date_gmt":"2025-12-13T14:35:07","guid":{"rendered":"https:\/\/www.europesays.com\/lt\/61027\/"},"modified":"2025-12-13T14:35:07","modified_gmt":"2025-12-13T14:35:07","slug":"kylianas-mbappe-ipareigotas-sumoketi-bauda-psg-klubui","status":"publish","type":"post","link":"https:\/\/www.europesays.com\/lt\/61027\/","title":{"rendered":"Kylianas Mbappe \u012fpareigotas sumok\u0117ti baud\u0105 PSG klubui"},"content":{"rendered":"<p>Kylianas Mbappe pralaim\u0117jo dar vien\u0105 etap\u0105 teisin\u0117je kovoje su buvusiu klubu \u2013 Pary\u017eiaus \u201eSaint-Germain\u201c. Pastarieji laim\u0117jo byl\u0105 d\u0117l \u017eaid\u0117jo skundo, o teismas nurod\u0117 puol\u0117jui sumok\u0117ti 3000 eur\u0173 PSG naudai.<\/p>\n<p>Pary\u017eiaus apeliacinis teismas atmet\u0117 K. Mbappe apeliacij\u0105 d\u0117l anks\u010diau priimto sprendimo, susijusio su are\u0161tuotomis PSG s\u0105skaitomis, kurias \u017eaid\u0117jo teisininkai buvo band\u0119 u\u017eblokuoti gin\u010de d\u0117l nei\u0161mok\u0117t\u0173 atlyginim\u0173 ir premij\u0173. Teismas ne tik paliko galioti sprendim\u0105 panaikinti s\u0105skait\u0173 are\u0161t\u0105, bet ir \u012fpareigojo K. Mbappe padengti bylin\u0117jimosi i\u0161laidas bei sumok\u0117ti klubui 3000 eur\u0173 d\u0117l piktnaud\u017eiavimo procesu.<\/p>\n<p>\u0160i suma \u2013 smulkmena lyginant su bendru gin\u010do mastu: K. Mbappe teisin\u0117 komanda i\u0161 PSG reikalauja apie 263 mln. eur\u0173 u\u017e, j\u0173 teigimu, nesumok\u0117tas algas, premijas, i\u0161eitin\u0119 ir moralin\u0119 \u017eal\u0105, o PSG savo ruo\u017etu pateik\u0117 atsakomuosius ie\u0161kinius, kuri\u0173 vert\u0117 siekia apie 440 mln. eur\u0173 u\u017e tariam\u0105 sutarties pa\u017eeidim\u0105 ir \u017ealos klubui padarym\u0105. Visgi simbolin\u0117 3000 eur\u0173 bauda teisi\u0161kai pa\u017eymi, kad teismas \u017eaid\u0117jo paskutin\u012f bandym\u0105 laik\u0117 nepagr\u012fstu.<\/p>\n<p>\u201eReal\u201c \u017evaig\u017ed\u0117s ir PSG konfliktas t\u0119siasi keliais frontais \u2013 nuo u\u017e\u0161aldyt\u0173 55 mln. eur\u0173 atlyginim\u0173 ir premij\u0173 iki gin\u010do d\u0117l d\u017eentelmeni\u0161ko susitarimo, kuriuo klubas remiasi, o K. Mbappe pus\u0117 apskritai neigia jo egzistavim\u0105. Dabartinis teismo sprendimas \u2013 nedidel\u0117, bet ai\u0161ki pergal\u0117 PSG pus\u0117je, kol did\u017eioji byla d\u0117l \u0161imt\u0173 milijon\u0173 dar tik art\u0117ja link esmini\u0173 verdikt\u0173. <\/p>\n<p>\u00a0<\/p>\n","protected":false},"excerpt":{"rendered":"Kylianas Mbappe pralaim\u0117jo dar vien\u0105 etap\u0105 teisin\u0117je kovoje su buvusiu klubu \u2013 Pary\u017eiaus \u201eSaint-Germain\u201c. Pastarieji laim\u0117jo byl\u0105 d\u0117l&hellip;\n","protected":false},"author":2,"featured_media":61028,"comment_status":"","ping_status":"","sticky":false,"template":"","format":"standard","meta":{"footnotes":""},"categories":[19],"tags":[57,43,55,48,54,51,49,50,37,39,36,38,40,45,23,44,53,42,56,47,112,104,46,58,52],"class_list":{"0":"post-61027","1":"post","2":"type-post","3":"status-publish","4":"format-standard","5":"has-post-thumbnail","7":"category-sportas","8":"tag-daiktai","9":"tag-dienos-kronika","10":"tag-gatves-tekstai","11":"tag-gyvenimas","12":"tag-interneto-pievos","13":"tag-keliones","14":"tag-kultura","15":"tag-laisvalaikis","16":"tag-lietuva","17":"tag-lietuviu","18":"tag-lithuania","19":"tag-lithuanian","20":"tag-lt","21":"tag-mokslas-ir-it","22":"tag-naujienos","23":"tag-pasaulis","24":"tag-projektai","25":"tag-rinktiniai-tekstai","26":"tag-simtmecio-portalas","27":"tag-sportas","28":"tag-sportas-lt","29":"tag-sports","30":"tag-verslas","31":"tag-video","32":"tag-zaidimai"},"share_on_mastodon":{"url":"https:\/\/pubeurope.com\/@lt\/115712761779635476","error":""},"_links":{"self":[{"href":"https:\/\/www.europesays.com\/lt\/wp-json\/wp\/v2\/posts\/61027","targetHints":{"allow":["GET"]}}],"collection":[{"href":"https:\/\/www.europesays.com\/lt\/wp-json\/wp\/v2\/posts"}],"about":[{"href":"https:\/\/www.europesays.com\/lt\/wp-json\/wp\/v2\/types\/post"}],"author":[{"embeddable":true,"href":"https:\/\/www.europesays.com\/lt\/wp-json\/wp\/v2\/users\/2"}],"replies":[{"embeddable":true,"href":"https:\/\/www.europesays.com\/lt\/wp-json\/wp\/v2\/comments?post=61027"}],"version-history":[{"count":0,"href":"https:\/\/www.europesays.com\/lt\/wp-json\/wp\/v2\/posts\/61027\/revisions"}],"wp:featuredmedia":[{"embeddable":true,"href":"https:\/\/www.europesays.com\/lt\/wp-json\/wp\/v2\/media\/61028"}],"wp:attachment":[{"href":"https:\/\/www.europesays.com\/lt\/wp-json\/wp\/v2\/media?parent=61027"}],"wp:term":[{"taxonomy":"category","embeddable":true,"href":"https:\/\/www.europesays.com\/lt\/wp-json\/wp\/v2\/categories?post=61027"},{"taxonomy":"post_tag","embeddable":true,"href":"https:\/\/www.europesays.com\/lt\/wp-json\/wp\/v2\/tags?post=61027"}],"curies":[{"name":"wp","href":"https:\/\/api.w.org\/{rel}","templated":true}]}}