{"id":61051,"date":"2025-12-13T15:05:09","date_gmt":"2025-12-13T15:05:09","guid":{"rendered":"https:\/\/www.europesays.com\/lt\/61051\/"},"modified":"2025-12-13T15:05:09","modified_gmt":"2025-12-13T15:05:09","slug":"grozio-konkursas-suomei-baigesi-liudnai-po-skandalingu-pareiskimu-atimtas-titulas-vardai","status":"publish","type":"post","link":"https:\/\/www.europesays.com\/lt\/61051\/","title":{"rendered":"Gro\u017eio konkursas suomei baig\u0117si li\u016bdnai: po skandaling\u0173 parei\u0161kim\u0173 atimtas titulas | Vardai"},"content":{"rendered":"<p>Gruod\u017eio 11 d., ketvirtadien\u012f, organizacija \u201eMis Suomija\u201c paskelb\u0117 parei\u0161kim\u0105, kuriame atskleid\u0117 prie\u0161 Dzafce taikytas drausmines priemones.<\/p>\n<p>\u0160is prane\u0161imas, kuris buvo paskelbtas konkurso \u201eInstagram\u201c paskyroje, buvo paskelbtas po keleto kit\u0173 oficiali\u0173 prane\u0161im\u0173 apie pla\u010diai paplitusi\u0105 nuotrauk\u0105, kurioje gro\u017eio karalien\u0117 rodo rasistin\u012f gest\u0105, ra\u0161o people.com.<\/p>\n<p> <a href=\"https:\/\/s1.15min.lt\/images\/photos\/2025\/12\/13\/original\/screenshot-2025-12-13-134633-693d527b60175.jpg\" rel=\"content-image nofollow noopener\" title=\"\u201eInstagram\u201c nuotr.\/ Sarah Dzafce\" target=\"_blank\"><img decoding=\"async\" alt=\"\u201eInstagram\u201c nuotr.\/ Sarah Dzafce\" rel=\"content-image\" src=\"https:\/\/www.europesays.com\/lt\/wp-content\/uploads\/2025\/12\/screenshot-2025-12-13-134633-693d527b60175.jpg\" style=\"width: auto; height: auto;\"\/><\/a> <\/p>\n<p>\u201eInstagram\u201c nuotr.\/ Sarah Dzafce<\/p>\n<p>\u201eNuo \u0161iandien atimamas Sarah Dzafce \u201eMis Suomijos\u201c titulas. \u0160is sprendimas susij\u0119s ne su asmens \u017emogi\u0161kosiomis vertyb\u0117mis, o su atsakomybe. Kai asmuo atlieka nacionalinio ir tarptautinio atstovo vaidmen\u012f, veiksmai ir atsakomyb\u0117 yra neatsiejami\u201c, \u2013 teigiama konkurso parei\u0161kime.<\/p>\n<p>Kelet\u0105 dien\u0173 anks\u010diau organizacija bendradarbiavo su Dzafce, kad Instagram paskelbt\u0173 oficial\u0173 atsipra\u0161ym\u0105.<\/p>\n<p>\u201eA\u0161 puikiai suprantu, kad mano veiksmai suk\u0117l\u0117 nepasitenkinim\u0105 daugeliui \u017emoni\u0173, ir labai d\u0117l to gailiuosi\u201c, \u2013 ra\u0161\u0117 ji savo asmeniniame prane\u0161ime, paskelbtame pirmadien\u012f, gruod\u017eio 8 d.<\/p>\n<p>\u201eYpa\u010d noriu atsipra\u0161yti t\u0173, kuriuos \u0161i situacija paveik\u0117 asmeni\u0161kai. Tai nebuvo mano ketinimas.\u201c<\/p>\n<p>Ji atskleid\u0117, kad nuo \u0161iol atsakingiau \u017ei\u016br\u0117s \u012f \u201eMis Suomijos\u201c kar\u016bn\u0105 ir su ja susijusias pareigas \u201ed\u0117l to, kad jos elgesys, \u017eod\u017eiai ir veiksmai gali rimtai paveikti \u017emones\u201c. Taip ra\u0161\u0117 Dzafce, kuri pra\u0117jus\u012f m\u0117nes\u012f Tailande atstovavo savo \u0161aliai tarptautiniame konkurse, kur \u201eMis Visatos\u201c organizacija lapkri\u010dio 21 d. kar\u016bnuoja nauj\u0105 nugal\u0117toj\u0105.<\/p>\n<p> <a href=\"https:\/\/s1.15min.lt\/images\/photos\/2025\/12\/13\/original\/screenshot-2025-12-13-134232-693d527864c7c.jpg\" rel=\"content-image nofollow noopener\" title=\"\u201eInstagram\u201c nuotr.\/ Sarah Dzafce\" target=\"_blank\"><img decoding=\"async\" alt=\"\u201eInstagram\u201c nuotr.\/ Sarah Dzafce\" rel=\"content-image\" src=\"https:\/\/www.europesays.com\/lt\/wp-content\/uploads\/2025\/12\/screenshot-2025-12-13-134232-693d527864c7c.jpg\" style=\"width: auto; height: auto;\"\/><\/a> <\/p>\n<p>\u201eInstagram\u201c nuotr.\/ Sarah Dzafce<\/p>\n<p>\u201e\u017dinau, kad man dar reikia daug tobul\u0117ti. Vienas i\u0161 svarbiausi\u0173 dalyk\u0173 man yra pagarba \u017emon\u0117ms, j\u0173 kilmei ir skirtumams. Man svarbu, kad kiekvienas gal\u0117t\u0173 b\u016bti savimi ir b\u016bt\u0173 priimamas su pagarba\u201c, \u2013 sak\u0117 dabar jau buvusi titulo savinink\u0117.<\/p>\n<p>\u201eAteityje noriu savo veiksmais, o ne \u017eod\u017eiais parodyti, kokia \u201eMis Suomija\u201c esu, \u2013 baig\u0117 ji. \u2013 \u201eMis Suomija\u201c, kuri vienija, klausosi ir \u0161iltai sutinka \u017emones. Pasimokysiu i\u0161 \u0161io \u012fvykio ir pa\u017eadu tobul\u0117ti.\u201c<\/p>\n<p>\u201eMis Suomija\u201c ir toliau vis\u0105 savait\u0119 nebaig\u0117 \u0161ios temos, nenustodama dalintis prane\u0161imais, kuriuose atsipra\u0161in\u0117jo ir kartojo apie jai svarbias konkurso vertybes.<\/p>\n<p>\u201eMis Suomijos organizacija ai\u0161kiai ir nedviprasmi\u0161kai parei\u0161kia, kad mes nepripa\u017e\u012fstame jokios formos rasizmo ar diskriminacinio elgesio\u201c, \u2013 teigiama gruod\u017eio 10 d., tre\u010diadien\u012f, paskelbtame prane\u0161ime.<\/p>\n<p> <a href=\"https:\/\/s1.15min.lt\/images\/photos\/2025\/12\/13\/original\/screenshot-2025-12-13-134558-693d527a59b32.jpg\" rel=\"content-image nofollow noopener\" title=\"\u201eInstagram\u201c nuotr.\/ Sarah Dzafce\" target=\"_blank\"><img decoding=\"async\" alt=\"\u201eInstagram\u201c nuotr.\/ Sarah Dzafce\" rel=\"content-image\" src=\"https:\/\/www.europesays.com\/lt\/wp-content\/uploads\/2025\/12\/screenshot-2025-12-13-134558-693d527a59b32.jpg\" style=\"width: auto; height: auto;\"\/><\/a> <\/p>\n<p>\u201eInstagram\u201c nuotr.\/ Sarah Dzafce<\/p>\n<p>Nacionalin\u0117 organizacija taip pat paai\u0161kino, kad ketina surengti oficial\u0173 susitikim\u0105 su Dzafce, kuri tuo metu nebuvo Suomijoje, siekdama per\u017ei\u016br\u0117ti \u201evis\u0105 \u012fvyki\u0173 sek\u0105\u201c ir nuspr\u0119sti d\u0117l b\u016btin\u0173 tolesni\u0173 veiksm\u0173. Ketvirtadienio prane\u0161ime, patvirtinan\u010diame jos titulo at\u0117mim\u0105, pa\u017eym\u0117ta, kad gro\u017eio konkurso vadovyb\u0117 \u201elaukiama jos gr\u012f\u017eimo, kad gal\u0117t\u0173 \u012fvertinti situacij\u0105 asmeni\u0161kai\u201c.<\/p>\n<p>\u201ePastar\u0173j\u0173 dien\u0173 \u012fvykiai suk\u0117l\u0117 gil\u0173 skausm\u0105, nusivylim\u0105 ir susir\u016bpinim\u0105 tiek Suomijoje, tiek tarptautiniu mastu \u2013 tai visi\u0161kai suprantama\u201c, \u2013 teigiama naujausiame prane\u0161ime. \u201eGro\u017eio konkurso \u201eMis Suomija\u201c karalien\u0117s socialiniuose tinkluose paskelbtas turinys buvo \u012f\u017eeid\u017eiantis, \u017ealingas ir visi\u0161kai prie\u0161taravo \u201eMis Suomija\u201c konkurso vertyb\u0117ms.\u201c<\/p>\n<p>Toliau teigiama: \u201eMes labai apgailestaujame d\u0117l \u017ealos, kuri\u0105 suk\u0117l\u0117 \u0161ie \u012fvykiai. Ypa\u010d Azijos bendruomenei, bet taip pat ir visiems, kuriuos tai paliet\u0117. Rasizmas jokiu b\u016bdu n\u0117ra priimtinas.\u201c<\/p>\n","protected":false},"excerpt":{"rendered":"Gruod\u017eio 11 d., ketvirtadien\u012f, organizacija \u201eMis Suomija\u201c paskelb\u0117 parei\u0161kim\u0105, kuriame atskleid\u0117 prie\u0161 Dzafce taikytas drausmines priemones. \u0160is prane\u0161imas,&hellip;\n","protected":false},"author":2,"featured_media":61052,"comment_status":"","ping_status":"","sticky":false,"template":"","format":"standard","meta":{"footnotes":""},"categories":[21],"tags":[113,37,39,36,38,40,114],"class_list":{"0":"post-61051","1":"post","2":"type-post","3":"status-publish","4":"format-standard","5":"has-post-thumbnail","7":"category-pramogos","8":"tag-entertainment","9":"tag-lietuva","10":"tag-lietuviu","11":"tag-lithuania","12":"tag-lithuanian","13":"tag-lt","14":"tag-pramogos"},"share_on_mastodon":{"url":"https:\/\/pubeurope.com\/@lt\/115712879937035603","error":""},"_links":{"self":[{"href":"https:\/\/www.europesays.com\/lt\/wp-json\/wp\/v2\/posts\/61051","targetHints":{"allow":["GET"]}}],"collection":[{"href":"https:\/\/www.europesays.com\/lt\/wp-json\/wp\/v2\/posts"}],"about":[{"href":"https:\/\/www.europesays.com\/lt\/wp-json\/wp\/v2\/types\/post"}],"author":[{"embeddable":true,"href":"https:\/\/www.europesays.com\/lt\/wp-json\/wp\/v2\/users\/2"}],"replies":[{"embeddable":true,"href":"https:\/\/www.europesays.com\/lt\/wp-json\/wp\/v2\/comments?post=61051"}],"version-history":[{"count":0,"href":"https:\/\/www.europesays.com\/lt\/wp-json\/wp\/v2\/posts\/61051\/revisions"}],"wp:featuredmedia":[{"embeddable":true,"href":"https:\/\/www.europesays.com\/lt\/wp-json\/wp\/v2\/media\/61052"}],"wp:attachment":[{"href":"https:\/\/www.europesays.com\/lt\/wp-json\/wp\/v2\/media?parent=61051"}],"wp:term":[{"taxonomy":"category","embeddable":true,"href":"https:\/\/www.europesays.com\/lt\/wp-json\/wp\/v2\/categories?post=61051"},{"taxonomy":"post_tag","embeddable":true,"href":"https:\/\/www.europesays.com\/lt\/wp-json\/wp\/v2\/tags?post=61051"}],"curies":[{"name":"wp","href":"https:\/\/api.w.org\/{rel}","templated":true}]}}